{"id":2441,"date":"2024-06-17T15:44:27","date_gmt":"2024-06-17T18:44:27","guid":{"rendered":"https:\/\/volponadvocacia.com.br\/?p=2441"},"modified":"2024-06-20T16:38:08","modified_gmt":"2024-06-20T19:38:08","slug":"nova-era-na-correcao-do-fgts-supremo-tribunal-federal-garante-atualizacao-pelo-ipca","status":"publish","type":"post","link":"https:\/\/volponadvocacia.com.br\/index.php\/2024\/06\/17\/nova-era-na-correcao-do-fgts-supremo-tribunal-federal-garante-atualizacao-pelo-ipca\/","title":{"rendered":"Nova era na corre\u00e7\u00e3o do FGTS: Supremo Tribunal Federal garante atualiza\u00e7\u00e3o Pelo IPCA"},"content":{"rendered":"\t\t<div data-elementor-type=\"wp-post\" data-elementor-id=\"2441\" class=\"elementor elementor-2441\">\n\t\t\t\t\t\t<section class=\"elementor-section elementor-top-section elementor-element elementor-element-7b1a602 elementor-section-boxed elementor-section-height-default elementor-section-height-default wpr-particle-no wpr-jarallax-no wpr-parallax-no wpr-sticky-section-no wpr-equal-height-no\" data-id=\"7b1a602\" data-element_type=\"section\" data-e-type=\"section\">\n\t\t\t\t\t\t<div class=\"elementor-container elementor-column-gap-default\">\n\t\t\t\t\t<div class=\"elementor-column elementor-col-100 elementor-top-column elementor-element elementor-element-638a8e\" data-id=\"638a8e\" data-element_type=\"column\" data-e-type=\"column\">\n\t\t\t<div class=\"elementor-widget-wrap elementor-element-populated\">\n\t\t\t\t\t\t<div class=\"elementor-element elementor-element-71332b76 elementor-widget elementor-widget-text-editor\" data-id=\"71332b76\" data-element_type=\"widget\" data-e-type=\"widget\" data-widget_type=\"text-editor.default\">\n\t\t\t\t<div class=\"elementor-widget-container\">\n\t\t\t\t\t\t\t\t\t<em>Entenda a Consigna\u00e7\u00e3o em Pagamento Extrajudicial segundo o Novo C\u00f3digo de Processo Civil<\/em>\r\n\r\n&nbsp;\r\n\r\nEm nosso escrit\u00f3rio de advocacia, entendemos a import\u00e2ncia da consigna\u00e7\u00e3o em pagamento extrajudicial conforme o novo C\u00f3digo de Processo Civil. Esse procedimento especial, embora mantenha algumas similaridades com o procedimento comum, apresenta diferen\u00e7as significativas que devem ser compreendidas.\r\n\r\nA consigna\u00e7\u00e3o em pagamento extrajudicial \u00e9 uma op\u00e7\u00e3o para o devedor ou um terceiro depositarem a quantia devida em um estabelecimento banc\u00e1rio oficial ou privado, quando n\u00e3o h\u00e1 um estabelecimento oficial dispon\u00edvel na cidade. Esse procedimento pode ser utilizado para o pagamento de quantias em dinheiro, inclusive alugu\u00e9is e seus encargos.\r\n\r\nA comunica\u00e7\u00e3o do dep\u00f3sito ao credor \u00e9 realizada por meio de carta com aviso de recebimento, concedendo-lhe um prazo de 10 dias para manifestar sua recusa por escrito. O dep\u00f3sito deve ser feito no banco localizado no lugar do pagamento, e a comunica\u00e7\u00e3o e a recusa devem ser dirigidas ao pr\u00f3prio banco.\r\n\r\nAp\u00f3s o prazo de manifesta\u00e7\u00e3o de recusa, se o credor n\u00e3o se opuser ao pagamento, o devedor fica liberado da obriga\u00e7\u00e3o, e o comprovante de dep\u00f3sito serve como prova de quita\u00e7\u00e3o. O valor depositado fica \u00e0 disposi\u00e7\u00e3o do credor, que pode retir\u00e1-lo a qualquer momento.\r\n\r\nCaso o credor recuse o pagamento, o devedor tem um prazo de 1 m\u00eas para ingressar com a a\u00e7\u00e3o de consigna\u00e7\u00e3o judicial. \u00c9 importante ressaltar que esse prazo n\u00e3o \u00e9 decadencial ou prescricional, mas sim uma forma de preservar a efic\u00e1cia do dep\u00f3sito extrajudicial. Se a a\u00e7\u00e3o for proposta dentro do prazo, o devedor fica livre do valor depositado. Caso contr\u00e1rio, o valor poder\u00e1 ser levantado pelo devedor, e ele dever\u00e1 entrar com a a\u00e7\u00e3o de consigna\u00e7\u00e3o judicial.\r\n\r\n\u00c9 fundamental ingressar com a a\u00e7\u00e3o dentro do prazo estipulado, pois ap\u00f3s o vencimento desse prazo, o credor entrar\u00e1 em mora por n\u00e3o ter aceitado o pagamento. Nesse caso, os juros incidir\u00e3o apenas conforme as taxas banc\u00e1rias, e n\u00e3o conforme o contrato original. Se o devedor n\u00e3o ajuizar a a\u00e7\u00e3o dentro do prazo, ele pr\u00f3prio estar\u00e1 em mora, e os juros do contrato ser\u00e3o contados a partir da consigna\u00e7\u00e3o.\r\n\r\nEm nosso escrit\u00f3rio, estamos prontos para ajudar voc\u00ea a entender e conduzir corretamente o processo de consigna\u00e7\u00e3o em pagamento extrajudicial, proporcionando solu\u00e7\u00f5es eficientes para seus casos. Entre em contato conosco para mais informa\u00e7\u00f5es e orienta\u00e7\u00f5es sobre essa importante quest\u00e3o jur\u00eddica.\r\n\r\nFonte do artigo: <a href=\"https:\/\/jus.com.br\/artigos\/39212\/a-consignacao-em-pagamento-extrajudicial-de-acordo-com-o-novo-codigo-de-processo-civil\">A consigna\u00e7\u00e3o em pagamento extrajudicial de acordo com o novo C\u00f3digo de Processo Civil &#8211; Jus.com.br | Jus Navigandi<\/a>\t\t\t\t\t\t\t\t<\/div>\n\t\t\t\t<\/div>\n\t\t\t\t\t<\/div>\n\t\t<\/div>\n\t\t\t\t\t<\/div>\n\t\t<\/section>\n\t\t\t\t<section class=\"elementor-section elementor-top-section elementor-element elementor-element-57fc1488 elementor-section-height-min-height elementor-section-boxed elementor-section-height-default elementor-section-items-middle wpr-particle-no wpr-jarallax-no wpr-parallax-no wpr-sticky-section-no wpr-equal-height-no\" data-id=\"57fc1488\" data-element_type=\"section\" data-e-type=\"section\" data-settings=\"{&quot;background_background&quot;:&quot;classic&quot;,&quot;shape_divider_bottom&quot;:&quot;tilt&quot;}\">\n\t\t\t\t\t\t\t<div class=\"elementor-background-overlay\"><\/div>\n\t\t\t\t\t\t<div class=\"elementor-shape elementor-shape-bottom\" aria-hidden=\"true\" data-negative=\"false\">\n\t\t\t<svg xmlns=\"http:\/\/www.w3.org\/2000\/svg\" viewBox=\"0 0 1000 100\" preserveAspectRatio=\"none\">\n\t<path class=\"elementor-shape-fill\" d=\"M0,6V0h1000v100L0,6z\"\/>\n<\/svg>\t\t<\/div>\n\t\t\t\t\t<div class=\"elementor-container elementor-column-gap-default\">\n\t\t\t\t\t<div class=\"elementor-column elementor-col-100 elementor-top-column elementor-element elementor-element-4a22188f\" data-id=\"4a22188f\" data-element_type=\"column\" data-e-type=\"column\">\n\t\t\t<div class=\"elementor-widget-wrap elementor-element-populated\">\n\t\t\t\t\t\t<div class=\"elementor-element elementor-element-7a38d84d elementor-widget elementor-widget-heading\" data-id=\"7a38d84d\" data-element_type=\"widget\" data-e-type=\"widget\" data-widget_type=\"heading.default\">\n\t\t\t\t<div class=\"elementor-widget-container\">\n\t\t\t\t\t<h2 class=\"elementor-heading-title elementor-size-default\">Nova Era na Corre\u00e7\u00e3o do FGTS: Supremo Tribunal Federal Garante Atualiza\u00e7\u00e3o Pelo IPCA<\/h2>\t\t\t\t<\/div>\n\t\t\t\t<\/div>\n\t\t\t\t\t<\/div>\n\t\t<\/div>\n\t\t\t\t\t<\/div>\n\t\t<\/section>\n\t\t\t\t<section class=\"elementor-section elementor-top-section elementor-element elementor-element-b029dd5 elementor-section-boxed elementor-section-height-default elementor-section-height-default wpr-particle-no wpr-jarallax-no wpr-parallax-no wpr-sticky-section-no wpr-equal-height-no\" data-id=\"b029dd5\" data-element_type=\"section\" data-e-type=\"section\" data-settings=\"{&quot;background_background&quot;:&quot;classic&quot;}\">\n\t\t\t\t\t\t<div class=\"elementor-container elementor-column-gap-default\">\n\t\t\t\t\t<div class=\"elementor-column elementor-col-100 elementor-top-column elementor-element elementor-element-1988b03\" data-id=\"1988b03\" data-element_type=\"column\" data-e-type=\"column\">\n\t\t\t<div class=\"elementor-widget-wrap elementor-element-populated\">\n\t\t\t\t\t\t<div class=\"elementor-element elementor-element-04a607f elementor-widget__width-initial elementor-widget elementor-widget-text-editor\" data-id=\"04a607f\" data-element_type=\"widget\" data-e-type=\"widget\" data-widget_type=\"text-editor.default\">\n\t\t\t\t<div class=\"elementor-widget-container\">\n\t\t\t\t\t\t\t\t\t<p><br \/>Ap\u00f3s mais de uma d\u00e9cada, o Supremo Tribunal Federal (STF) finalizou na quarta-feira (12) o julgamento de uma a\u00e7\u00e3o que solicitava uma mudan\u00e7a no \u00edndice de corre\u00e7\u00e3o dos saldos das contas do Fundo de Garantia do Tempo de Servi\u00e7o (FGTS).<\/p><p>Pelo julgamento, as contas do Fundo de Garantia do Tempo de Servi\u00e7o (FGTS) n\u00e3o ser\u00e3o mais corrigidas apenas pela Taxa Referencial (TR), uma taxa praticamente nula. Com essa decis\u00e3o, as contas devem garantir uma corre\u00e7\u00e3o real de acordo com o \u00cdndice Nacional de Pre\u00e7os ao Consumidor Amplo (IPCA), o principal indicador de infla\u00e7\u00e3o do pa\u00eds.<\/p><p>Essa determina\u00e7\u00e3o se aplica aos novos dep\u00f3sitos feitos a partir da decis\u00e3o do Supremo e n\u00e3o retroativamente. Ap\u00f3s o julgamento, a assessoria de imprensa do STF explicou que a nova forma de corre\u00e7\u00e3o deve ser aplicada ao saldo atual das contas a partir da publica\u00e7\u00e3o da ata de julgamento, prevista para os pr\u00f3ximos dias.<\/p><p>Os ministros mantiveram o c\u00e1lculo atual, que inclui a corre\u00e7\u00e3o com juros de 3% ao ano, a adi\u00e7\u00e3o da distribui\u00e7\u00e3o de lucros do fundo, al\u00e9m da corre\u00e7\u00e3o pela TR, com o objetivo de assegurar a corre\u00e7\u00e3o pelo IPCA. No entanto, se o c\u00e1lculo atual n\u00e3o alcan\u00e7ar o IPCA, caber\u00e1 ao Conselho Curador do FGTS determinar a forma de compensa\u00e7\u00e3o. O \u00edndice acumulado nos \u00faltimos 12 meses \u00e9 de 3,90%.<\/p><p>Essa proposta de c\u00e1lculo foi apresentada ao STF pela Advocacia-Geral da Uni\u00e3o (AGU), \u00f3rg\u00e3o que representa o governo federal, ap\u00f3s um acordo com centrais sindicais durante o processo de tramita\u00e7\u00e3o.<\/p><p>A mudan\u00e7a reside na inclus\u00e3o da distribui\u00e7\u00e3o de resultados do fundo, que tem sido realizada anualmente desde 2017, como parte do rendimento do saldo do cotista, algo que n\u00e3o ocorria anteriormente.<\/p><p>Apenas quando a remunera\u00e7\u00e3o total anual &#8211; incluindo a distribui\u00e7\u00e3o de lucros &#8211; ficar aqu\u00e9m da varia\u00e7\u00e3o do IPCA \u00e9 que o Conselho Curador do FGTS ser\u00e1 encarregado de determinar um m\u00e9todo de compensa\u00e7\u00e3o para garantir a reposi\u00e7\u00e3o da infla\u00e7\u00e3o. <br \/>De acordo com dados da Caixa Econ\u00f4mica Federal, o agente operador do FGTS, a rentabilidade acumulada dos saldos do FGTS entre 2017 e 2022, considerando a distribui\u00e7\u00e3o de lucros, foi de 49,83% &#8211; superando os 44,11% do IPCA no mesmo per\u00edodo.<\/p><p>Fonte https:\/\/www.gazetadopovo.com.br\/economia\/correcao-do-fgts-tem-nova-regra-apos-decisao-do-stf-entenda-como-fica\/ Copyright \u00a9 2024, Gazeta do Povo. Todos os direitos reservados.<\/p>\t\t\t\t\t\t\t\t<\/div>\n\t\t\t\t<\/div>\n\t\t\t\t<div class=\"elementor-element elementor-element-5b84150 elementor-widget-divider--view-line elementor-widget elementor-widget-divider\" data-id=\"5b84150\" data-element_type=\"widget\" data-e-type=\"widget\" data-widget_type=\"divider.default\">\n\t\t\t\t<div class=\"elementor-widget-container\">\n\t\t\t\t\t\t\t<div class=\"elementor-divider\">\n\t\t\t<span class=\"elementor-divider-separator\">\n\t\t\t\t\t\t<\/span>\n\t\t<\/div>\n\t\t\t\t\t\t<\/div>\n\t\t\t\t<\/div>\n\t\t\t\t\t<\/div>\n\t\t<\/div>\n\t\t\t\t\t<\/div>\n\t\t<\/section>\n\t\t\t\t<section class=\"elementor-section elementor-top-section elementor-element elementor-element-32c7bb4 elementor-section-boxed elementor-section-height-default elementor-section-height-default wpr-particle-no wpr-jarallax-no wpr-parallax-no wpr-sticky-section-no wpr-equal-height-no\" data-id=\"32c7bb4\" data-element_type=\"section\" data-e-type=\"section\">\n\t\t\t\t\t\t<div class=\"elementor-container elementor-column-gap-default\">\n\t\t\t\t\t<div class=\"elementor-column elementor-col-33 elementor-top-column elementor-element elementor-element-c3e93fa\" data-id=\"c3e93fa\" data-element_type=\"column\" data-e-type=\"column\">\n\t\t\t<div class=\"elementor-widget-wrap elementor-element-populated\">\n\t\t\t\t\t\t<div class=\"elementor-element elementor-element-d3dcfbe elementor-widget elementor-widget-image\" data-id=\"d3dcfbe\" data-element_type=\"widget\" data-e-type=\"widget\" data-widget_type=\"image.default\">\n\t\t\t\t<div class=\"elementor-widget-container\">\n\t\t\t\t\t\t\t\t\t\t\t\t\t\t\t<img fetchpriority=\"high\" decoding=\"async\" width=\"300\" height=\"300\" src=\"https:\/\/volponadvocacia.com.br\/wp-content\/uploads\/2023\/12\/Foto-autor-5-300x300.png\" class=\"attachment-medium size-medium wp-image-2164\" alt=\"\" srcset=\"https:\/\/volponadvocacia.com.br\/wp-content\/uploads\/2023\/12\/Foto-autor-5-300x300.png 300w, https:\/\/volponadvocacia.com.br\/wp-content\/uploads\/2023\/12\/Foto-autor-5-150x150.png 150w, https:\/\/volponadvocacia.com.br\/wp-content\/uploads\/2023\/12\/Foto-autor-5.png 485w\" sizes=\"(max-width: 300px) 100vw, 300px\" \/>\t\t\t\t\t\t\t\t\t\t\t\t\t\t\t<\/div>\n\t\t\t\t<\/div>\n\t\t\t\t\t<\/div>\n\t\t<\/div>\n\t\t\t\t<div class=\"elementor-column elementor-col-66 elementor-top-column elementor-element elementor-element-c1fe517\" data-id=\"c1fe517\" data-element_type=\"column\" data-e-type=\"column\">\n\t\t\t<div class=\"elementor-widget-wrap elementor-element-populated\">\n\t\t\t\t\t\t<div class=\"elementor-element elementor-element-9c2d431 elementor-widget elementor-widget-spacer\" data-id=\"9c2d431\" data-element_type=\"widget\" data-e-type=\"widget\" data-widget_type=\"spacer.default\">\n\t\t\t\t<div class=\"elementor-widget-container\">\n\t\t\t\t\t\t\t<div class=\"elementor-spacer\">\n\t\t\t<div class=\"elementor-spacer-inner\"><\/div>\n\t\t<\/div>\n\t\t\t\t\t\t<\/div>\n\t\t\t\t<\/div>\n\t\t\t\t<div class=\"elementor-element elementor-element-ae16359 elementor-widget elementor-widget-text-editor\" data-id=\"ae16359\" data-element_type=\"widget\" data-e-type=\"widget\" data-widget_type=\"text-editor.default\">\n\t\t\t\t<div class=\"elementor-widget-container\">\n\t\t\t\t\t\t\t\t\t<p><span style=\"font-size: 14pt;\"><strong>Autora:<\/strong> Waleska Reis Belini<br \/>Advogado Especialista em Direito do trabalho\u00a0<br \/><\/span><\/p><p><span style=\"font-size: 14pt;\"><strong>Data:<\/strong> Ribeir\u00e3o Preto, 14 de junho de 2024.<\/span><\/p>\t\t\t\t\t\t\t\t<\/div>\n\t\t\t\t<\/div>\n\t\t\t\t\t<\/div>\n\t\t<\/div>\n\t\t\t\t\t<\/div>\n\t\t<\/section>\n\t\t\t\t<section class=\"elementor-section elementor-top-section elementor-element elementor-element-41e162ce elementor-section-boxed elementor-section-height-default elementor-section-height-default wpr-particle-no wpr-jarallax-no wpr-parallax-no wpr-sticky-section-no wpr-equal-height-no elementor-invisible\" data-id=\"41e162ce\" data-element_type=\"section\" data-e-type=\"section\" data-settings=\"{&quot;animation&quot;:&quot;fadeIn&quot;}\">\n\t\t\t\t\t\t<div class=\"elementor-container elementor-column-gap-default\">\n\t\t\t\t\t<div class=\"elementor-column elementor-col-50 elementor-top-column elementor-element elementor-element-dcefffe\" data-id=\"dcefffe\" data-element_type=\"column\" data-e-type=\"column\">\n\t\t\t<div class=\"elementor-widget-wrap elementor-element-populated\">\n\t\t\t\t\t\t<div class=\"elementor-element elementor-element-6c954252 elementor-widget elementor-widget-heading\" data-id=\"6c954252\" data-element_type=\"widget\" data-e-type=\"widget\" data-widget_type=\"heading.default\">\n\t\t\t\t<div class=\"elementor-widget-container\">\n\t\t\t\t\t<h2 class=\"elementor-heading-title elementor-size-default\">ENTRE EM CONTATO<\/h2>\t\t\t\t<\/div>\n\t\t\t\t<\/div>\n\t\t\t\t<div class=\"elementor-element elementor-element-a0b8ad2 elementor-widget elementor-widget-text-editor\" data-id=\"a0b8ad2\" data-element_type=\"widget\" data-e-type=\"widget\" data-widget_type=\"text-editor.default\">\n\t\t\t\t<div class=\"elementor-widget-container\">\n\t\t\t\t\t\t\t\t\t<p>Vamos conversar, preencha o formul\u00e1rio ao lado que nossa equipe logo entrara em contato com voc\u00ea!<\/p>\t\t\t\t\t\t\t\t<\/div>\n\t\t\t\t<\/div>\n\t\t\t\t<div class=\"elementor-element elementor-element-710ddb4c elementor-widget elementor-widget-heading\" data-id=\"710ddb4c\" data-element_type=\"widget\" data-e-type=\"widget\" data-widget_type=\"heading.default\">\n\t\t\t\t<div class=\"elementor-widget-container\">\n\t\t\t\t\t<h2 class=\"elementor-heading-title elementor-size-default\">Volpon Advocacia - Ribeir\u00e3o Preto SP<\/h2>\t\t\t\t<\/div>\n\t\t\t\t<\/div>\n\t\t\t\t<div class=\"elementor-element elementor-element-b73c7fd elementor-icon-list--layout-traditional elementor-list-item-link-full_width elementor-widget elementor-widget-icon-list\" data-id=\"b73c7fd\" data-element_type=\"widget\" data-e-type=\"widget\" data-widget_type=\"icon-list.default\">\n\t\t\t\t<div class=\"elementor-widget-container\">\n\t\t\t\t\t\t\t<ul class=\"elementor-icon-list-items\">\n\t\t\t\t\t\t\t<li class=\"elementor-icon-list-item\">\n\t\t\t\t\t\t\t\t\t\t\t<span class=\"elementor-icon-list-icon\">\n\t\t\t\t\t\t\t<i aria-hidden=\"true\" class=\"fab fa-whatsapp\"><\/i>\t\t\t\t\t\t<\/span>\n\t\t\t\t\t\t\t\t\t\t<span class=\"elementor-icon-list-text\">(16) 99743-0410<\/span>\n\t\t\t\t\t\t\t\t\t<\/li>\n\t\t\t\t\t\t\t\t<li class=\"elementor-icon-list-item\">\n\t\t\t\t\t\t\t\t\t\t\t<span class=\"elementor-icon-list-icon\">\n\t\t\t\t\t\t\t<i aria-hidden=\"true\" class=\"fas fa-phone-alt\"><\/i>\t\t\t\t\t\t<\/span>\n\t\t\t\t\t\t\t\t\t\t<span class=\"elementor-icon-list-text\">(16) 3916-9494<\/span>\n\t\t\t\t\t\t\t\t\t<\/li>\n\t\t\t\t\t\t\t\t<li class=\"elementor-icon-list-item\">\n\t\t\t\t\t\t\t\t\t\t\t<span class=\"elementor-icon-list-icon\">\n\t\t\t\t\t\t\t<i aria-hidden=\"true\" class=\"fas fa-envelope\"><\/i>\t\t\t\t\t\t<\/span>\n\t\t\t\t\t\t\t\t\t\t<span class=\"elementor-icon-list-text\">admvolpon@volponadvocacia.com.br<\/span>\n\t\t\t\t\t\t\t\t\t<\/li>\n\t\t\t\t\t\t\t\t<li class=\"elementor-icon-list-item\">\n\t\t\t\t\t\t\t\t\t\t\t<span class=\"elementor-icon-list-icon\">\n\t\t\t\t\t\t\t<i aria-hidden=\"true\" class=\"fas fa-envelope\"><\/i>\t\t\t\t\t\t<\/span>\n\t\t\t\t\t\t\t\t\t\t<span class=\"elementor-icon-list-text\">financeirovolpon@volponadvocacia.com.br<\/span>\n\t\t\t\t\t\t\t\t\t<\/li>\n\t\t\t\t\t\t\t\t<li class=\"elementor-icon-list-item\">\n\t\t\t\t\t\t\t\t\t\t\t<span class=\"elementor-icon-list-icon\">\n\t\t\t\t\t\t\t<i aria-hidden=\"true\" class=\"fas fa-map-marker-alt\"><\/i>\t\t\t\t\t\t<\/span>\n\t\t\t\t\t\t\t\t\t\t<span class=\"elementor-icon-list-text\">Av. Senador Cesar Vergueiro, 480 - sala 24 - Ribeir\u00e3o Preto - SP<\/span>\n\t\t\t\t\t\t\t\t\t<\/li>\n\t\t\t\t\t\t<\/ul>\n\t\t\t\t\t\t<\/div>\n\t\t\t\t<\/div>\n\t\t\t\t\t<\/div>\n\t\t<\/div>\n\t\t\t\t<div class=\"elementor-column elementor-col-50 elementor-top-column elementor-element elementor-element-6e87f0\" data-id=\"6e87f0\" data-element_type=\"column\" data-e-type=\"column\" data-settings=\"{&quot;background_background&quot;:&quot;classic&quot;}\">\n\t\t\t<div class=\"elementor-widget-wrap elementor-element-populated\">\n\t\t\t\t\t\t<div class=\"elementor-element elementor-element-56ba7bdf wpr-forms-submit-justify wpr-forms-align-left elementor-widget elementor-widget-wpr-forms\" data-id=\"56ba7bdf\" data-element_type=\"widget\" data-e-type=\"widget\" data-widget_type=\"wpr-forms.default\">\n\t\t\t\t<div class=\"elementor-widget-container\">\n\t\t\t\t\t<div class=\"wpr-forms-container wpr-custom-chk-radio\">\n<div class=\"wpcf7 no-js\" id=\"wpcf7-f5-o1\" lang=\"pt-BR\" dir=\"ltr\" data-wpcf7-id=\"5\">\n<div class=\"screen-reader-response\"><p role=\"status\" aria-live=\"polite\" aria-atomic=\"true\"><\/p> <ul><\/ul><\/div>\n<form action=\"\/index.php\/wp-json\/wp\/v2\/posts\/2441#wpcf7-f5-o1\" method=\"post\" class=\"wpcf7-form init\" aria-label=\"Formul\u00e1rios de contato\" novalidate=\"novalidate\" data-status=\"init\">\n<fieldset class=\"hidden-fields-container\"><input type=\"hidden\" name=\"_wpcf7\" value=\"5\" \/><input type=\"hidden\" name=\"_wpcf7_version\" value=\"6.1.5\" \/><input type=\"hidden\" name=\"_wpcf7_locale\" value=\"pt_BR\" \/><input type=\"hidden\" name=\"_wpcf7_unit_tag\" value=\"wpcf7-f5-o1\" \/><input type=\"hidden\" name=\"_wpcf7_container_post\" value=\"0\" \/><input type=\"hidden\" name=\"_wpcf7_posted_data_hash\" value=\"\" \/>\n<\/fieldset>\n<p><label> Seu nome<br \/>\n<span class=\"wpcf7-form-control-wrap\" data-name=\"your-name\"><input size=\"40\" maxlength=\"400\" class=\"wpcf7-form-control wpcf7-text wpcf7-validates-as-required\" autocomplete=\"name\" aria-required=\"true\" aria-invalid=\"false\" value=\"\" type=\"text\" name=\"your-name\" \/><\/span> <\/label>\n<\/p>\n<p><label> Seu e-mail<br \/>\n<span class=\"wpcf7-form-control-wrap\" data-name=\"your-email\"><input size=\"40\" maxlength=\"400\" class=\"wpcf7-form-control wpcf7-email wpcf7-validates-as-required wpcf7-text wpcf7-validates-as-email\" autocomplete=\"email\" aria-required=\"true\" aria-invalid=\"false\" value=\"\" type=\"email\" name=\"your-email\" \/><\/span> <\/label>\n<\/p>\n<p><label> Assunto<br \/>\n<span class=\"wpcf7-form-control-wrap\" data-name=\"your-subject\"><input size=\"40\" maxlength=\"400\" class=\"wpcf7-form-control wpcf7-text wpcf7-validates-as-required\" aria-required=\"true\" aria-invalid=\"false\" value=\"\" type=\"text\" name=\"your-subject\" \/><\/span> <\/label>\n<\/p>\n<p><label> Sua mensagem (opcional)<br \/>\n<span class=\"wpcf7-form-control-wrap\" data-name=\"your-message\"><textarea cols=\"40\" rows=\"10\" maxlength=\"2000\" class=\"wpcf7-form-control wpcf7-textarea\" aria-invalid=\"false\" name=\"your-message\"><\/textarea><\/span> <\/label>\n<\/p>\n<p><input class=\"wpcf7-form-control wpcf7-submit has-spinner\" type=\"submit\" value=\"Enviar\" \/>\n<\/p><div class=\"wpcf7-response-output\" aria-hidden=\"true\"><\/div>\n<\/form>\n<\/div>\n<\/div>\t\t\t\t<\/div>\n\t\t\t\t<\/div>\n\t\t\t\t\t<\/div>\n\t\t<\/div>\n\t\t\t\t\t<\/div>\n\t\t<\/section>\n\t\t\t\t<section class=\"elementor-section elementor-top-section elementor-element elementor-element-51d29329 elementor-section-full_width elementor-section-height-default elementor-section-height-default wpr-particle-no wpr-jarallax-no wpr-parallax-no wpr-sticky-section-no wpr-equal-height-no\" data-id=\"51d29329\" data-element_type=\"section\" data-e-type=\"section\">\n\t\t\t\t\t\t<div class=\"elementor-container elementor-column-gap-no\">\n\t\t\t\t\t<div class=\"elementor-column elementor-col-100 elementor-top-column elementor-element elementor-element-ff2ffb5\" data-id=\"ff2ffb5\" data-element_type=\"column\" data-e-type=\"column\">\n\t\t\t<div class=\"elementor-widget-wrap\">\n\t\t\t\t\t\t\t<\/div>\n\t\t<\/div>\n\t\t\t\t\t<\/div>\n\t\t<\/section>\n\t\t\t\t<\/div>\n\t\t","protected":false},"excerpt":{"rendered":"<p>Entenda a Consigna\u00e7\u00e3o em Pagamento Extrajudicial segundo o Novo C\u00f3digo de Processo Civil Em nosso escrit\u00f3rio de advocacia, entendemos a import\u00e2ncia da consigna\u00e7\u00e3o em pagamento extrajudicial conforme o novo C\u00f3digo de Processo Civil. Esse procedimento especial, embora mantenha algumas similaridades com o procedimento comum, apresenta diferen\u00e7as significativas que devem ser compreendidas. A consigna\u00e7\u00e3o em pagamento extrajudicial \u00e9 uma op\u00e7\u00e3o para o devedor ou um terceiro depositarem a quantia devida em um estabelecimento banc\u00e1rio oficial ou privado, quando n\u00e3o h\u00e1 um estabelecimento oficial dispon\u00edvel na cidade. Esse procedimento pode ser utilizado para o pagamento de quantias em dinheiro, inclusive alugu\u00e9is e seus encargos. A comunica\u00e7\u00e3o do dep\u00f3sito ao credor \u00e9 realizada por meio de carta com aviso de recebimento, concedendo-lhe um prazo de 10 dias para manifestar sua recusa por escrito. O dep\u00f3sito deve ser feito no banco localizado no lugar do pagamento, e a comunica\u00e7\u00e3o e a recusa devem ser dirigidas ao pr\u00f3prio banco. Ap\u00f3s o prazo de manifesta\u00e7\u00e3o de recusa, se o credor n\u00e3o se opuser ao pagamento, o devedor fica liberado da obriga\u00e7\u00e3o, e o comprovante de dep\u00f3sito serve como prova de quita\u00e7\u00e3o. O valor depositado fica \u00e0 disposi\u00e7\u00e3o do credor, que pode retir\u00e1-lo a qualquer momento. Caso o credor recuse o pagamento, o devedor tem um prazo de 1 m\u00eas para ingressar com a a\u00e7\u00e3o de consigna\u00e7\u00e3o judicial. \u00c9 importante ressaltar que esse prazo n\u00e3o \u00e9 decadencial ou prescricional, mas sim uma forma de preservar a efic\u00e1cia do dep\u00f3sito extrajudicial. Se a a\u00e7\u00e3o for proposta dentro do prazo, o devedor fica livre do valor depositado. Caso contr\u00e1rio, o valor poder\u00e1 ser levantado pelo devedor, e ele dever\u00e1 entrar com a a\u00e7\u00e3o de consigna\u00e7\u00e3o judicial. \u00c9 fundamental ingressar com a a\u00e7\u00e3o dentro do prazo estipulado, pois ap\u00f3s o vencimento desse prazo, o credor entrar\u00e1 em mora por n\u00e3o ter aceitado o pagamento. Nesse caso, os juros incidir\u00e3o apenas conforme as taxas banc\u00e1rias, e n\u00e3o conforme o contrato original. Se o devedor n\u00e3o ajuizar a a\u00e7\u00e3o dentro do prazo, ele pr\u00f3prio estar\u00e1 em mora, e os juros do contrato ser\u00e3o contados a partir da consigna\u00e7\u00e3o. Em nosso escrit\u00f3rio, estamos prontos para ajudar voc\u00ea a entender e conduzir corretamente o processo de consigna\u00e7\u00e3o em pagamento extrajudicial, proporcionando solu\u00e7\u00f5es eficientes para seus casos. Entre em contato conosco para mais informa\u00e7\u00f5es e orienta\u00e7\u00f5es sobre essa importante quest\u00e3o jur\u00eddica. Fonte do artigo: A consigna\u00e7\u00e3o em pagamento extrajudicial de acordo com o novo C\u00f3digo de Processo Civil &#8211; Jus.com.br | Jus Navigandi Nova Era na Corre\u00e7\u00e3o do FGTS: Supremo Tribunal Federal Garante Atualiza\u00e7\u00e3o Pelo IPCA Ap\u00f3s mais de uma d\u00e9cada, o Supremo Tribunal Federal (STF) finalizou na quarta-feira (12) o julgamento de uma a\u00e7\u00e3o que solicitava uma mudan\u00e7a no \u00edndice de corre\u00e7\u00e3o dos saldos das contas do Fundo de Garantia do Tempo de Servi\u00e7o (FGTS). Pelo julgamento, as contas do Fundo de Garantia do Tempo de Servi\u00e7o (FGTS) n\u00e3o ser\u00e3o mais corrigidas apenas pela Taxa Referencial (TR), uma taxa praticamente nula. Com essa decis\u00e3o, as contas devem garantir uma corre\u00e7\u00e3o real de acordo com o \u00cdndice Nacional de Pre\u00e7os ao Consumidor Amplo (IPCA), o principal indicador de infla\u00e7\u00e3o do pa\u00eds. Essa determina\u00e7\u00e3o se aplica aos novos dep\u00f3sitos feitos a partir da decis\u00e3o do Supremo e n\u00e3o retroativamente. Ap\u00f3s o julgamento, a assessoria de imprensa do STF explicou que a nova forma de corre\u00e7\u00e3o deve ser aplicada ao saldo atual das contas a partir da publica\u00e7\u00e3o da ata de julgamento, prevista para os pr\u00f3ximos dias. Os ministros mantiveram o c\u00e1lculo atual, que inclui a corre\u00e7\u00e3o com juros de 3% ao ano, a adi\u00e7\u00e3o da distribui\u00e7\u00e3o de lucros do fundo, al\u00e9m da corre\u00e7\u00e3o pela TR, com o objetivo de assegurar a corre\u00e7\u00e3o pelo IPCA. No entanto, se o c\u00e1lculo atual n\u00e3o alcan\u00e7ar o IPCA, caber\u00e1 ao Conselho Curador do FGTS determinar a forma de compensa\u00e7\u00e3o. O \u00edndice acumulado nos \u00faltimos 12 meses \u00e9 de 3,90%. Essa proposta de c\u00e1lculo foi apresentada ao STF pela Advocacia-Geral da Uni\u00e3o (AGU), \u00f3rg\u00e3o que representa o governo federal, ap\u00f3s um acordo com centrais sindicais durante o processo de tramita\u00e7\u00e3o. A mudan\u00e7a reside na inclus\u00e3o da distribui\u00e7\u00e3o de resultados do fundo, que tem sido realizada anualmente desde 2017, como parte do rendimento do saldo do cotista, algo que n\u00e3o ocorria anteriormente. Apenas quando a remunera\u00e7\u00e3o total anual &#8211; incluindo a distribui\u00e7\u00e3o de lucros &#8211; ficar aqu\u00e9m da varia\u00e7\u00e3o do IPCA \u00e9 que o Conselho Curador do FGTS ser\u00e1 encarregado de determinar um m\u00e9todo de compensa\u00e7\u00e3o para garantir a reposi\u00e7\u00e3o da infla\u00e7\u00e3o. De acordo com dados da Caixa Econ\u00f4mica Federal, o agente operador do FGTS, a rentabilidade acumulada dos saldos do FGTS entre 2017 e 2022, considerando a distribui\u00e7\u00e3o de lucros, foi de 49,83% &#8211; superando os 44,11% do IPCA no mesmo per\u00edodo. Fonte https:\/\/www.gazetadopovo.com.br\/economia\/correcao-do-fgts-tem-nova-regra-apos-decisao-do-stf-entenda-como-fica\/ Copyright \u00a9 2024, Gazeta do Povo. Todos os direitos reservados. Autora: Waleska Reis Belini Advogado Especialista em Direito do trabalho Data: Ribeir\u00e3o Preto, 14 de junho de 2024. ENTRE EM CONTATO Vamos conversar, preencha o formul\u00e1rio ao lado que nossa equipe logo entrara em contato com voc\u00ea! Volpon Advocacia &#8211; Ribeir\u00e3o Preto SP (16) 99743-0410 (16) 3916-9494 admvolpon@volponadvocacia.com.br financeirovolpon@volponadvocacia.com.br Av. Senador Cesar Vergueiro, 480 &#8211; sala 24 &#8211; Ribeir\u00e3o Preto &#8211; SP Seu nome Seu e-mail Assunto Sua mensagem (opcional)<\/p>\n","protected":false},"author":1,"featured_media":2470,"comment_status":"closed","ping_status":"open","sticky":false,"template":"elementor_canvas","format":"standard","meta":{"footnotes":""},"categories":[14,23],"tags":[],"class_list":["post-2441","post","type-post","status-publish","format-standard","has-post-thumbnail","hentry","category-artigo","category-assessoria-juridica"],"yoast_head":"<!-- This site is optimized with the Yoast SEO plugin v27.4 - https:\/\/yoast.com\/product\/yoast-seo-wordpress\/ -->\n<title>Supremo Tribunal Federal garante atualiza\u00e7\u00e3o Pelo IPCA<\/title>\n<meta name=\"description\" content=\"Ap\u00f3s mais de uma d\u00e9cada, o Supremo Tribunal Federal (STF) finalizou na quarta-feira (12) o julgamento de uma a\u00e7\u00e3o que solicitava...\" \/>\n<meta name=\"robots\" content=\"index, follow, max-snippet:-1, max-image-preview:large, max-video-preview:-1\" \/>\n<link rel=\"canonical\" href=\"https:\/\/volponadvocacia.com.br\/index.php\/2024\/06\/17\/nova-era-na-correcao-do-fgts-supremo-tribunal-federal-garante-atualizacao-pelo-ipca\/\" \/>\n<meta property=\"og:locale\" content=\"pt_BR\" \/>\n<meta property=\"og:type\" content=\"article\" \/>\n<meta property=\"og:title\" content=\"Supremo Tribunal Federal garante atualiza\u00e7\u00e3o Pelo IPCA\" \/>\n<meta property=\"og:description\" content=\"Ap\u00f3s mais de uma d\u00e9cada, o Supremo Tribunal Federal (STF) finalizou na quarta-feira (12) o julgamento de uma a\u00e7\u00e3o que solicitava...\" \/>\n<meta property=\"og:url\" content=\"https:\/\/volponadvocacia.com.br\/index.php\/2024\/06\/17\/nova-era-na-correcao-do-fgts-supremo-tribunal-federal-garante-atualizacao-pelo-ipca\/\" \/>\n<meta property=\"og:site_name\" content=\"Volpon Advocacia\" \/>\n<meta property=\"article:published_time\" content=\"2024-06-17T18:44:27+00:00\" \/>\n<meta property=\"article:modified_time\" content=\"2024-06-20T19:38:08+00:00\" \/>\n<meta property=\"og:image\" content=\"https:\/\/volponadvocacia.com.br\/wp-content\/uploads\/2024\/06\/Post-blog-02-1.jpg\" \/>\n\t<meta property=\"og:image:width\" content=\"1200\" \/>\n\t<meta property=\"og:image:height\" content=\"1200\" \/>\n\t<meta property=\"og:image:type\" content=\"image\/jpeg\" \/>\n<meta name=\"author\" content=\"davanso\" \/>\n<meta name=\"twitter:card\" content=\"summary_large_image\" \/>\n<meta name=\"twitter:label1\" content=\"Escrito por\" \/>\n\t<meta name=\"twitter:data1\" content=\"davanso\" \/>\n\t<meta name=\"twitter:label2\" content=\"Est. tempo de leitura\" \/>\n\t<meta name=\"twitter:data2\" content=\"6 minutos\" \/>\n<script type=\"application\/ld+json\" class=\"yoast-schema-graph\">{\"@context\":\"https:\\\/\\\/schema.org\",\"@graph\":[{\"@type\":\"Article\",\"@id\":\"https:\\\/\\\/volponadvocacia.com.br\\\/index.php\\\/2024\\\/06\\\/17\\\/nova-era-na-correcao-do-fgts-supremo-tribunal-federal-garante-atualizacao-pelo-ipca\\\/#article\",\"isPartOf\":{\"@id\":\"https:\\\/\\\/volponadvocacia.com.br\\\/index.php\\\/2024\\\/06\\\/17\\\/nova-era-na-correcao-do-fgts-supremo-tribunal-federal-garante-atualizacao-pelo-ipca\\\/\"},\"author\":{\"name\":\"davanso\",\"@id\":\"https:\\\/\\\/volponadvocacia.com.br\\\/#\\\/schema\\\/person\\\/ff6f7fc0557a569f592e00afb4ca3fe6\"},\"headline\":\"Nova era na corre\u00e7\u00e3o do FGTS: Supremo Tribunal Federal garante atualiza\u00e7\u00e3o Pelo IPCA\",\"datePublished\":\"2024-06-17T18:44:27+00:00\",\"dateModified\":\"2024-06-20T19:38:08+00:00\",\"mainEntityOfPage\":{\"@id\":\"https:\\\/\\\/volponadvocacia.com.br\\\/index.php\\\/2024\\\/06\\\/17\\\/nova-era-na-correcao-do-fgts-supremo-tribunal-federal-garante-atualizacao-pelo-ipca\\\/\"},\"wordCount\":979,\"publisher\":{\"@id\":\"https:\\\/\\\/volponadvocacia.com.br\\\/#organization\"},\"image\":{\"@id\":\"https:\\\/\\\/volponadvocacia.com.br\\\/index.php\\\/2024\\\/06\\\/17\\\/nova-era-na-correcao-do-fgts-supremo-tribunal-federal-garante-atualizacao-pelo-ipca\\\/#primaryimage\"},\"thumbnailUrl\":\"https:\\\/\\\/volponadvocacia.com.br\\\/wp-content\\\/uploads\\\/2024\\\/06\\\/Post-blog-02-1.jpg\",\"articleSection\":[\"Artigo\",\"Assessoria Jur\u00eddica\"],\"inLanguage\":\"pt-BR\"},{\"@type\":\"WebPage\",\"@id\":\"https:\\\/\\\/volponadvocacia.com.br\\\/index.php\\\/2024\\\/06\\\/17\\\/nova-era-na-correcao-do-fgts-supremo-tribunal-federal-garante-atualizacao-pelo-ipca\\\/\",\"url\":\"https:\\\/\\\/volponadvocacia.com.br\\\/index.php\\\/2024\\\/06\\\/17\\\/nova-era-na-correcao-do-fgts-supremo-tribunal-federal-garante-atualizacao-pelo-ipca\\\/\",\"name\":\"Supremo Tribunal Federal garante atualiza\u00e7\u00e3o Pelo IPCA\",\"isPartOf\":{\"@id\":\"https:\\\/\\\/volponadvocacia.com.br\\\/#website\"},\"primaryImageOfPage\":{\"@id\":\"https:\\\/\\\/volponadvocacia.com.br\\\/index.php\\\/2024\\\/06\\\/17\\\/nova-era-na-correcao-do-fgts-supremo-tribunal-federal-garante-atualizacao-pelo-ipca\\\/#primaryimage\"},\"image\":{\"@id\":\"https:\\\/\\\/volponadvocacia.com.br\\\/index.php\\\/2024\\\/06\\\/17\\\/nova-era-na-correcao-do-fgts-supremo-tribunal-federal-garante-atualizacao-pelo-ipca\\\/#primaryimage\"},\"thumbnailUrl\":\"https:\\\/\\\/volponadvocacia.com.br\\\/wp-content\\\/uploads\\\/2024\\\/06\\\/Post-blog-02-1.jpg\",\"datePublished\":\"2024-06-17T18:44:27+00:00\",\"dateModified\":\"2024-06-20T19:38:08+00:00\",\"description\":\"Ap\u00f3s mais de uma d\u00e9cada, o Supremo Tribunal Federal (STF) finalizou na quarta-feira (12) o julgamento de uma a\u00e7\u00e3o que solicitava...\",\"breadcrumb\":{\"@id\":\"https:\\\/\\\/volponadvocacia.com.br\\\/index.php\\\/2024\\\/06\\\/17\\\/nova-era-na-correcao-do-fgts-supremo-tribunal-federal-garante-atualizacao-pelo-ipca\\\/#breadcrumb\"},\"inLanguage\":\"pt-BR\",\"potentialAction\":[{\"@type\":\"ReadAction\",\"target\":[\"https:\\\/\\\/volponadvocacia.com.br\\\/index.php\\\/2024\\\/06\\\/17\\\/nova-era-na-correcao-do-fgts-supremo-tribunal-federal-garante-atualizacao-pelo-ipca\\\/\"]}]},{\"@type\":\"ImageObject\",\"inLanguage\":\"pt-BR\",\"@id\":\"https:\\\/\\\/volponadvocacia.com.br\\\/index.php\\\/2024\\\/06\\\/17\\\/nova-era-na-correcao-do-fgts-supremo-tribunal-federal-garante-atualizacao-pelo-ipca\\\/#primaryimage\",\"url\":\"https:\\\/\\\/volponadvocacia.com.br\\\/wp-content\\\/uploads\\\/2024\\\/06\\\/Post-blog-02-1.jpg\",\"contentUrl\":\"https:\\\/\\\/volponadvocacia.com.br\\\/wp-content\\\/uploads\\\/2024\\\/06\\\/Post-blog-02-1.jpg\",\"width\":1200,\"height\":1200},{\"@type\":\"BreadcrumbList\",\"@id\":\"https:\\\/\\\/volponadvocacia.com.br\\\/index.php\\\/2024\\\/06\\\/17\\\/nova-era-na-correcao-do-fgts-supremo-tribunal-federal-garante-atualizacao-pelo-ipca\\\/#breadcrumb\",\"itemListElement\":[{\"@type\":\"ListItem\",\"position\":1,\"name\":\"In\u00edcio\",\"item\":\"https:\\\/\\\/volponadvocacia.com.br\\\/\"},{\"@type\":\"ListItem\",\"position\":2,\"name\":\"Nova era na corre\u00e7\u00e3o do FGTS: Supremo Tribunal Federal garante atualiza\u00e7\u00e3o Pelo IPCA\"}]},{\"@type\":\"WebSite\",\"@id\":\"https:\\\/\\\/volponadvocacia.com.br\\\/#website\",\"url\":\"https:\\\/\\\/volponadvocacia.com.br\\\/\",\"name\":\"Volpon Advocacia\",\"description\":\"\",\"publisher\":{\"@id\":\"https:\\\/\\\/volponadvocacia.com.br\\\/#organization\"},\"potentialAction\":[{\"@type\":\"SearchAction\",\"target\":{\"@type\":\"EntryPoint\",\"urlTemplate\":\"https:\\\/\\\/volponadvocacia.com.br\\\/?s={search_term_string}\"},\"query-input\":{\"@type\":\"PropertyValueSpecification\",\"valueRequired\":true,\"valueName\":\"search_term_string\"}}],\"inLanguage\":\"pt-BR\"},{\"@type\":\"Organization\",\"@id\":\"https:\\\/\\\/volponadvocacia.com.br\\\/#organization\",\"name\":\"Volpon Advocacia\",\"url\":\"https:\\\/\\\/volponadvocacia.com.br\\\/\",\"logo\":{\"@type\":\"ImageObject\",\"inLanguage\":\"pt-BR\",\"@id\":\"https:\\\/\\\/volponadvocacia.com.br\\\/#\\\/schema\\\/logo\\\/image\\\/\",\"url\":\"https:\\\/\\\/volponadvocacia.com.br\\\/wp-content\\\/uploads\\\/2023\\\/03\\\/cropped-Logo-basica.png\",\"contentUrl\":\"https:\\\/\\\/volponadvocacia.com.br\\\/wp-content\\\/uploads\\\/2023\\\/03\\\/cropped-Logo-basica.png\",\"width\":1080,\"height\":1080,\"caption\":\"Volpon Advocacia\"},\"image\":{\"@id\":\"https:\\\/\\\/volponadvocacia.com.br\\\/#\\\/schema\\\/logo\\\/image\\\/\"}},{\"@type\":\"Person\",\"@id\":\"https:\\\/\\\/volponadvocacia.com.br\\\/#\\\/schema\\\/person\\\/ff6f7fc0557a569f592e00afb4ca3fe6\",\"name\":\"davanso\",\"image\":{\"@type\":\"ImageObject\",\"inLanguage\":\"pt-BR\",\"@id\":\"https:\\\/\\\/secure.gravatar.com\\\/avatar\\\/9b983ab1d786202648f6aaeac75b1be55cc1096d9a247aa182ef688bbfe03993?s=96&d=mm&r=g\",\"url\":\"https:\\\/\\\/secure.gravatar.com\\\/avatar\\\/9b983ab1d786202648f6aaeac75b1be55cc1096d9a247aa182ef688bbfe03993?s=96&d=mm&r=g\",\"contentUrl\":\"https:\\\/\\\/secure.gravatar.com\\\/avatar\\\/9b983ab1d786202648f6aaeac75b1be55cc1096d9a247aa182ef688bbfe03993?s=96&d=mm&r=g\",\"caption\":\"davanso\"},\"sameAs\":[\"https:\\\/\\\/volponadvocacia.com.br\"],\"url\":\"https:\\\/\\\/volponadvocacia.com.br\\\/index.php\\\/author\\\/davanso\\\/\"}]}<\/script>\n<!-- \/ Yoast SEO plugin. -->","yoast_head_json":{"title":"Supremo Tribunal Federal garante atualiza\u00e7\u00e3o Pelo IPCA","description":"Ap\u00f3s mais de uma d\u00e9cada, o Supremo Tribunal Federal (STF) finalizou na quarta-feira (12) o julgamento de uma a\u00e7\u00e3o que solicitava...","robots":{"index":"index","follow":"follow","max-snippet":"max-snippet:-1","max-image-preview":"max-image-preview:large","max-video-preview":"max-video-preview:-1"},"canonical":"https:\/\/volponadvocacia.com.br\/index.php\/2024\/06\/17\/nova-era-na-correcao-do-fgts-supremo-tribunal-federal-garante-atualizacao-pelo-ipca\/","og_locale":"pt_BR","og_type":"article","og_title":"Supremo Tribunal Federal garante atualiza\u00e7\u00e3o Pelo IPCA","og_description":"Ap\u00f3s mais de uma d\u00e9cada, o Supremo Tribunal Federal (STF) finalizou na quarta-feira (12) o julgamento de uma a\u00e7\u00e3o que solicitava...","og_url":"https:\/\/volponadvocacia.com.br\/index.php\/2024\/06\/17\/nova-era-na-correcao-do-fgts-supremo-tribunal-federal-garante-atualizacao-pelo-ipca\/","og_site_name":"Volpon Advocacia","article_published_time":"2024-06-17T18:44:27+00:00","article_modified_time":"2024-06-20T19:38:08+00:00","og_image":[{"width":1200,"height":1200,"url":"https:\/\/volponadvocacia.com.br\/wp-content\/uploads\/2024\/06\/Post-blog-02-1.jpg","type":"image\/jpeg"}],"author":"davanso","twitter_card":"summary_large_image","twitter_misc":{"Escrito por":"davanso","Est. tempo de leitura":"6 minutos"},"schema":{"@context":"https:\/\/schema.org","@graph":[{"@type":"Article","@id":"https:\/\/volponadvocacia.com.br\/index.php\/2024\/06\/17\/nova-era-na-correcao-do-fgts-supremo-tribunal-federal-garante-atualizacao-pelo-ipca\/#article","isPartOf":{"@id":"https:\/\/volponadvocacia.com.br\/index.php\/2024\/06\/17\/nova-era-na-correcao-do-fgts-supremo-tribunal-federal-garante-atualizacao-pelo-ipca\/"},"author":{"name":"davanso","@id":"https:\/\/volponadvocacia.com.br\/#\/schema\/person\/ff6f7fc0557a569f592e00afb4ca3fe6"},"headline":"Nova era na corre\u00e7\u00e3o do FGTS: Supremo Tribunal Federal garante atualiza\u00e7\u00e3o Pelo IPCA","datePublished":"2024-06-17T18:44:27+00:00","dateModified":"2024-06-20T19:38:08+00:00","mainEntityOfPage":{"@id":"https:\/\/volponadvocacia.com.br\/index.php\/2024\/06\/17\/nova-era-na-correcao-do-fgts-supremo-tribunal-federal-garante-atualizacao-pelo-ipca\/"},"wordCount":979,"publisher":{"@id":"https:\/\/volponadvocacia.com.br\/#organization"},"image":{"@id":"https:\/\/volponadvocacia.com.br\/index.php\/2024\/06\/17\/nova-era-na-correcao-do-fgts-supremo-tribunal-federal-garante-atualizacao-pelo-ipca\/#primaryimage"},"thumbnailUrl":"https:\/\/volponadvocacia.com.br\/wp-content\/uploads\/2024\/06\/Post-blog-02-1.jpg","articleSection":["Artigo","Assessoria Jur\u00eddica"],"inLanguage":"pt-BR"},{"@type":"WebPage","@id":"https:\/\/volponadvocacia.com.br\/index.php\/2024\/06\/17\/nova-era-na-correcao-do-fgts-supremo-tribunal-federal-garante-atualizacao-pelo-ipca\/","url":"https:\/\/volponadvocacia.com.br\/index.php\/2024\/06\/17\/nova-era-na-correcao-do-fgts-supremo-tribunal-federal-garante-atualizacao-pelo-ipca\/","name":"Supremo Tribunal Federal garante atualiza\u00e7\u00e3o Pelo IPCA","isPartOf":{"@id":"https:\/\/volponadvocacia.com.br\/#website"},"primaryImageOfPage":{"@id":"https:\/\/volponadvocacia.com.br\/index.php\/2024\/06\/17\/nova-era-na-correcao-do-fgts-supremo-tribunal-federal-garante-atualizacao-pelo-ipca\/#primaryimage"},"image":{"@id":"https:\/\/volponadvocacia.com.br\/index.php\/2024\/06\/17\/nova-era-na-correcao-do-fgts-supremo-tribunal-federal-garante-atualizacao-pelo-ipca\/#primaryimage"},"thumbnailUrl":"https:\/\/volponadvocacia.com.br\/wp-content\/uploads\/2024\/06\/Post-blog-02-1.jpg","datePublished":"2024-06-17T18:44:27+00:00","dateModified":"2024-06-20T19:38:08+00:00","description":"Ap\u00f3s mais de uma d\u00e9cada, o Supremo Tribunal Federal (STF) finalizou na quarta-feira (12) o julgamento de uma a\u00e7\u00e3o que solicitava...","breadcrumb":{"@id":"https:\/\/volponadvocacia.com.br\/index.php\/2024\/06\/17\/nova-era-na-correcao-do-fgts-supremo-tribunal-federal-garante-atualizacao-pelo-ipca\/#breadcrumb"},"inLanguage":"pt-BR","potentialAction":[{"@type":"ReadAction","target":["https:\/\/volponadvocacia.com.br\/index.php\/2024\/06\/17\/nova-era-na-correcao-do-fgts-supremo-tribunal-federal-garante-atualizacao-pelo-ipca\/"]}]},{"@type":"ImageObject","inLanguage":"pt-BR","@id":"https:\/\/volponadvocacia.com.br\/index.php\/2024\/06\/17\/nova-era-na-correcao-do-fgts-supremo-tribunal-federal-garante-atualizacao-pelo-ipca\/#primaryimage","url":"https:\/\/volponadvocacia.com.br\/wp-content\/uploads\/2024\/06\/Post-blog-02-1.jpg","contentUrl":"https:\/\/volponadvocacia.com.br\/wp-content\/uploads\/2024\/06\/Post-blog-02-1.jpg","width":1200,"height":1200},{"@type":"BreadcrumbList","@id":"https:\/\/volponadvocacia.com.br\/index.php\/2024\/06\/17\/nova-era-na-correcao-do-fgts-supremo-tribunal-federal-garante-atualizacao-pelo-ipca\/#breadcrumb","itemListElement":[{"@type":"ListItem","position":1,"name":"In\u00edcio","item":"https:\/\/volponadvocacia.com.br\/"},{"@type":"ListItem","position":2,"name":"Nova era na corre\u00e7\u00e3o do FGTS: Supremo Tribunal Federal garante atualiza\u00e7\u00e3o Pelo IPCA"}]},{"@type":"WebSite","@id":"https:\/\/volponadvocacia.com.br\/#website","url":"https:\/\/volponadvocacia.com.br\/","name":"Volpon Advocacia","description":"","publisher":{"@id":"https:\/\/volponadvocacia.com.br\/#organization"},"potentialAction":[{"@type":"SearchAction","target":{"@type":"EntryPoint","urlTemplate":"https:\/\/volponadvocacia.com.br\/?s={search_term_string}"},"query-input":{"@type":"PropertyValueSpecification","valueRequired":true,"valueName":"search_term_string"}}],"inLanguage":"pt-BR"},{"@type":"Organization","@id":"https:\/\/volponadvocacia.com.br\/#organization","name":"Volpon Advocacia","url":"https:\/\/volponadvocacia.com.br\/","logo":{"@type":"ImageObject","inLanguage":"pt-BR","@id":"https:\/\/volponadvocacia.com.br\/#\/schema\/logo\/image\/","url":"https:\/\/volponadvocacia.com.br\/wp-content\/uploads\/2023\/03\/cropped-Logo-basica.png","contentUrl":"https:\/\/volponadvocacia.com.br\/wp-content\/uploads\/2023\/03\/cropped-Logo-basica.png","width":1080,"height":1080,"caption":"Volpon Advocacia"},"image":{"@id":"https:\/\/volponadvocacia.com.br\/#\/schema\/logo\/image\/"}},{"@type":"Person","@id":"https:\/\/volponadvocacia.com.br\/#\/schema\/person\/ff6f7fc0557a569f592e00afb4ca3fe6","name":"davanso","image":{"@type":"ImageObject","inLanguage":"pt-BR","@id":"https:\/\/secure.gravatar.com\/avatar\/9b983ab1d786202648f6aaeac75b1be55cc1096d9a247aa182ef688bbfe03993?s=96&d=mm&r=g","url":"https:\/\/secure.gravatar.com\/avatar\/9b983ab1d786202648f6aaeac75b1be55cc1096d9a247aa182ef688bbfe03993?s=96&d=mm&r=g","contentUrl":"https:\/\/secure.gravatar.com\/avatar\/9b983ab1d786202648f6aaeac75b1be55cc1096d9a247aa182ef688bbfe03993?s=96&d=mm&r=g","caption":"davanso"},"sameAs":["https:\/\/volponadvocacia.com.br"],"url":"https:\/\/volponadvocacia.com.br\/index.php\/author\/davanso\/"}]}},"_links":{"self":[{"href":"https:\/\/volponadvocacia.com.br\/index.php\/wp-json\/wp\/v2\/posts\/2441","targetHints":{"allow":["GET"]}}],"collection":[{"href":"https:\/\/volponadvocacia.com.br\/index.php\/wp-json\/wp\/v2\/posts"}],"about":[{"href":"https:\/\/volponadvocacia.com.br\/index.php\/wp-json\/wp\/v2\/types\/post"}],"author":[{"embeddable":true,"href":"https:\/\/volponadvocacia.com.br\/index.php\/wp-json\/wp\/v2\/users\/1"}],"replies":[{"embeddable":true,"href":"https:\/\/volponadvocacia.com.br\/index.php\/wp-json\/wp\/v2\/comments?post=2441"}],"version-history":[{"count":9,"href":"https:\/\/volponadvocacia.com.br\/index.php\/wp-json\/wp\/v2\/posts\/2441\/revisions"}],"predecessor-version":[{"id":2451,"href":"https:\/\/volponadvocacia.com.br\/index.php\/wp-json\/wp\/v2\/posts\/2441\/revisions\/2451"}],"wp:featuredmedia":[{"embeddable":true,"href":"https:\/\/volponadvocacia.com.br\/index.php\/wp-json\/wp\/v2\/media\/2470"}],"wp:attachment":[{"href":"https:\/\/volponadvocacia.com.br\/index.php\/wp-json\/wp\/v2\/media?parent=2441"}],"wp:term":[{"taxonomy":"category","embeddable":true,"href":"https:\/\/volponadvocacia.com.br\/index.php\/wp-json\/wp\/v2\/categories?post=2441"},{"taxonomy":"post_tag","embeddable":true,"href":"https:\/\/volponadvocacia.com.br\/index.php\/wp-json\/wp\/v2\/tags?post=2441"}],"curies":[{"name":"wp","href":"https:\/\/api.w.org\/{rel}","templated":true}]}}