{"id":2691,"date":"2025-02-27T19:25:29","date_gmt":"2025-02-27T22:25:29","guid":{"rendered":"https:\/\/volponadvocacia.com.br\/?p=2691"},"modified":"2025-03-14T14:25:12","modified_gmt":"2025-03-14T17:25:12","slug":"tst-define-21-novas-teses-vinculantes-impactos-para-trabalhadores-e-empregadores","status":"publish","type":"post","link":"https:\/\/volponadvocacia.com.br\/index.php\/2025\/02\/27\/tst-define-21-novas-teses-vinculantes-impactos-para-trabalhadores-e-empregadores\/","title":{"rendered":"Tst define 21 novas teses vinculantes: impactos para trabalhadores e empregadores"},"content":{"rendered":"\t\t<div data-elementor-type=\"wp-post\" data-elementor-id=\"2691\" class=\"elementor elementor-2691\">\n\t\t\t\t\t\t<section class=\"elementor-section elementor-top-section elementor-element elementor-element-7b1a602 elementor-section-boxed elementor-section-height-default elementor-section-height-default wpr-particle-no wpr-jarallax-no wpr-parallax-no wpr-sticky-section-no wpr-equal-height-no\" data-id=\"7b1a602\" data-element_type=\"section\" data-e-type=\"section\">\n\t\t\t\t\t\t<div class=\"elementor-container elementor-column-gap-default\">\n\t\t\t\t\t<div class=\"elementor-column elementor-col-100 elementor-top-column elementor-element elementor-element-638a8e\" data-id=\"638a8e\" data-element_type=\"column\" data-e-type=\"column\">\n\t\t\t<div class=\"elementor-widget-wrap elementor-element-populated\">\n\t\t\t\t\t\t<div class=\"elementor-element elementor-element-71332b76 elementor-widget elementor-widget-text-editor\" data-id=\"71332b76\" data-element_type=\"widget\" data-e-type=\"widget\" data-widget_type=\"text-editor.default\">\n\t\t\t\t<div class=\"elementor-widget-container\">\n\t\t\t\t\t\t\t\t\t<em>Entenda a Consigna\u00e7\u00e3o em Pagamento Extrajudicial segundo o Novo C\u00f3digo de Processo Civil<\/em>\r\n\r\n&nbsp;\r\n\r\nEm nosso escrit\u00f3rio de advocacia, entendemos a import\u00e2ncia da consigna\u00e7\u00e3o em pagamento extrajudicial conforme o novo C\u00f3digo de Processo Civil. Esse procedimento especial, embora mantenha algumas similaridades com o procedimento comum, apresenta diferen\u00e7as significativas que devem ser compreendidas.\r\n\r\nA consigna\u00e7\u00e3o em pagamento extrajudicial \u00e9 uma op\u00e7\u00e3o para o devedor ou um terceiro depositarem a quantia devida em um estabelecimento banc\u00e1rio oficial ou privado, quando n\u00e3o h\u00e1 um estabelecimento oficial dispon\u00edvel na cidade. Esse procedimento pode ser utilizado para o pagamento de quantias em dinheiro, inclusive alugu\u00e9is e seus encargos.\r\n\r\nA comunica\u00e7\u00e3o do dep\u00f3sito ao credor \u00e9 realizada por meio de carta com aviso de recebimento, concedendo-lhe um prazo de 10 dias para manifestar sua recusa por escrito. O dep\u00f3sito deve ser feito no banco localizado no lugar do pagamento, e a comunica\u00e7\u00e3o e a recusa devem ser dirigidas ao pr\u00f3prio banco.\r\n\r\nAp\u00f3s o prazo de manifesta\u00e7\u00e3o de recusa, se o credor n\u00e3o se opuser ao pagamento, o devedor fica liberado da obriga\u00e7\u00e3o, e o comprovante de dep\u00f3sito serve como prova de quita\u00e7\u00e3o. O valor depositado fica \u00e0 disposi\u00e7\u00e3o do credor, que pode retir\u00e1-lo a qualquer momento.\r\n\r\nCaso o credor recuse o pagamento, o devedor tem um prazo de 1 m\u00eas para ingressar com a a\u00e7\u00e3o de consigna\u00e7\u00e3o judicial. \u00c9 importante ressaltar que esse prazo n\u00e3o \u00e9 decadencial ou prescricional, mas sim uma forma de preservar a efic\u00e1cia do dep\u00f3sito extrajudicial. Se a a\u00e7\u00e3o for proposta dentro do prazo, o devedor fica livre do valor depositado. Caso contr\u00e1rio, o valor poder\u00e1 ser levantado pelo devedor, e ele dever\u00e1 entrar com a a\u00e7\u00e3o de consigna\u00e7\u00e3o judicial.\r\n\r\n\u00c9 fundamental ingressar com a a\u00e7\u00e3o dentro do prazo estipulado, pois ap\u00f3s o vencimento desse prazo, o credor entrar\u00e1 em mora por n\u00e3o ter aceitado o pagamento. Nesse caso, os juros incidir\u00e3o apenas conforme as taxas banc\u00e1rias, e n\u00e3o conforme o contrato original. Se o devedor n\u00e3o ajuizar a a\u00e7\u00e3o dentro do prazo, ele pr\u00f3prio estar\u00e1 em mora, e os juros do contrato ser\u00e3o contados a partir da consigna\u00e7\u00e3o.\r\n\r\nEm nosso escrit\u00f3rio, estamos prontos para ajudar voc\u00ea a entender e conduzir corretamente o processo de consigna\u00e7\u00e3o em pagamento extrajudicial, proporcionando solu\u00e7\u00f5es eficientes para seus casos. Entre em contato conosco para mais informa\u00e7\u00f5es e orienta\u00e7\u00f5es sobre essa importante quest\u00e3o jur\u00eddica.\r\n\r\nFonte do artigo: <a href=\"https:\/\/jus.com.br\/artigos\/39212\/a-consignacao-em-pagamento-extrajudicial-de-acordo-com-o-novo-codigo-de-processo-civil\">A consigna\u00e7\u00e3o em pagamento extrajudicial de acordo com o novo C\u00f3digo de Processo Civil &#8211; Jus.com.br | Jus Navigandi<\/a>\t\t\t\t\t\t\t\t<\/div>\n\t\t\t\t<\/div>\n\t\t\t\t\t<\/div>\n\t\t<\/div>\n\t\t\t\t\t<\/div>\n\t\t<\/section>\n\t\t\t\t<section class=\"elementor-section elementor-top-section elementor-element elementor-element-57fc1488 elementor-section-height-min-height elementor-section-boxed elementor-section-height-default elementor-section-items-middle wpr-particle-no wpr-jarallax-no wpr-parallax-no wpr-sticky-section-no wpr-equal-height-no\" data-id=\"57fc1488\" data-element_type=\"section\" data-e-type=\"section\" data-settings=\"{&quot;background_background&quot;:&quot;classic&quot;,&quot;shape_divider_bottom&quot;:&quot;tilt&quot;}\">\n\t\t\t\t\t\t\t<div class=\"elementor-background-overlay\"><\/div>\n\t\t\t\t\t\t<div class=\"elementor-shape elementor-shape-bottom\" aria-hidden=\"true\" data-negative=\"false\">\n\t\t\t<svg xmlns=\"http:\/\/www.w3.org\/2000\/svg\" viewBox=\"0 0 1000 100\" preserveAspectRatio=\"none\">\n\t<path class=\"elementor-shape-fill\" d=\"M0,6V0h1000v100L0,6z\"\/>\n<\/svg>\t\t<\/div>\n\t\t\t\t\t<div class=\"elementor-container elementor-column-gap-default\">\n\t\t\t\t\t<div class=\"elementor-column elementor-col-100 elementor-top-column elementor-element elementor-element-4a22188f\" data-id=\"4a22188f\" data-element_type=\"column\" data-e-type=\"column\">\n\t\t\t<div class=\"elementor-widget-wrap elementor-element-populated\">\n\t\t\t\t\t\t<div class=\"elementor-element elementor-element-7a38d84d elementor-widget elementor-widget-heading\" data-id=\"7a38d84d\" data-element_type=\"widget\" data-e-type=\"widget\" data-widget_type=\"heading.default\">\n\t\t\t\t<div class=\"elementor-widget-container\">\n\t\t\t\t\t<h2 class=\"elementor-heading-title elementor-size-default\">Tst define 21 novas teses vinculantes: impactos para trabalhadores e empregadores<\/h2>\t\t\t\t<\/div>\n\t\t\t\t<\/div>\n\t\t\t\t\t<\/div>\n\t\t<\/div>\n\t\t\t\t\t<\/div>\n\t\t<\/section>\n\t\t\t\t<section class=\"elementor-section elementor-top-section elementor-element elementor-element-b029dd5 elementor-section-boxed elementor-section-height-default elementor-section-height-default wpr-particle-no wpr-jarallax-no wpr-parallax-no wpr-sticky-section-no wpr-equal-height-no\" data-id=\"b029dd5\" data-element_type=\"section\" data-e-type=\"section\" data-settings=\"{&quot;background_background&quot;:&quot;classic&quot;}\">\n\t\t\t\t\t\t<div class=\"elementor-container elementor-column-gap-default\">\n\t\t\t\t\t<div class=\"elementor-column elementor-col-100 elementor-top-column elementor-element elementor-element-1988b03\" data-id=\"1988b03\" data-element_type=\"column\" data-e-type=\"column\">\n\t\t\t<div class=\"elementor-widget-wrap elementor-element-populated\">\n\t\t\t\t\t\t<div class=\"elementor-element elementor-element-04a607f elementor-widget__width-initial elementor-widget elementor-widget-text-editor\" data-id=\"04a607f\" data-element_type=\"widget\" data-e-type=\"widget\" data-widget_type=\"text-editor.default\">\n\t\t\t\t<div class=\"elementor-widget-container\">\n\t\t\t\t\t\t\t\t\t<p>Na \u00faltima segunda-feira (24), o Tribunal Superior do Trabalho (TST) consolidou sua jurisprud\u00eancia com a fixa\u00e7\u00e3o de 21 novas teses jur\u00eddicas vinculantes, decidindo sobre temas que impactam diretamente as rela\u00e7\u00f5es trabalhistas. O julgamento dessas teses aconteceu em uma sess\u00e3o hist\u00f3rica, onde o TST, por meio de incidentes de recursos de revista repetitivos, estabeleceu diretrizes claras sobre diversos temas, que agora devem ser seguidas obrigatoriamente por tribunais e ju\u00edzes em casos semelhantes.<\/p>\n<p style=\"font-weight: 400;\"><strong>O que S\u00e3o Precedentes Vinculantes?<\/strong><\/p>\n<p style=\"font-weight: 400;\">Precedentes vinculantes s\u00e3o decis\u00f5es jur\u00eddicas que devem ser seguidas de forma obrigat\u00f3ria por outros tribunais, ju\u00edzes e \u00f3rg\u00e3os da Justi\u00e7a. A finalidade principal dessa medida \u00e9 garantir maior uniformidade e previsibilidade nas decis\u00f5es, evitando contradi\u00e7\u00f5es nos julgamentos e proporcionando maior seguran\u00e7a jur\u00eddica. No caso do TST, a fixa\u00e7\u00e3o de teses vinculantes tem como objetivo acelerar a tramita\u00e7\u00e3o dos processos e reduzir o n\u00famero de recursos sobre temas que j\u00e1 foram pacificados, evitando que se sobrecarreguem os tribunais com quest\u00f5es que j\u00e1 t\u00eam uma resposta clara e consolidada.<\/p>\n<p style=\"font-weight: 400;\"><strong>O Impacto das Novas Teses para Trabalhadores e Empregadores<\/strong><\/p>\n<p style=\"font-weight: 400;\">A cria\u00e7\u00e3o de precedentes vinculantes pelo TST traz grandes implica\u00e7\u00f5es para as rela\u00e7\u00f5es de trabalho, tanto para trabalhadores quanto para empregadores. Com a jurisprud\u00eancia consolidada, ambas as partes passam a ter mais clareza e previsibilidade sobre os seus direitos e deveres, o que contribui para a resolu\u00e7\u00e3o de conflitos de forma mais eficiente. A uniformiza\u00e7\u00e3o das decis\u00f5es garante maior seguran\u00e7a jur\u00eddica, evitando decis\u00f5es conflitantes e proporcionando um ambiente mais est\u00e1vel para a resolu\u00e7\u00e3o de lit\u00edgios.<\/p>\n<p style=\"font-weight: 400;\">As teses abordam uma ampla gama de temas, que v\u00e3o desde quest\u00f5es relacionadas ao pagamento de comiss\u00f5es at\u00e9 a validade de rescis\u00f5es indiretas por atraso no FGTS. Isso significa que, doravante, as partes envolvidas ter\u00e3o maior certeza sobre como determinados temas ser\u00e3o tratados pela Justi\u00e7a do Trabalho, reduzindo a margem de inseguran\u00e7a.<\/p>\n<p style=\"font-weight: 400;\"><strong>Mudan\u00e7a de Paradigma: O TST Como Corte de Precedentes<\/strong><\/p>\n<p style=\"font-weight: 400;\">O presidente do TST, ministro Aloysio Corr\u00eaa da Veiga, destacou que o julgamento das novas teses representou um dia hist\u00f3rico para a Corte. A partir deste momento, o TST passa a se consolidar como uma corte de precedentes, e n\u00e3o mais uma corte de v\u00e9rtice, o que significa que ele agora tem um papel ativo na uniformiza\u00e7\u00e3o da jurisprud\u00eancia trabalhista.<\/p>\n<p style=\"font-weight: 400;\">Ele afirmou que a mudan\u00e7a de paradigma visa \u00e0 aplica\u00e7\u00e3o efetiva da compet\u00eancia da Justi\u00e7a do Trabalho, conforme preconizado pela Emenda Constitucional n\u00ba 45, e que a uniformiza\u00e7\u00e3o das decis\u00f5es \u00e9 essencial para garantir estabilidade, previsibilidade e seguran\u00e7a no \u00e2mbito das rela\u00e7\u00f5es de trabalho. O ministro refor\u00e7ou que, apesar da uniformiza\u00e7\u00e3o, a jurisprud\u00eancia n\u00e3o \u00e9 estanque, podendo ser revista e superada ao longo do tempo, mas que decis\u00f5es sobre casos id\u00eanticos precisam ser tratadas de forma igualit\u00e1ria.<\/p>\n<p style=\"font-weight: 400;\"><strong>Exemplos de Teses Fixadas:<\/strong><\/p>\n<p style=\"font-weight: 400;\">Dentre as 21 teses aprovadas pelo TST, algumas merecem destaque, como:<\/p>\n<ol style=\"font-weight: 400;\">\n<li><strong>Impossibilidade de Pagamento de FGTS Direto ao Empregado<\/strong><br>Quando o empregado aju\u00edza uma reclama\u00e7\u00e3o trabalhista para cobrar parcelas relativas ao FGTS, o pagamento dever\u00e1 ser feito em conta vinculada, e n\u00e3o diretamente ao trabalhador.<\/li>\n<li><strong>Intervalo para Mulher em Caso de Horas Extras<\/strong><br>O intervalo previsto no artigo 384 da CLT, destinado \u00e0s mulheres em jornadas de trabalho superiores a 6 horas, continua v\u00e1lido, mesmo ap\u00f3s a reforma trabalhista de 2017.<\/li>\n<li><strong>Multa por Atraso nas Verbas Rescis\u00f3rias<\/strong><br>Em caso de rescis\u00e3o indireta do contrato de trabalho, a multa prevista no artigo 477, \u00a78\u00ba, da CLT continua sendo devida, mesmo quando a rescis\u00e3o for reconhecida judicialmente.<\/li>\n<li><strong>Demiss\u00e3o de Empregada Gestante<\/strong><br>A demiss\u00e3o da empregada gestante que det\u00e9m estabilidade provis\u00f3ria somente \u00e9 v\u00e1lida se acompanhada de assist\u00eancia sindical ou da autoridade local competente.<\/li>\n<li><strong>Comiss\u00f5es sobre Vendas Canceladas<\/strong><br>O empregador n\u00e3o pode descontar comiss\u00f5es dos empregados sobre vendas que foram canceladas ou inadimplentes, mesmo que o cliente n\u00e3o tenha cumprido sua parte no contrato.<\/li>\n<li><strong>Dano Moral em Transporte de Valores<\/strong><br>O transporte de valores por trabalhadores n\u00e3o especializados em seguran\u00e7a configura risco \u00e0 integridade f\u00edsica e psicol\u00f3gica, sendo pass\u00edvel de indeniza\u00e7\u00e3o por danos morais, independentemente da prova de abalo psicol\u00f3gico.<\/li>\n<li><strong>Revista de bolsas e pertences<\/strong><br>A realiza\u00e7\u00e3o de revista apenas visual nos pertences dos empregados, quando feita de maneira impessoal, geral, sem contato f\u00edsico e sem expor o funcion\u00e1rio a situa\u00e7\u00f5es humilhantes ou vexat\u00f3rias, n\u00e3o configura ato il\u00edcito pass\u00edvel de gerar indeniza\u00e7\u00e3o por danos morais.<\/li>\n<li><strong>Rescis\u00e3o indireta por atraso no FGTS<\/strong><br>A falha no recolhimento dos dep\u00f3sitos de FGTS caracteriza o descumprimento de uma obriga\u00e7\u00e3o contratual, conforme o artigo 483, &#8220;d&#8221;, da CLT, sendo suficientemente grave para justificar a rescis\u00e3o indireta do contrato de trabalho, n\u00e3o sendo necess\u00e1ria a imediata rea\u00e7\u00e3o do empregado ao descumprimento.<\/li>\n<\/ol>\n<p style=\"font-weight: 400;\"><br><\/p><p style=\"font-weight: 400;\">Esses s\u00e3o apenas alguns exemplos, mas cada uma das 21 teses tem o poder de modificar profundamente a forma como as rela\u00e7\u00f5es de trabalho ser\u00e3o tratadas pela Justi\u00e7a. A uniformiza\u00e7\u00e3o traz maior seguran\u00e7a para as empresas, que podem evitar lit\u00edgios e gerir seus recursos com mais efici\u00eancia, e para os trabalhadores, que poder\u00e3o ver seus direitos respeitados de maneira mais previs\u00edvel.<br><\/p>\n<p style=\"font-weight: 400;\"><strong>Conclus\u00e3o<\/strong><\/p>\n<p style=\"font-weight: 400;\">A fixa\u00e7\u00e3o dessas novas teses vinculantes pelo TST representa um avan\u00e7o significativo na consolida\u00e7\u00e3o da jurisprud\u00eancia trabalhista, garantindo maior previsibilidade e estabilidade nas rela\u00e7\u00f5es de trabalho. Para trabalhadores e empregadores, \u00e9 essencial compreender esses novos precedentes para poderem se ajustar \u00e0s novas diretrizes e evitar lit\u00edgios desnecess\u00e1rios. O cen\u00e1rio, portanto, se torna mais claro, o que favorece a todos, assegurando uma aplica\u00e7\u00e3o mais justa e uniforme da legisla\u00e7\u00e3o trabalhista.<\/p>\n<p style=\"font-weight: 400;\">Caso tenha d\u00favidas sobre como essas novas teses podem impactar seu caso ou suas atividades, consulte um advogado especializado para orienta\u00e7\u00f5es detalhadas.<\/p>\n<p style=\"font-weight: 400;\">Fonte: https:\/\/tst.jus.br\/web\/guest\/-\/tst-define-21-novas-teses-vinculantes<\/p>\t\t\t\t\t\t\t\t<\/div>\n\t\t\t\t<\/div>\n\t\t\t\t<div class=\"elementor-element elementor-element-5b84150 elementor-widget-divider--view-line elementor-widget elementor-widget-divider\" data-id=\"5b84150\" data-element_type=\"widget\" data-e-type=\"widget\" data-widget_type=\"divider.default\">\n\t\t\t\t<div class=\"elementor-widget-container\">\n\t\t\t\t\t\t\t<div class=\"elementor-divider\">\n\t\t\t<span class=\"elementor-divider-separator\">\n\t\t\t\t\t\t<\/span>\n\t\t<\/div>\n\t\t\t\t\t\t<\/div>\n\t\t\t\t<\/div>\n\t\t\t\t\t<\/div>\n\t\t<\/div>\n\t\t\t\t\t<\/div>\n\t\t<\/section>\n\t\t\t\t<section class=\"elementor-section elementor-top-section elementor-element elementor-element-32c7bb4 elementor-section-boxed elementor-section-height-default elementor-section-height-default wpr-particle-no wpr-jarallax-no wpr-parallax-no wpr-sticky-section-no wpr-equal-height-no\" data-id=\"32c7bb4\" data-element_type=\"section\" data-e-type=\"section\">\n\t\t\t\t\t\t<div class=\"elementor-container elementor-column-gap-default\">\n\t\t\t\t\t<div class=\"elementor-column elementor-col-33 elementor-top-column elementor-element elementor-element-c3e93fa\" data-id=\"c3e93fa\" data-element_type=\"column\" data-e-type=\"column\">\n\t\t\t<div class=\"elementor-widget-wrap elementor-element-populated\">\n\t\t\t\t\t\t<div class=\"elementor-element elementor-element-d3dcfbe elementor-widget elementor-widget-image\" data-id=\"d3dcfbe\" data-element_type=\"widget\" data-e-type=\"widget\" data-widget_type=\"image.default\">\n\t\t\t\t<div class=\"elementor-widget-container\">\n\t\t\t\t\t\t\t\t\t\t\t\t\t\t\t<img fetchpriority=\"high\" decoding=\"async\" width=\"300\" height=\"300\" src=\"https:\/\/volponadvocacia.com.br\/wp-content\/uploads\/2023\/12\/Foto-autor-5-300x300.png\" class=\"attachment-medium size-medium wp-image-2164\" alt=\"\" srcset=\"https:\/\/volponadvocacia.com.br\/wp-content\/uploads\/2023\/12\/Foto-autor-5-300x300.png 300w, https:\/\/volponadvocacia.com.br\/wp-content\/uploads\/2023\/12\/Foto-autor-5-150x150.png 150w, https:\/\/volponadvocacia.com.br\/wp-content\/uploads\/2023\/12\/Foto-autor-5.png 485w\" sizes=\"(max-width: 300px) 100vw, 300px\" \/>\t\t\t\t\t\t\t\t\t\t\t\t\t\t\t<\/div>\n\t\t\t\t<\/div>\n\t\t\t\t\t<\/div>\n\t\t<\/div>\n\t\t\t\t<div class=\"elementor-column elementor-col-66 elementor-top-column elementor-element elementor-element-c1fe517\" data-id=\"c1fe517\" data-element_type=\"column\" data-e-type=\"column\">\n\t\t\t<div class=\"elementor-widget-wrap elementor-element-populated\">\n\t\t\t\t\t\t<div class=\"elementor-element elementor-element-9c2d431 elementor-widget elementor-widget-spacer\" data-id=\"9c2d431\" data-element_type=\"widget\" data-e-type=\"widget\" data-widget_type=\"spacer.default\">\n\t\t\t\t<div class=\"elementor-widget-container\">\n\t\t\t\t\t\t\t<div class=\"elementor-spacer\">\n\t\t\t<div class=\"elementor-spacer-inner\"><\/div>\n\t\t<\/div>\n\t\t\t\t\t\t<\/div>\n\t\t\t\t<\/div>\n\t\t\t\t<div class=\"elementor-element elementor-element-ae16359 elementor-widget elementor-widget-text-editor\" data-id=\"ae16359\" data-element_type=\"widget\" data-e-type=\"widget\" data-widget_type=\"text-editor.default\">\n\t\t\t\t<div class=\"elementor-widget-container\">\n\t\t\t\t\t\t\t\t\t<p><span style=\"font-size: 14pt;\"><strong>Autora:<\/strong> Waleska Reis Belini<br \/>Advogado Especialista em Direito do trabalho\u00a0<br \/><\/span><\/p><p><span style=\"font-size: 14pt;\"><strong>Data:<\/strong> Ribeir\u00e3o Preto, 28 de fevereiro de 2025.<\/span><\/p>\t\t\t\t\t\t\t\t<\/div>\n\t\t\t\t<\/div>\n\t\t\t\t\t<\/div>\n\t\t<\/div>\n\t\t\t\t\t<\/div>\n\t\t<\/section>\n\t\t\t\t<section class=\"elementor-section elementor-top-section elementor-element elementor-element-41e162ce elementor-section-boxed elementor-section-height-default elementor-section-height-default wpr-particle-no wpr-jarallax-no wpr-parallax-no wpr-sticky-section-no wpr-equal-height-no elementor-invisible\" data-id=\"41e162ce\" data-element_type=\"section\" data-e-type=\"section\" data-settings=\"{&quot;animation&quot;:&quot;fadeIn&quot;}\">\n\t\t\t\t\t\t<div class=\"elementor-container elementor-column-gap-default\">\n\t\t\t\t\t<div class=\"elementor-column elementor-col-50 elementor-top-column elementor-element elementor-element-dcefffe\" data-id=\"dcefffe\" data-element_type=\"column\" data-e-type=\"column\">\n\t\t\t<div class=\"elementor-widget-wrap elementor-element-populated\">\n\t\t\t\t\t\t<div class=\"elementor-element elementor-element-6c954252 elementor-widget elementor-widget-heading\" data-id=\"6c954252\" data-element_type=\"widget\" data-e-type=\"widget\" data-widget_type=\"heading.default\">\n\t\t\t\t<div class=\"elementor-widget-container\">\n\t\t\t\t\t<h2 class=\"elementor-heading-title elementor-size-default\">ENTRE EM CONTATO<\/h2>\t\t\t\t<\/div>\n\t\t\t\t<\/div>\n\t\t\t\t<div class=\"elementor-element elementor-element-a0b8ad2 elementor-widget elementor-widget-text-editor\" data-id=\"a0b8ad2\" data-element_type=\"widget\" data-e-type=\"widget\" data-widget_type=\"text-editor.default\">\n\t\t\t\t<div class=\"elementor-widget-container\">\n\t\t\t\t\t\t\t\t\t<p>Vamos conversar, preencha o formul\u00e1rio ao lado que nossa equipe logo entrara em contato com voc\u00ea!<\/p>\t\t\t\t\t\t\t\t<\/div>\n\t\t\t\t<\/div>\n\t\t\t\t<div class=\"elementor-element elementor-element-710ddb4c elementor-widget elementor-widget-heading\" data-id=\"710ddb4c\" data-element_type=\"widget\" data-e-type=\"widget\" data-widget_type=\"heading.default\">\n\t\t\t\t<div class=\"elementor-widget-container\">\n\t\t\t\t\t<h2 class=\"elementor-heading-title elementor-size-default\">Volpon Advocacia - Ribeir\u00e3o Preto SP<\/h2>\t\t\t\t<\/div>\n\t\t\t\t<\/div>\n\t\t\t\t<div class=\"elementor-element elementor-element-b73c7fd elementor-icon-list--layout-traditional elementor-list-item-link-full_width elementor-widget elementor-widget-icon-list\" data-id=\"b73c7fd\" data-element_type=\"widget\" data-e-type=\"widget\" data-widget_type=\"icon-list.default\">\n\t\t\t\t<div class=\"elementor-widget-container\">\n\t\t\t\t\t\t\t<ul class=\"elementor-icon-list-items\">\n\t\t\t\t\t\t\t<li class=\"elementor-icon-list-item\">\n\t\t\t\t\t\t\t\t\t\t\t<span class=\"elementor-icon-list-icon\">\n\t\t\t\t\t\t\t<i aria-hidden=\"true\" class=\"fab fa-whatsapp\"><\/i>\t\t\t\t\t\t<\/span>\n\t\t\t\t\t\t\t\t\t\t<span class=\"elementor-icon-list-text\">(16) 99743-0410<\/span>\n\t\t\t\t\t\t\t\t\t<\/li>\n\t\t\t\t\t\t\t\t<li class=\"elementor-icon-list-item\">\n\t\t\t\t\t\t\t\t\t\t\t<span class=\"elementor-icon-list-icon\">\n\t\t\t\t\t\t\t<i aria-hidden=\"true\" class=\"fas fa-phone-alt\"><\/i>\t\t\t\t\t\t<\/span>\n\t\t\t\t\t\t\t\t\t\t<span class=\"elementor-icon-list-text\">(16) 3916-9494<\/span>\n\t\t\t\t\t\t\t\t\t<\/li>\n\t\t\t\t\t\t\t\t<li class=\"elementor-icon-list-item\">\n\t\t\t\t\t\t\t\t\t\t\t<span class=\"elementor-icon-list-icon\">\n\t\t\t\t\t\t\t<i aria-hidden=\"true\" class=\"fas fa-envelope\"><\/i>\t\t\t\t\t\t<\/span>\n\t\t\t\t\t\t\t\t\t\t<span class=\"elementor-icon-list-text\">admvolpon@volponadvocacia.com.br<\/span>\n\t\t\t\t\t\t\t\t\t<\/li>\n\t\t\t\t\t\t\t\t<li class=\"elementor-icon-list-item\">\n\t\t\t\t\t\t\t\t\t\t\t<span class=\"elementor-icon-list-icon\">\n\t\t\t\t\t\t\t<i aria-hidden=\"true\" class=\"fas fa-envelope\"><\/i>\t\t\t\t\t\t<\/span>\n\t\t\t\t\t\t\t\t\t\t<span class=\"elementor-icon-list-text\">financeirovolpon@volponadvocacia.com.br<\/span>\n\t\t\t\t\t\t\t\t\t<\/li>\n\t\t\t\t\t\t\t\t<li class=\"elementor-icon-list-item\">\n\t\t\t\t\t\t\t\t\t\t\t<span class=\"elementor-icon-list-icon\">\n\t\t\t\t\t\t\t<i aria-hidden=\"true\" class=\"fas fa-map-marker-alt\"><\/i>\t\t\t\t\t\t<\/span>\n\t\t\t\t\t\t\t\t\t\t<span class=\"elementor-icon-list-text\">Av. Senador Cesar Vergueiro, 480 - sala 24 - Ribeir\u00e3o Preto - SP<\/span>\n\t\t\t\t\t\t\t\t\t<\/li>\n\t\t\t\t\t\t<\/ul>\n\t\t\t\t\t\t<\/div>\n\t\t\t\t<\/div>\n\t\t\t\t\t<\/div>\n\t\t<\/div>\n\t\t\t\t<div class=\"elementor-column elementor-col-50 elementor-top-column elementor-element elementor-element-6e87f0\" data-id=\"6e87f0\" data-element_type=\"column\" data-e-type=\"column\" data-settings=\"{&quot;background_background&quot;:&quot;classic&quot;}\">\n\t\t\t<div class=\"elementor-widget-wrap elementor-element-populated\">\n\t\t\t\t\t\t<div class=\"elementor-element elementor-element-56ba7bdf wpr-forms-submit-justify wpr-forms-align-left elementor-widget elementor-widget-wpr-forms\" data-id=\"56ba7bdf\" data-element_type=\"widget\" data-e-type=\"widget\" data-widget_type=\"wpr-forms.default\">\n\t\t\t\t<div class=\"elementor-widget-container\">\n\t\t\t\t\t<div class=\"wpr-forms-container wpr-custom-chk-radio\">\n<div class=\"wpcf7 no-js\" id=\"wpcf7-f5-o1\" lang=\"pt-BR\" dir=\"ltr\" data-wpcf7-id=\"5\">\n<div class=\"screen-reader-response\"><p role=\"status\" aria-live=\"polite\" aria-atomic=\"true\"><\/p> <ul><\/ul><\/div>\n<form action=\"\/index.php\/wp-json\/wp\/v2\/posts\/2691#wpcf7-f5-o1\" method=\"post\" class=\"wpcf7-form init\" aria-label=\"Formul\u00e1rios de contato\" novalidate=\"novalidate\" data-status=\"init\">\n<fieldset class=\"hidden-fields-container\"><input type=\"hidden\" name=\"_wpcf7\" value=\"5\" \/><input type=\"hidden\" name=\"_wpcf7_version\" value=\"6.1.5\" \/><input type=\"hidden\" name=\"_wpcf7_locale\" value=\"pt_BR\" \/><input type=\"hidden\" name=\"_wpcf7_unit_tag\" value=\"wpcf7-f5-o1\" \/><input type=\"hidden\" name=\"_wpcf7_container_post\" value=\"0\" \/><input type=\"hidden\" name=\"_wpcf7_posted_data_hash\" value=\"\" \/>\n<\/fieldset>\n<p><label> Seu nome<br \/>\n<span class=\"wpcf7-form-control-wrap\" data-name=\"your-name\"><input size=\"40\" maxlength=\"400\" class=\"wpcf7-form-control wpcf7-text wpcf7-validates-as-required\" autocomplete=\"name\" aria-required=\"true\" aria-invalid=\"false\" value=\"\" type=\"text\" name=\"your-name\" \/><\/span> <\/label>\n<\/p>\n<p><label> Seu e-mail<br \/>\n<span class=\"wpcf7-form-control-wrap\" data-name=\"your-email\"><input size=\"40\" maxlength=\"400\" class=\"wpcf7-form-control wpcf7-email wpcf7-validates-as-required wpcf7-text wpcf7-validates-as-email\" autocomplete=\"email\" aria-required=\"true\" aria-invalid=\"false\" value=\"\" type=\"email\" name=\"your-email\" \/><\/span> <\/label>\n<\/p>\n<p><label> Assunto<br \/>\n<span class=\"wpcf7-form-control-wrap\" data-name=\"your-subject\"><input size=\"40\" maxlength=\"400\" class=\"wpcf7-form-control wpcf7-text wpcf7-validates-as-required\" aria-required=\"true\" aria-invalid=\"false\" value=\"\" type=\"text\" name=\"your-subject\" \/><\/span> <\/label>\n<\/p>\n<p><label> Sua mensagem (opcional)<br \/>\n<span class=\"wpcf7-form-control-wrap\" data-name=\"your-message\"><textarea cols=\"40\" rows=\"10\" maxlength=\"2000\" class=\"wpcf7-form-control wpcf7-textarea\" aria-invalid=\"false\" name=\"your-message\"><\/textarea><\/span> <\/label>\n<\/p>\n<p><input class=\"wpcf7-form-control wpcf7-submit has-spinner\" type=\"submit\" value=\"Enviar\" \/>\n<\/p><div class=\"wpcf7-response-output\" aria-hidden=\"true\"><\/div>\n<\/form>\n<\/div>\n<\/div>\t\t\t\t<\/div>\n\t\t\t\t<\/div>\n\t\t\t\t\t<\/div>\n\t\t<\/div>\n\t\t\t\t\t<\/div>\n\t\t<\/section>\n\t\t\t\t<section class=\"elementor-section elementor-top-section elementor-element elementor-element-51d29329 elementor-section-full_width elementor-section-height-default elementor-section-height-default wpr-particle-no wpr-jarallax-no wpr-parallax-no wpr-sticky-section-no wpr-equal-height-no\" data-id=\"51d29329\" data-element_type=\"section\" data-e-type=\"section\">\n\t\t\t\t\t\t<div class=\"elementor-container elementor-column-gap-no\">\n\t\t\t\t\t<div class=\"elementor-column elementor-col-100 elementor-top-column elementor-element elementor-element-ff2ffb5\" data-id=\"ff2ffb5\" data-element_type=\"column\" data-e-type=\"column\">\n\t\t\t<div class=\"elementor-widget-wrap\">\n\t\t\t\t\t\t\t<\/div>\n\t\t<\/div>\n\t\t\t\t\t<\/div>\n\t\t<\/section>\n\t\t\t\t<\/div>\n\t\t","protected":false},"excerpt":{"rendered":"<p>Entenda a Consigna\u00e7\u00e3o em Pagamento Extrajudicial segundo o Novo C\u00f3digo de Processo Civil &nbsp; Em nosso escrit\u00f3rio de advocacia, entendemos a import\u00e2ncia da consigna\u00e7\u00e3o em pagamento extrajudicial conforme o novo C\u00f3digo de Processo Civil. Esse procedimento especial, embora mantenha algumas similaridades com o procedimento comum, apresenta diferen\u00e7as significativas que devem ser compreendidas. A consigna\u00e7\u00e3o em pagamento extrajudicial \u00e9 uma op\u00e7\u00e3o para o devedor ou um terceiro depositarem a quantia devida em um estabelecimento banc\u00e1rio oficial ou privado, quando n\u00e3o h\u00e1 um estabelecimento oficial dispon\u00edvel na cidade. Esse procedimento pode ser utilizado para o pagamento de quantias em dinheiro, inclusive alugu\u00e9is e seus encargos. A comunica\u00e7\u00e3o do dep\u00f3sito ao credor \u00e9 realizada por meio de carta com aviso de recebimento, concedendo-lhe um prazo de 10 dias para manifestar sua recusa por escrito. O dep\u00f3sito deve ser feito no banco localizado no lugar do pagamento, e a comunica\u00e7\u00e3o e a recusa devem ser dirigidas ao pr\u00f3prio banco. Ap\u00f3s o prazo de manifesta\u00e7\u00e3o de recusa, se o credor n\u00e3o se opuser ao pagamento, o devedor fica liberado da obriga\u00e7\u00e3o, e o comprovante de dep\u00f3sito serve como prova de quita\u00e7\u00e3o. O valor depositado fica \u00e0 disposi\u00e7\u00e3o do credor, que pode retir\u00e1-lo a qualquer momento. Caso o credor recuse o pagamento, o devedor tem um prazo de 1 m\u00eas para ingressar com a a\u00e7\u00e3o de consigna\u00e7\u00e3o judicial. \u00c9 importante ressaltar que esse prazo n\u00e3o \u00e9 decadencial ou prescricional, mas sim uma forma de preservar a efic\u00e1cia do dep\u00f3sito extrajudicial. Se a a\u00e7\u00e3o for proposta dentro do prazo, o devedor fica livre do valor depositado. Caso contr\u00e1rio, o valor poder\u00e1 ser levantado pelo devedor, e ele dever\u00e1 entrar com a a\u00e7\u00e3o de consigna\u00e7\u00e3o judicial. \u00c9 fundamental ingressar com a a\u00e7\u00e3o dentro do prazo estipulado, pois ap\u00f3s o vencimento desse prazo, o credor entrar\u00e1 em mora por n\u00e3o ter aceitado o pagamento. Nesse caso, os juros incidir\u00e3o apenas conforme as taxas banc\u00e1rias, e n\u00e3o conforme o contrato original. Se o devedor n\u00e3o ajuizar a a\u00e7\u00e3o dentro do prazo, ele pr\u00f3prio estar\u00e1 em mora, e os juros do contrato ser\u00e3o contados a partir da consigna\u00e7\u00e3o. Em nosso escrit\u00f3rio, estamos prontos para ajudar voc\u00ea a entender e conduzir corretamente o processo de consigna\u00e7\u00e3o em pagamento extrajudicial, proporcionando solu\u00e7\u00f5es eficientes para seus casos. Entre em contato conosco para mais informa\u00e7\u00f5es e orienta\u00e7\u00f5es sobre essa importante quest\u00e3o jur\u00eddica. Fonte do artigo: A consigna\u00e7\u00e3o em pagamento extrajudicial de acordo com o novo C\u00f3digo de Processo Civil &#8211; Jus.com.br | Jus Navigandi Tst define 21 novas teses vinculantes: impactos para trabalhadores e empregadores Na \u00faltima segunda-feira (24), o Tribunal Superior do Trabalho (TST) consolidou sua jurisprud\u00eancia com a fixa\u00e7\u00e3o de 21 novas teses jur\u00eddicas vinculantes, decidindo sobre temas que impactam diretamente as rela\u00e7\u00f5es trabalhistas. O julgamento dessas teses aconteceu em uma sess\u00e3o hist\u00f3rica, onde o TST, por meio de incidentes de recursos de revista repetitivos, estabeleceu diretrizes claras sobre diversos temas, que agora devem ser seguidas obrigatoriamente por tribunais e ju\u00edzes em casos semelhantes. O que S\u00e3o Precedentes Vinculantes? Precedentes vinculantes s\u00e3o decis\u00f5es jur\u00eddicas que devem ser seguidas de forma obrigat\u00f3ria por outros tribunais, ju\u00edzes e \u00f3rg\u00e3os da Justi\u00e7a. A finalidade principal dessa medida \u00e9 garantir maior uniformidade e previsibilidade nas decis\u00f5es, evitando contradi\u00e7\u00f5es nos julgamentos e proporcionando maior seguran\u00e7a jur\u00eddica. No caso do TST, a fixa\u00e7\u00e3o de teses vinculantes tem como objetivo acelerar a tramita\u00e7\u00e3o dos processos e reduzir o n\u00famero de recursos sobre temas que j\u00e1 foram pacificados, evitando que se sobrecarreguem os tribunais com quest\u00f5es que j\u00e1 t\u00eam uma resposta clara e consolidada. O Impacto das Novas Teses para Trabalhadores e Empregadores A cria\u00e7\u00e3o de precedentes vinculantes pelo TST traz grandes implica\u00e7\u00f5es para as rela\u00e7\u00f5es de trabalho, tanto para trabalhadores quanto para empregadores. Com a jurisprud\u00eancia consolidada, ambas as partes passam a ter mais clareza e previsibilidade sobre os seus direitos e deveres, o que contribui para a resolu\u00e7\u00e3o de conflitos de forma mais eficiente. A uniformiza\u00e7\u00e3o das decis\u00f5es garante maior seguran\u00e7a jur\u00eddica, evitando decis\u00f5es conflitantes e proporcionando um ambiente mais est\u00e1vel para a resolu\u00e7\u00e3o de lit\u00edgios. As teses abordam uma ampla gama de temas, que v\u00e3o desde quest\u00f5es relacionadas ao pagamento de comiss\u00f5es at\u00e9 a validade de rescis\u00f5es indiretas por atraso no FGTS. Isso significa que, doravante, as partes envolvidas ter\u00e3o maior certeza sobre como determinados temas ser\u00e3o tratados pela Justi\u00e7a do Trabalho, reduzindo a margem de inseguran\u00e7a. Mudan\u00e7a de Paradigma: O TST Como Corte de Precedentes O presidente do TST, ministro Aloysio Corr\u00eaa da Veiga, destacou que o julgamento das novas teses representou um dia hist\u00f3rico para a Corte. A partir deste momento, o TST passa a se consolidar como uma corte de precedentes, e n\u00e3o mais uma corte de v\u00e9rtice, o que significa que ele agora tem um papel ativo na uniformiza\u00e7\u00e3o da jurisprud\u00eancia trabalhista. Ele afirmou que a mudan\u00e7a de paradigma visa \u00e0 aplica\u00e7\u00e3o efetiva da compet\u00eancia da Justi\u00e7a do Trabalho, conforme preconizado pela Emenda Constitucional n\u00ba 45, e que a uniformiza\u00e7\u00e3o das decis\u00f5es \u00e9 essencial para garantir estabilidade, previsibilidade e seguran\u00e7a no \u00e2mbito das rela\u00e7\u00f5es de trabalho. O ministro refor\u00e7ou que, apesar da uniformiza\u00e7\u00e3o, a jurisprud\u00eancia n\u00e3o \u00e9 estanque, podendo ser revista e superada ao longo do tempo, mas que decis\u00f5es sobre casos id\u00eanticos precisam ser tratadas de forma igualit\u00e1ria. Exemplos de Teses Fixadas: Dentre as 21 teses aprovadas pelo TST, algumas merecem destaque, como: Impossibilidade de Pagamento de FGTS Direto ao EmpregadoQuando o empregado aju\u00edza uma reclama\u00e7\u00e3o trabalhista para cobrar parcelas relativas ao FGTS, o pagamento dever\u00e1 ser feito em conta vinculada, e n\u00e3o diretamente ao trabalhador. Intervalo para Mulher em Caso de Horas ExtrasO intervalo previsto no artigo 384 da CLT, destinado \u00e0s mulheres em jornadas de trabalho superiores a 6 horas, continua v\u00e1lido, mesmo ap\u00f3s a reforma trabalhista de 2017. Multa por Atraso nas Verbas Rescis\u00f3riasEm caso de rescis\u00e3o indireta do contrato de trabalho, a multa prevista no artigo 477, \u00a78\u00ba, da CLT continua sendo devida, mesmo quando a rescis\u00e3o for reconhecida judicialmente. Demiss\u00e3o de Empregada GestanteA demiss\u00e3o da empregada gestante que det\u00e9m estabilidade provis\u00f3ria somente \u00e9 v\u00e1lida se acompanhada de<\/p>\n","protected":false},"author":1,"featured_media":2700,"comment_status":"closed","ping_status":"open","sticky":false,"template":"elementor_canvas","format":"standard","meta":{"footnotes":""},"categories":[14,23],"tags":[],"class_list":["post-2691","post","type-post","status-publish","format-standard","has-post-thumbnail","hentry","category-artigo","category-assessoria-juridica"],"yoast_head":"<!-- This site is optimized with the Yoast SEO plugin v27.4 - https:\/\/yoast.com\/product\/yoast-seo-wordpress\/ -->\n<title>Tst define 21 novas teses vinculantes: impactos para trabalhadores e empregadores<\/title>\n<meta name=\"description\" content=\"Na \u00faltima segunda-feira (24), o Tribunal Superior do Trabalho (TST) consolidou sua jurisprud\u00eancia com a fixa\u00e7\u00e3o de 21 novas teses jur\u00eddicas..\" \/>\n<meta name=\"robots\" content=\"index, follow, max-snippet:-1, max-image-preview:large, max-video-preview:-1\" \/>\n<link rel=\"canonical\" href=\"https:\/\/volponadvocacia.com.br\/index.php\/2025\/02\/27\/tst-define-21-novas-teses-vinculantes-impactos-para-trabalhadores-e-empregadores\/\" \/>\n<meta property=\"og:locale\" content=\"pt_BR\" \/>\n<meta property=\"og:type\" content=\"article\" \/>\n<meta property=\"og:title\" content=\"Tst define 21 novas teses vinculantes: impactos para trabalhadores e empregadores\" \/>\n<meta property=\"og:description\" content=\"Na \u00faltima segunda-feira (24), o Tribunal Superior do Trabalho (TST) consolidou sua jurisprud\u00eancia com a fixa\u00e7\u00e3o de 21 novas teses jur\u00eddicas..\" \/>\n<meta property=\"og:url\" content=\"https:\/\/volponadvocacia.com.br\/index.php\/2025\/02\/27\/tst-define-21-novas-teses-vinculantes-impactos-para-trabalhadores-e-empregadores\/\" \/>\n<meta property=\"og:site_name\" content=\"Volpon Advocacia\" \/>\n<meta property=\"article:published_time\" content=\"2025-02-27T22:25:29+00:00\" \/>\n<meta property=\"article:modified_time\" content=\"2025-03-14T17:25:12+00:00\" \/>\n<meta property=\"og:image\" content=\"https:\/\/volponadvocacia.com.br\/wp-content\/uploads\/2025\/02\/Blog-marco-01.jpg\" \/>\n\t<meta property=\"og:image:width\" content=\"1080\" \/>\n\t<meta property=\"og:image:height\" content=\"1350\" \/>\n\t<meta property=\"og:image:type\" content=\"image\/jpeg\" \/>\n<meta name=\"author\" content=\"davanso\" \/>\n<meta name=\"twitter:card\" content=\"summary_large_image\" \/>\n<meta name=\"twitter:label1\" content=\"Escrito por\" \/>\n\t<meta name=\"twitter:data1\" content=\"davanso\" \/>\n\t<meta name=\"twitter:label2\" content=\"Est. tempo de leitura\" \/>\n\t<meta name=\"twitter:data2\" content=\"8 minutos\" \/>\n<script type=\"application\/ld+json\" class=\"yoast-schema-graph\">{\"@context\":\"https:\\\/\\\/schema.org\",\"@graph\":[{\"@type\":\"Article\",\"@id\":\"https:\\\/\\\/volponadvocacia.com.br\\\/index.php\\\/2025\\\/02\\\/27\\\/tst-define-21-novas-teses-vinculantes-impactos-para-trabalhadores-e-empregadores\\\/#article\",\"isPartOf\":{\"@id\":\"https:\\\/\\\/volponadvocacia.com.br\\\/index.php\\\/2025\\\/02\\\/27\\\/tst-define-21-novas-teses-vinculantes-impactos-para-trabalhadores-e-empregadores\\\/\"},\"author\":{\"name\":\"davanso\",\"@id\":\"https:\\\/\\\/volponadvocacia.com.br\\\/#\\\/schema\\\/person\\\/ff6f7fc0557a569f592e00afb4ca3fe6\"},\"headline\":\"Tst define 21 novas teses vinculantes: impactos para trabalhadores e empregadores\",\"datePublished\":\"2025-02-27T22:25:29+00:00\",\"dateModified\":\"2025-03-14T17:25:12+00:00\",\"mainEntityOfPage\":{\"@id\":\"https:\\\/\\\/volponadvocacia.com.br\\\/index.php\\\/2025\\\/02\\\/27\\\/tst-define-21-novas-teses-vinculantes-impactos-para-trabalhadores-e-empregadores\\\/\"},\"wordCount\":1578,\"publisher\":{\"@id\":\"https:\\\/\\\/volponadvocacia.com.br\\\/#organization\"},\"image\":{\"@id\":\"https:\\\/\\\/volponadvocacia.com.br\\\/index.php\\\/2025\\\/02\\\/27\\\/tst-define-21-novas-teses-vinculantes-impactos-para-trabalhadores-e-empregadores\\\/#primaryimage\"},\"thumbnailUrl\":\"https:\\\/\\\/volponadvocacia.com.br\\\/wp-content\\\/uploads\\\/2025\\\/02\\\/Blog-marco-01.jpg\",\"articleSection\":[\"Artigo\",\"Assessoria Jur\u00eddica\"],\"inLanguage\":\"pt-BR\"},{\"@type\":\"WebPage\",\"@id\":\"https:\\\/\\\/volponadvocacia.com.br\\\/index.php\\\/2025\\\/02\\\/27\\\/tst-define-21-novas-teses-vinculantes-impactos-para-trabalhadores-e-empregadores\\\/\",\"url\":\"https:\\\/\\\/volponadvocacia.com.br\\\/index.php\\\/2025\\\/02\\\/27\\\/tst-define-21-novas-teses-vinculantes-impactos-para-trabalhadores-e-empregadores\\\/\",\"name\":\"Tst define 21 novas teses vinculantes: impactos para trabalhadores e empregadores\",\"isPartOf\":{\"@id\":\"https:\\\/\\\/volponadvocacia.com.br\\\/#website\"},\"primaryImageOfPage\":{\"@id\":\"https:\\\/\\\/volponadvocacia.com.br\\\/index.php\\\/2025\\\/02\\\/27\\\/tst-define-21-novas-teses-vinculantes-impactos-para-trabalhadores-e-empregadores\\\/#primaryimage\"},\"image\":{\"@id\":\"https:\\\/\\\/volponadvocacia.com.br\\\/index.php\\\/2025\\\/02\\\/27\\\/tst-define-21-novas-teses-vinculantes-impactos-para-trabalhadores-e-empregadores\\\/#primaryimage\"},\"thumbnailUrl\":\"https:\\\/\\\/volponadvocacia.com.br\\\/wp-content\\\/uploads\\\/2025\\\/02\\\/Blog-marco-01.jpg\",\"datePublished\":\"2025-02-27T22:25:29+00:00\",\"dateModified\":\"2025-03-14T17:25:12+00:00\",\"description\":\"Na \u00faltima segunda-feira (24), o Tribunal Superior do Trabalho (TST) consolidou sua jurisprud\u00eancia com a fixa\u00e7\u00e3o de 21 novas teses jur\u00eddicas..\",\"breadcrumb\":{\"@id\":\"https:\\\/\\\/volponadvocacia.com.br\\\/index.php\\\/2025\\\/02\\\/27\\\/tst-define-21-novas-teses-vinculantes-impactos-para-trabalhadores-e-empregadores\\\/#breadcrumb\"},\"inLanguage\":\"pt-BR\",\"potentialAction\":[{\"@type\":\"ReadAction\",\"target\":[\"https:\\\/\\\/volponadvocacia.com.br\\\/index.php\\\/2025\\\/02\\\/27\\\/tst-define-21-novas-teses-vinculantes-impactos-para-trabalhadores-e-empregadores\\\/\"]}]},{\"@type\":\"ImageObject\",\"inLanguage\":\"pt-BR\",\"@id\":\"https:\\\/\\\/volponadvocacia.com.br\\\/index.php\\\/2025\\\/02\\\/27\\\/tst-define-21-novas-teses-vinculantes-impactos-para-trabalhadores-e-empregadores\\\/#primaryimage\",\"url\":\"https:\\\/\\\/volponadvocacia.com.br\\\/wp-content\\\/uploads\\\/2025\\\/02\\\/Blog-marco-01.jpg\",\"contentUrl\":\"https:\\\/\\\/volponadvocacia.com.br\\\/wp-content\\\/uploads\\\/2025\\\/02\\\/Blog-marco-01.jpg\",\"width\":1080,\"height\":1350},{\"@type\":\"BreadcrumbList\",\"@id\":\"https:\\\/\\\/volponadvocacia.com.br\\\/index.php\\\/2025\\\/02\\\/27\\\/tst-define-21-novas-teses-vinculantes-impactos-para-trabalhadores-e-empregadores\\\/#breadcrumb\",\"itemListElement\":[{\"@type\":\"ListItem\",\"position\":1,\"name\":\"In\u00edcio\",\"item\":\"https:\\\/\\\/volponadvocacia.com.br\\\/\"},{\"@type\":\"ListItem\",\"position\":2,\"name\":\"Tst define 21 novas teses vinculantes: impactos para trabalhadores e empregadores\"}]},{\"@type\":\"WebSite\",\"@id\":\"https:\\\/\\\/volponadvocacia.com.br\\\/#website\",\"url\":\"https:\\\/\\\/volponadvocacia.com.br\\\/\",\"name\":\"Volpon Advocacia\",\"description\":\"\",\"publisher\":{\"@id\":\"https:\\\/\\\/volponadvocacia.com.br\\\/#organization\"},\"potentialAction\":[{\"@type\":\"SearchAction\",\"target\":{\"@type\":\"EntryPoint\",\"urlTemplate\":\"https:\\\/\\\/volponadvocacia.com.br\\\/?s={search_term_string}\"},\"query-input\":{\"@type\":\"PropertyValueSpecification\",\"valueRequired\":true,\"valueName\":\"search_term_string\"}}],\"inLanguage\":\"pt-BR\"},{\"@type\":\"Organization\",\"@id\":\"https:\\\/\\\/volponadvocacia.com.br\\\/#organization\",\"name\":\"Volpon Advocacia\",\"url\":\"https:\\\/\\\/volponadvocacia.com.br\\\/\",\"logo\":{\"@type\":\"ImageObject\",\"inLanguage\":\"pt-BR\",\"@id\":\"https:\\\/\\\/volponadvocacia.com.br\\\/#\\\/schema\\\/logo\\\/image\\\/\",\"url\":\"https:\\\/\\\/volponadvocacia.com.br\\\/wp-content\\\/uploads\\\/2023\\\/03\\\/cropped-Logo-basica.png\",\"contentUrl\":\"https:\\\/\\\/volponadvocacia.com.br\\\/wp-content\\\/uploads\\\/2023\\\/03\\\/cropped-Logo-basica.png\",\"width\":1080,\"height\":1080,\"caption\":\"Volpon Advocacia\"},\"image\":{\"@id\":\"https:\\\/\\\/volponadvocacia.com.br\\\/#\\\/schema\\\/logo\\\/image\\\/\"}},{\"@type\":\"Person\",\"@id\":\"https:\\\/\\\/volponadvocacia.com.br\\\/#\\\/schema\\\/person\\\/ff6f7fc0557a569f592e00afb4ca3fe6\",\"name\":\"davanso\",\"image\":{\"@type\":\"ImageObject\",\"inLanguage\":\"pt-BR\",\"@id\":\"https:\\\/\\\/secure.gravatar.com\\\/avatar\\\/9b983ab1d786202648f6aaeac75b1be55cc1096d9a247aa182ef688bbfe03993?s=96&d=mm&r=g\",\"url\":\"https:\\\/\\\/secure.gravatar.com\\\/avatar\\\/9b983ab1d786202648f6aaeac75b1be55cc1096d9a247aa182ef688bbfe03993?s=96&d=mm&r=g\",\"contentUrl\":\"https:\\\/\\\/secure.gravatar.com\\\/avatar\\\/9b983ab1d786202648f6aaeac75b1be55cc1096d9a247aa182ef688bbfe03993?s=96&d=mm&r=g\",\"caption\":\"davanso\"},\"sameAs\":[\"https:\\\/\\\/volponadvocacia.com.br\"],\"url\":\"https:\\\/\\\/volponadvocacia.com.br\\\/index.php\\\/author\\\/davanso\\\/\"}]}<\/script>\n<!-- \/ Yoast SEO plugin. -->","yoast_head_json":{"title":"Tst define 21 novas teses vinculantes: impactos para trabalhadores e empregadores","description":"Na \u00faltima segunda-feira (24), o Tribunal Superior do Trabalho (TST) consolidou sua jurisprud\u00eancia com a fixa\u00e7\u00e3o de 21 novas teses jur\u00eddicas..","robots":{"index":"index","follow":"follow","max-snippet":"max-snippet:-1","max-image-preview":"max-image-preview:large","max-video-preview":"max-video-preview:-1"},"canonical":"https:\/\/volponadvocacia.com.br\/index.php\/2025\/02\/27\/tst-define-21-novas-teses-vinculantes-impactos-para-trabalhadores-e-empregadores\/","og_locale":"pt_BR","og_type":"article","og_title":"Tst define 21 novas teses vinculantes: impactos para trabalhadores e empregadores","og_description":"Na \u00faltima segunda-feira (24), o Tribunal Superior do Trabalho (TST) consolidou sua jurisprud\u00eancia com a fixa\u00e7\u00e3o de 21 novas teses jur\u00eddicas..","og_url":"https:\/\/volponadvocacia.com.br\/index.php\/2025\/02\/27\/tst-define-21-novas-teses-vinculantes-impactos-para-trabalhadores-e-empregadores\/","og_site_name":"Volpon Advocacia","article_published_time":"2025-02-27T22:25:29+00:00","article_modified_time":"2025-03-14T17:25:12+00:00","og_image":[{"width":1080,"height":1350,"url":"https:\/\/volponadvocacia.com.br\/wp-content\/uploads\/2025\/02\/Blog-marco-01.jpg","type":"image\/jpeg"}],"author":"davanso","twitter_card":"summary_large_image","twitter_misc":{"Escrito por":"davanso","Est. tempo de leitura":"8 minutos"},"schema":{"@context":"https:\/\/schema.org","@graph":[{"@type":"Article","@id":"https:\/\/volponadvocacia.com.br\/index.php\/2025\/02\/27\/tst-define-21-novas-teses-vinculantes-impactos-para-trabalhadores-e-empregadores\/#article","isPartOf":{"@id":"https:\/\/volponadvocacia.com.br\/index.php\/2025\/02\/27\/tst-define-21-novas-teses-vinculantes-impactos-para-trabalhadores-e-empregadores\/"},"author":{"name":"davanso","@id":"https:\/\/volponadvocacia.com.br\/#\/schema\/person\/ff6f7fc0557a569f592e00afb4ca3fe6"},"headline":"Tst define 21 novas teses vinculantes: impactos para trabalhadores e empregadores","datePublished":"2025-02-27T22:25:29+00:00","dateModified":"2025-03-14T17:25:12+00:00","mainEntityOfPage":{"@id":"https:\/\/volponadvocacia.com.br\/index.php\/2025\/02\/27\/tst-define-21-novas-teses-vinculantes-impactos-para-trabalhadores-e-empregadores\/"},"wordCount":1578,"publisher":{"@id":"https:\/\/volponadvocacia.com.br\/#organization"},"image":{"@id":"https:\/\/volponadvocacia.com.br\/index.php\/2025\/02\/27\/tst-define-21-novas-teses-vinculantes-impactos-para-trabalhadores-e-empregadores\/#primaryimage"},"thumbnailUrl":"https:\/\/volponadvocacia.com.br\/wp-content\/uploads\/2025\/02\/Blog-marco-01.jpg","articleSection":["Artigo","Assessoria Jur\u00eddica"],"inLanguage":"pt-BR"},{"@type":"WebPage","@id":"https:\/\/volponadvocacia.com.br\/index.php\/2025\/02\/27\/tst-define-21-novas-teses-vinculantes-impactos-para-trabalhadores-e-empregadores\/","url":"https:\/\/volponadvocacia.com.br\/index.php\/2025\/02\/27\/tst-define-21-novas-teses-vinculantes-impactos-para-trabalhadores-e-empregadores\/","name":"Tst define 21 novas teses vinculantes: impactos para trabalhadores e empregadores","isPartOf":{"@id":"https:\/\/volponadvocacia.com.br\/#website"},"primaryImageOfPage":{"@id":"https:\/\/volponadvocacia.com.br\/index.php\/2025\/02\/27\/tst-define-21-novas-teses-vinculantes-impactos-para-trabalhadores-e-empregadores\/#primaryimage"},"image":{"@id":"https:\/\/volponadvocacia.com.br\/index.php\/2025\/02\/27\/tst-define-21-novas-teses-vinculantes-impactos-para-trabalhadores-e-empregadores\/#primaryimage"},"thumbnailUrl":"https:\/\/volponadvocacia.com.br\/wp-content\/uploads\/2025\/02\/Blog-marco-01.jpg","datePublished":"2025-02-27T22:25:29+00:00","dateModified":"2025-03-14T17:25:12+00:00","description":"Na \u00faltima segunda-feira (24), o Tribunal Superior do Trabalho (TST) consolidou sua jurisprud\u00eancia com a fixa\u00e7\u00e3o de 21 novas teses jur\u00eddicas..","breadcrumb":{"@id":"https:\/\/volponadvocacia.com.br\/index.php\/2025\/02\/27\/tst-define-21-novas-teses-vinculantes-impactos-para-trabalhadores-e-empregadores\/#breadcrumb"},"inLanguage":"pt-BR","potentialAction":[{"@type":"ReadAction","target":["https:\/\/volponadvocacia.com.br\/index.php\/2025\/02\/27\/tst-define-21-novas-teses-vinculantes-impactos-para-trabalhadores-e-empregadores\/"]}]},{"@type":"ImageObject","inLanguage":"pt-BR","@id":"https:\/\/volponadvocacia.com.br\/index.php\/2025\/02\/27\/tst-define-21-novas-teses-vinculantes-impactos-para-trabalhadores-e-empregadores\/#primaryimage","url":"https:\/\/volponadvocacia.com.br\/wp-content\/uploads\/2025\/02\/Blog-marco-01.jpg","contentUrl":"https:\/\/volponadvocacia.com.br\/wp-content\/uploads\/2025\/02\/Blog-marco-01.jpg","width":1080,"height":1350},{"@type":"BreadcrumbList","@id":"https:\/\/volponadvocacia.com.br\/index.php\/2025\/02\/27\/tst-define-21-novas-teses-vinculantes-impactos-para-trabalhadores-e-empregadores\/#breadcrumb","itemListElement":[{"@type":"ListItem","position":1,"name":"In\u00edcio","item":"https:\/\/volponadvocacia.com.br\/"},{"@type":"ListItem","position":2,"name":"Tst define 21 novas teses vinculantes: impactos para trabalhadores e empregadores"}]},{"@type":"WebSite","@id":"https:\/\/volponadvocacia.com.br\/#website","url":"https:\/\/volponadvocacia.com.br\/","name":"Volpon Advocacia","description":"","publisher":{"@id":"https:\/\/volponadvocacia.com.br\/#organization"},"potentialAction":[{"@type":"SearchAction","target":{"@type":"EntryPoint","urlTemplate":"https:\/\/volponadvocacia.com.br\/?s={search_term_string}"},"query-input":{"@type":"PropertyValueSpecification","valueRequired":true,"valueName":"search_term_string"}}],"inLanguage":"pt-BR"},{"@type":"Organization","@id":"https:\/\/volponadvocacia.com.br\/#organization","name":"Volpon Advocacia","url":"https:\/\/volponadvocacia.com.br\/","logo":{"@type":"ImageObject","inLanguage":"pt-BR","@id":"https:\/\/volponadvocacia.com.br\/#\/schema\/logo\/image\/","url":"https:\/\/volponadvocacia.com.br\/wp-content\/uploads\/2023\/03\/cropped-Logo-basica.png","contentUrl":"https:\/\/volponadvocacia.com.br\/wp-content\/uploads\/2023\/03\/cropped-Logo-basica.png","width":1080,"height":1080,"caption":"Volpon Advocacia"},"image":{"@id":"https:\/\/volponadvocacia.com.br\/#\/schema\/logo\/image\/"}},{"@type":"Person","@id":"https:\/\/volponadvocacia.com.br\/#\/schema\/person\/ff6f7fc0557a569f592e00afb4ca3fe6","name":"davanso","image":{"@type":"ImageObject","inLanguage":"pt-BR","@id":"https:\/\/secure.gravatar.com\/avatar\/9b983ab1d786202648f6aaeac75b1be55cc1096d9a247aa182ef688bbfe03993?s=96&d=mm&r=g","url":"https:\/\/secure.gravatar.com\/avatar\/9b983ab1d786202648f6aaeac75b1be55cc1096d9a247aa182ef688bbfe03993?s=96&d=mm&r=g","contentUrl":"https:\/\/secure.gravatar.com\/avatar\/9b983ab1d786202648f6aaeac75b1be55cc1096d9a247aa182ef688bbfe03993?s=96&d=mm&r=g","caption":"davanso"},"sameAs":["https:\/\/volponadvocacia.com.br"],"url":"https:\/\/volponadvocacia.com.br\/index.php\/author\/davanso\/"}]}},"_links":{"self":[{"href":"https:\/\/volponadvocacia.com.br\/index.php\/wp-json\/wp\/v2\/posts\/2691","targetHints":{"allow":["GET"]}}],"collection":[{"href":"https:\/\/volponadvocacia.com.br\/index.php\/wp-json\/wp\/v2\/posts"}],"about":[{"href":"https:\/\/volponadvocacia.com.br\/index.php\/wp-json\/wp\/v2\/types\/post"}],"author":[{"embeddable":true,"href":"https:\/\/volponadvocacia.com.br\/index.php\/wp-json\/wp\/v2\/users\/1"}],"replies":[{"embeddable":true,"href":"https:\/\/volponadvocacia.com.br\/index.php\/wp-json\/wp\/v2\/comments?post=2691"}],"version-history":[{"count":11,"href":"https:\/\/volponadvocacia.com.br\/index.php\/wp-json\/wp\/v2\/posts\/2691\/revisions"}],"predecessor-version":[{"id":2718,"href":"https:\/\/volponadvocacia.com.br\/index.php\/wp-json\/wp\/v2\/posts\/2691\/revisions\/2718"}],"wp:featuredmedia":[{"embeddable":true,"href":"https:\/\/volponadvocacia.com.br\/index.php\/wp-json\/wp\/v2\/media\/2700"}],"wp:attachment":[{"href":"https:\/\/volponadvocacia.com.br\/index.php\/wp-json\/wp\/v2\/media?parent=2691"}],"wp:term":[{"taxonomy":"category","embeddable":true,"href":"https:\/\/volponadvocacia.com.br\/index.php\/wp-json\/wp\/v2\/categories?post=2691"},{"taxonomy":"post_tag","embeddable":true,"href":"https:\/\/volponadvocacia.com.br\/index.php\/wp-json\/wp\/v2\/tags?post=2691"}],"curies":[{"name":"wp","href":"https:\/\/api.w.org\/{rel}","templated":true}]}}