{"id":2918,"date":"2025-08-15T14:59:56","date_gmt":"2025-08-15T17:59:56","guid":{"rendered":"https:\/\/volponadvocacia.com.br\/?p=2918"},"modified":"2025-08-15T16:31:30","modified_gmt":"2025-08-15T19:31:30","slug":"especialistas-bilingues-ponte-estrategica-na-mediacao-e-redacao-de-contratos-empresariais","status":"publish","type":"post","link":"https:\/\/volponadvocacia.com.br\/index.php\/2025\/08\/15\/especialistas-bilingues-ponte-estrategica-na-mediacao-e-redacao-de-contratos-empresariais\/","title":{"rendered":"Especialistas bil\u00edngues: ponte estrat\u00e9gica na media\u00e7\u00e3o e reda\u00e7\u00e3o de contratos empresariais"},"content":{"rendered":"\t\t<div data-elementor-type=\"wp-post\" data-elementor-id=\"2918\" class=\"elementor elementor-2918\">\n\t\t\t\t\t\t<section class=\"elementor-section elementor-top-section elementor-element elementor-element-7b1a602 elementor-section-boxed elementor-section-height-default elementor-section-height-default wpr-particle-no wpr-jarallax-no wpr-parallax-no wpr-sticky-section-no wpr-equal-height-no\" data-id=\"7b1a602\" data-element_type=\"section\" data-e-type=\"section\">\n\t\t\t\t\t\t<div class=\"elementor-container elementor-column-gap-default\">\n\t\t\t\t\t<div class=\"elementor-column elementor-col-100 elementor-top-column elementor-element elementor-element-638a8e\" data-id=\"638a8e\" data-element_type=\"column\" data-e-type=\"column\">\n\t\t\t<div class=\"elementor-widget-wrap elementor-element-populated\">\n\t\t\t\t\t\t<div class=\"elementor-element elementor-element-71332b76 elementor-widget elementor-widget-text-editor\" data-id=\"71332b76\" data-element_type=\"widget\" data-e-type=\"widget\" data-widget_type=\"text-editor.default\">\n\t\t\t\t<div class=\"elementor-widget-container\">\n\t\t\t\t\t\t\t\t\t<em>Entenda a Consigna\u00e7\u00e3o em Pagamento Extrajudicial segundo o Novo C\u00f3digo de Processo Civil<\/em>\r\n\r\n&nbsp;\r\n\r\nEm nosso escrit\u00f3rio de advocacia, entendemos a import\u00e2ncia da consigna\u00e7\u00e3o em pagamento extrajudicial conforme o novo C\u00f3digo de Processo Civil. Esse procedimento especial, embora mantenha algumas similaridades com o procedimento comum, apresenta diferen\u00e7as significativas que devem ser compreendidas.\r\n\r\nA consigna\u00e7\u00e3o em pagamento extrajudicial \u00e9 uma op\u00e7\u00e3o para o devedor ou um terceiro depositarem a quantia devida em um estabelecimento banc\u00e1rio oficial ou privado, quando n\u00e3o h\u00e1 um estabelecimento oficial dispon\u00edvel na cidade. Esse procedimento pode ser utilizado para o pagamento de quantias em dinheiro, inclusive alugu\u00e9is e seus encargos.\r\n\r\nA comunica\u00e7\u00e3o do dep\u00f3sito ao credor \u00e9 realizada por meio de carta com aviso de recebimento, concedendo-lhe um prazo de 10 dias para manifestar sua recusa por escrito. O dep\u00f3sito deve ser feito no banco localizado no lugar do pagamento, e a comunica\u00e7\u00e3o e a recusa devem ser dirigidas ao pr\u00f3prio banco.\r\n\r\nAp\u00f3s o prazo de manifesta\u00e7\u00e3o de recusa, se o credor n\u00e3o se opuser ao pagamento, o devedor fica liberado da obriga\u00e7\u00e3o, e o comprovante de dep\u00f3sito serve como prova de quita\u00e7\u00e3o. O valor depositado fica \u00e0 disposi\u00e7\u00e3o do credor, que pode retir\u00e1-lo a qualquer momento.\r\n\r\nCaso o credor recuse o pagamento, o devedor tem um prazo de 1 m\u00eas para ingressar com a a\u00e7\u00e3o de consigna\u00e7\u00e3o judicial. \u00c9 importante ressaltar que esse prazo n\u00e3o \u00e9 decadencial ou prescricional, mas sim uma forma de preservar a efic\u00e1cia do dep\u00f3sito extrajudicial. Se a a\u00e7\u00e3o for proposta dentro do prazo, o devedor fica livre do valor depositado. Caso contr\u00e1rio, o valor poder\u00e1 ser levantado pelo devedor, e ele dever\u00e1 entrar com a a\u00e7\u00e3o de consigna\u00e7\u00e3o judicial.\r\n\r\n\u00c9 fundamental ingressar com a a\u00e7\u00e3o dentro do prazo estipulado, pois ap\u00f3s o vencimento desse prazo, o credor entrar\u00e1 em mora por n\u00e3o ter aceitado o pagamento. Nesse caso, os juros incidir\u00e3o apenas conforme as taxas banc\u00e1rias, e n\u00e3o conforme o contrato original. Se o devedor n\u00e3o ajuizar a a\u00e7\u00e3o dentro do prazo, ele pr\u00f3prio estar\u00e1 em mora, e os juros do contrato ser\u00e3o contados a partir da consigna\u00e7\u00e3o.\r\n\r\nEm nosso escrit\u00f3rio, estamos prontos para ajudar voc\u00ea a entender e conduzir corretamente o processo de consigna\u00e7\u00e3o em pagamento extrajudicial, proporcionando solu\u00e7\u00f5es eficientes para seus casos. Entre em contato conosco para mais informa\u00e7\u00f5es e orienta\u00e7\u00f5es sobre essa importante quest\u00e3o jur\u00eddica.\r\n\r\nFonte do artigo: <a href=\"https:\/\/jus.com.br\/artigos\/39212\/a-consignacao-em-pagamento-extrajudicial-de-acordo-com-o-novo-codigo-de-processo-civil\">A consigna\u00e7\u00e3o em pagamento extrajudicial de acordo com o novo C\u00f3digo de Processo Civil &#8211; Jus.com.br | Jus Navigandi<\/a>\t\t\t\t\t\t\t\t<\/div>\n\t\t\t\t<\/div>\n\t\t\t\t\t<\/div>\n\t\t<\/div>\n\t\t\t\t\t<\/div>\n\t\t<\/section>\n\t\t\t\t<section class=\"elementor-section elementor-top-section elementor-element elementor-element-57fc1488 elementor-section-height-min-height elementor-section-boxed elementor-section-height-default elementor-section-items-middle wpr-particle-no wpr-jarallax-no wpr-parallax-no wpr-sticky-section-no wpr-equal-height-no\" data-id=\"57fc1488\" data-element_type=\"section\" data-e-type=\"section\" data-settings=\"{&quot;background_background&quot;:&quot;classic&quot;,&quot;shape_divider_bottom&quot;:&quot;tilt&quot;}\">\n\t\t\t\t\t\t\t<div class=\"elementor-background-overlay\"><\/div>\n\t\t\t\t\t\t<div class=\"elementor-shape elementor-shape-bottom\" aria-hidden=\"true\" data-negative=\"false\">\n\t\t\t<svg xmlns=\"http:\/\/www.w3.org\/2000\/svg\" viewBox=\"0 0 1000 100\" preserveAspectRatio=\"none\">\n\t<path class=\"elementor-shape-fill\" d=\"M0,6V0h1000v100L0,6z\"\/>\n<\/svg>\t\t<\/div>\n\t\t\t\t\t<div class=\"elementor-container elementor-column-gap-default\">\n\t\t\t\t\t<div class=\"elementor-column elementor-col-100 elementor-top-column elementor-element elementor-element-4a22188f\" data-id=\"4a22188f\" data-element_type=\"column\" data-e-type=\"column\">\n\t\t\t<div class=\"elementor-widget-wrap elementor-element-populated\">\n\t\t\t\t\t\t<div class=\"elementor-element elementor-element-7a38d84d elementor-widget elementor-widget-heading\" data-id=\"7a38d84d\" data-element_type=\"widget\" data-e-type=\"widget\" data-widget_type=\"heading.default\">\n\t\t\t\t<div class=\"elementor-widget-container\">\n\t\t\t\t\t<h2 class=\"elementor-heading-title elementor-size-default\">Especialistas bil\u00edngues: ponte estrat\u00e9gica na media\u00e7\u00e3o e reda\u00e7\u00e3o de contratos empresariais<\/h2>\t\t\t\t<\/div>\n\t\t\t\t<\/div>\n\t\t\t\t\t<\/div>\n\t\t<\/div>\n\t\t\t\t\t<\/div>\n\t\t<\/section>\n\t\t\t\t<section class=\"elementor-section elementor-top-section elementor-element elementor-element-b029dd5 elementor-section-boxed elementor-section-height-default elementor-section-height-default wpr-particle-no wpr-jarallax-no wpr-parallax-no wpr-sticky-section-no wpr-equal-height-no\" data-id=\"b029dd5\" data-element_type=\"section\" data-e-type=\"section\" data-settings=\"{&quot;background_background&quot;:&quot;classic&quot;}\">\n\t\t\t\t\t\t<div class=\"elementor-container elementor-column-gap-default\">\n\t\t\t\t\t<div class=\"elementor-column elementor-col-100 elementor-top-column elementor-element elementor-element-1988b03\" data-id=\"1988b03\" data-element_type=\"column\" data-e-type=\"column\">\n\t\t\t<div class=\"elementor-widget-wrap elementor-element-populated\">\n\t\t\t\t\t\t<div class=\"elementor-element elementor-element-04a607f elementor-widget__width-initial elementor-widget elementor-widget-text-editor\" data-id=\"04a607f\" data-element_type=\"widget\" data-e-type=\"widget\" data-widget_type=\"text-editor.default\">\n\t\t\t\t<div class=\"elementor-widget-container\">\n\t\t\t\t\t\t\t\t\t<p style=\"font-weight: 400;\">A evolu\u00e7\u00e3o digital, acelerada pelas adversidades enfrentadas durante a Pandemia (Covid-19), facilitou a internacionaliza\u00e7\u00e3o dos neg\u00f3cios, possibilitando a intera\u00e7\u00e3o virtual imediata entre partes situadas em diferentes pa\u00edses.<\/p><p style=\"font-weight: 400;\">Deste modo, negocia\u00e7\u00f5es que levavam meses para conclus\u00e3o, podem ser discutidas e validadas em poucas horas, em virtude da tecnologia, ampliando a procura por novos mercados al\u00e9m das fronteiras nacionais.<\/p><p style=\"font-weight: 400;\">Ocorre que mesmo diante das facilidades tecnol\u00f3gicas, incluindo tradutores virtuais e Intelig\u00eancia Artificial, as partes envolvidas encontram grandes desafios lingu\u00edsticos e culturais na negocia\u00e7\u00e3o e formaliza\u00e7\u00e3o dos contratos.<\/p><p style=\"font-weight: 400;\">Em virtude disso, profissionais jur\u00eddicos bil\u00edngues s\u00e3o essenciais para garantir clareza, precis\u00e3o e efic\u00e1cia jur\u00eddica na constru\u00e7\u00e3o, na media\u00e7\u00e3o e na execu\u00e7\u00e3o dos contratos empresariais.<\/p><p style=\"font-weight: 400;\">Assim como a linguagem jur\u00eddica confunde e assusta a popula\u00e7\u00e3o em geral, nativa no idioma p\u00e1trio, mas leiga na linguagem t\u00e9cnica do direito, os profissionais estrangeiros enfrentam essa dificuldade de forma ampliada. N\u00e3o basta serem fluentes e tecnicamente capacitados no idioma local, \u00e9 preciso conhecer as especificidades t\u00e9cnicas de cada \u00e1rea de atua\u00e7\u00e3o comercial, al\u00e9m dos regionalismos inerentes a cada na\u00e7\u00e3o.<\/p><p style=\"font-weight: 400;\">Os contratos exigem precis\u00e3o terminol\u00f3gica e jur\u00eddica que agravam a comunica\u00e7\u00e3o entre as partes, dado que as ambiguidades lingu\u00edsticas podem gerar lit\u00edgios e preju\u00edzos, e as tradu\u00e7\u00f5es literais podem distorcer cl\u00e1usulas importantes.<\/p><p style=\"font-weight: 400;\">Desse modo, especialistas bil\u00edngues atuam como mediadores culturais, n\u00e3o apenas tradutores, adequando as terminologias \u00e0s necessidades de cada cliente, respeitando as particularidades de cada cultura envolvida na negocia\u00e7\u00e3o.<\/p><p style=\"font-weight: 400;\">Al\u00e9m disso, eles possuem a capacidade de compreender nuances legais e comerciais de diferentes jurisdi\u00e7\u00f5es, podendo transitar com facilidade pelas regras estabelecidas por organiza\u00e7\u00f5es internacionais, quando necess\u00e1rio, visando globalizar princ\u00edpios base dos contratos internacionais, como \u00e9 o caso, por exemplo, do International Institute for the Unification of Private Law Unidroit, com sede em Roma, e do qual o Brasil \u00e9 signat\u00e1rio.<\/p><p style=\"font-weight: 400;\">Somado ao fato de facilitarem as negocia\u00e7\u00f5es, evitando mal-entendidos e promovendo empatia entre as partes, as vantagens da utiliza\u00e7\u00e3o de profissionais bil\u00edngues se encontram na redu\u00e7\u00e3o de riscos jur\u00eddicos; agilidade na negocia\u00e7\u00e3o e reda\u00e7\u00e3o contratual; maior confian\u00e7a entre as partes envolvidas; e adequa\u00e7\u00e3o ao contexto legal e comercial de cada pa\u00eds.<\/p><p style=\"font-weight: 400;\">O bom profissional bil\u00edngue \u00e9 aquele que cumula as habilidades t\u00e9cnicas, como a forma\u00e7\u00e3o jur\u00eddica, a flu\u00eancia em idiomas relevantes e conhecimento de terminologia t\u00e9cnica e legisla\u00e7\u00e3o comparada, com as habilidades interpessoais e sensibilidade cultural.<\/p><p style=\"font-weight: 400;\">A utiliza\u00e7\u00e3o desses profissionais permite n\u00e3o s\u00f3 a correta formaliza\u00e7\u00e3o do neg\u00f3cio, mas a longevidade contratual, gerando maior efici\u00eancia e efic\u00e1cia nas contrata\u00e7\u00f5es.<\/p><p style=\"font-weight: 400;\">Diante da crescente internacionaliza\u00e7\u00e3o dos neg\u00f3cios impulsionada pela evolu\u00e7\u00e3o digital, torna-se evidente que a atua\u00e7\u00e3o de profissionais jur\u00eddicos bil\u00edngues \u00e9 um diferencial estrat\u00e9gico indispens\u00e1vel. Mais do que tradutores, esses profissionais desempenham o papel de verdadeiros int\u00e9rpretes jur\u00eddicos e culturais, assegurando que os contratos empresariais transcendam barreiras lingu\u00edsticas e normativas com precis\u00e3o, clareza e seguran\u00e7a.<\/p><p style=\"font-weight: 400;\">Ao integrar compet\u00eancias t\u00e9cnicas e sensibilidade intercultural, contribuem diretamente para a solidez das rela\u00e7\u00f5es comerciais internacionais, mitigando riscos, promovendo confian\u00e7a m\u00fatua e garantindo que os acordos firmados reflitam fielmente a vontade das partes envolvidas.<\/p><p style=\"font-weight: 400;\">Assim, investir na media\u00e7\u00e3o especializada \u00e9 investir na sustentabilidade e no sucesso das parcerias globais. Em um mercado cada vez mais interconectado, esse \u00e9 um passo essencial para empresas que desejam prosperar com seguran\u00e7a e solidez.<\/p><p style=\"font-weight: 400;\">*Refer\u00eancias Bibliogr\u00e1ficas<\/p><p style=\"font-weight: 400;\">BC MARKETING. O impacto da economia digital no com\u00e9rcio internacional e na globaliza\u00e7\u00e3o. 2023. Dispon\u00edvel em: <a href=\"https:\/\/www.bcmarketing.com.br\/post\/o-impacto-da-economia-digital-no-com%C3%A9rcio-internacional-e-na-globaliza%C3%A7%C3%A3o\">https:\/\/www.bcmarketing.com.br\/post\/o-impacto-da-economia-digital-no-com%C3%A9rcio-internacional-e-na-globaliza%C3%A7%C3%A3o<\/a>. Acesso em: 14 ago. 2025.<\/p><p style=\"font-weight: 400;\">BILINGUISMO EM FOCO. A demanda por profissionais bil\u00edngues em um mundo competitivo. 2022. Dispon\u00edvel em: <a href=\"https:\/\/bilinguismoemfoco.com\/demanda-por-profissionais-bilingues-em-um-mundo-competitivo\">https:\/\/bilinguismoemfoco.com\/demanda-por-profissionais-bilingues-em-um-mundo-competitivo<\/a>. Acesso em: 14 ago. 2025.<\/p><p style=\"font-weight: 400;\">CARNEIRO, Cristiane Dias. <em>Ingl\u00eas jur\u00eddico<\/em>. Rio de Janeiro: FGV Editora, 2017.<\/p><p style=\"font-weight: 400;\">JUSBRASIL. Interpreta\u00e7\u00e3o dos contratos internacionais: desafios e princ\u00edpios orientadores. 2022. Dispon\u00edvel em: <a href=\"https:\/\/www.jusbrasil.com.br\/artigos\/interpretacao-dos-contratos-internacionais-desafios-e-principios-orientadores\/2852211086\">https:\/\/www.jusbrasil.com.br\/artigos\/interpretacao-dos-contratos-internacionais-desafios-e-principios-orientadores\/2852211086<\/a>. Acesso em: 14 ago. 2025.<\/p><p style=\"font-weight: 400;\">JUSDOCS. Adjudica\u00e7\u00e3o em contratos internacionais: diferen\u00e7as culturais e jur\u00eddicas. 2023. Dispon\u00edvel em: <a href=\"https:\/\/jusdocs.com\/blog\/adjudicacao-em-contratos-internacionais-diferencas-culturais-e-juridicas\">https:\/\/jusdocs.com\/blog\/adjudicacao-em-contratos-internacionais-diferencas-culturais-e-juridicas<\/a>. Acesso em: 14 ago. 2025.<\/p><p style=\"font-weight: 400;\">REVISTA T\u00d3PICOS. Estrat\u00e9gias empresariais para a expans\u00e3o global na era da transforma\u00e7\u00e3o digital. 2023. Dispon\u00edvel em: <a href=\"https:\/\/revistatopicos.com.br\/artigos\/estrategias-empresariais-para-a-expansao-global-na-era-da-transformacao-digital\">https:\/\/revistatopicos.com.br\/artigos\/estrategias-empresariais-para-a-expansao-global-na-era-da-transformacao-digital<\/a>. Acesso em: 14 ago. 2025.<\/p><p style=\"font-weight: 400;\">RIBEIRO, Bianca Moreira de Oliveira. <em>Longevidade e seguran\u00e7a jur\u00eddica nos contatos internacionais. <\/em>Volpon Advocacia, 2023. Dispon\u00edvel em: <a href=\"https:\/\/volponadvocacia.com.br\/index.php\/2023\/11\/28\/longevidade-e-seguranca-juridica-nos-contratos-internacionais\/\">https:\/\/volponadvocacia.com.br\/index.php\/2023\/11\/28\/longevidade-e-seguranca-juridica-nos-contratos-internacionais\/<\/a>. Acesso em 14 Ago. 2025.<\/p><p style=\"font-weight: 400;\">ROCHE, Marc. <em>Master legal vocabulary &amp; terminology<\/em>. Macson Bell Coaching, 2018.<\/p><p style=\"font-weight: 400;\">SEBRAE. Solu\u00e7\u00f5es digitais impulsionam os neg\u00f3cios internacionais 4.0. 2022. Dispon\u00edvel em: <a href=\"https:\/\/sebrae.com.br\/sites\/PortalSebrae\/artigos\/solucoes-digitais-impulsionam-os-negocios-internacionais-40,12c609262ba84810VgnVCM100000d701210aRCRD\">https:\/\/sebrae.com.br\/sites\/PortalSebrae\/artigos\/solucoes-digitais-impulsionam-os-negocios-internacionais-40,12c609262ba84810VgnVCM100000d701210aRCRD<\/a>. Acesso em: 14 ago. 2025.<\/p><p style=\"font-weight: 400;\">UNIDROIT \u2013 International Institute for the Unification of Private Law. <em>Commercial contracts<\/em>. Dispon\u00edvel em: <a href=\"https:\/\/www.unidroit.org\/instruments\/commercial-contracts\/\">https:\/\/www.unidroit.org\/instruments\/commercial-contracts\/<\/a>. Acesso em: 14<\/p><p style=\"font-weight: 400;\">VENTURA, Luis Henrique. <em>Contratos internacionais: dicion\u00e1rio jur\u00eddico bil\u00edngue<\/em>. S\u00e3o Paulo: Edipro, 2011.<\/p><p><span style=\"font-weight: 400;\">WORLD OPPORTUNITY. Como empresas podem aumentar a competitividade com equipes bil\u00edngues. 2023. Dispon\u00edvel em: <\/span><span style=\"font-weight: 400;\"><a href=\"https:\/\/worldopportunity.com.br\/artigos\/equipes-bilingues-aumento-na-competitividade\">https:\/\/worldopportunity.com.br\/artigos\/equipes-bilingues-aumento-na-competitividade<\/a><\/span><span style=\"font-weight: 400;\">. Acesso em: 14 ago. 2025.<\/span><\/p>\t\t\t\t\t\t\t\t<\/div>\n\t\t\t\t<\/div>\n\t\t\t\t<div class=\"elementor-element elementor-element-5b84150 elementor-widget-divider--view-line elementor-widget elementor-widget-divider\" data-id=\"5b84150\" data-element_type=\"widget\" data-e-type=\"widget\" data-widget_type=\"divider.default\">\n\t\t\t\t<div class=\"elementor-widget-container\">\n\t\t\t\t\t\t\t<div class=\"elementor-divider\">\n\t\t\t<span class=\"elementor-divider-separator\">\n\t\t\t\t\t\t<\/span>\n\t\t<\/div>\n\t\t\t\t\t\t<\/div>\n\t\t\t\t<\/div>\n\t\t\t\t\t<\/div>\n\t\t<\/div>\n\t\t\t\t\t<\/div>\n\t\t<\/section>\n\t\t\t\t<section class=\"elementor-section elementor-top-section elementor-element elementor-element-3b77f1b elementor-section-boxed elementor-section-height-default elementor-section-height-default wpr-particle-no wpr-jarallax-no wpr-parallax-no wpr-sticky-section-no wpr-equal-height-no\" data-id=\"3b77f1b\" data-element_type=\"section\" data-e-type=\"section\">\n\t\t\t\t\t\t<div class=\"elementor-container elementor-column-gap-default\">\n\t\t\t\t\t<div class=\"elementor-column elementor-col-33 elementor-top-column elementor-element elementor-element-a924059\" data-id=\"a924059\" data-element_type=\"column\" data-e-type=\"column\">\n\t\t\t<div class=\"elementor-widget-wrap elementor-element-populated\">\n\t\t\t\t\t\t<div class=\"elementor-element elementor-element-43246e7 elementor-widget elementor-widget-image\" data-id=\"43246e7\" data-element_type=\"widget\" data-e-type=\"widget\" data-widget_type=\"image.default\">\n\t\t\t\t<div class=\"elementor-widget-container\">\n\t\t\t\t\t\t\t\t\t\t\t\t\t\t\t<img fetchpriority=\"high\" decoding=\"async\" width=\"300\" height=\"300\" src=\"https:\/\/volponadvocacia.com.br\/wp-content\/uploads\/2023\/07\/Foto-autor-300x300.png\" class=\"attachment-medium size-medium wp-image-1859\" alt=\"\" srcset=\"https:\/\/volponadvocacia.com.br\/wp-content\/uploads\/2023\/07\/Foto-autor-300x300.png 300w, https:\/\/volponadvocacia.com.br\/wp-content\/uploads\/2023\/07\/Foto-autor-150x150.png 150w, https:\/\/volponadvocacia.com.br\/wp-content\/uploads\/2023\/07\/Foto-autor.png 500w\" sizes=\"(max-width: 300px) 100vw, 300px\" \/>\t\t\t\t\t\t\t\t\t\t\t\t\t\t\t<\/div>\n\t\t\t\t<\/div>\n\t\t\t\t\t<\/div>\n\t\t<\/div>\n\t\t\t\t<div class=\"elementor-column elementor-col-66 elementor-top-column elementor-element elementor-element-3abfbcc\" data-id=\"3abfbcc\" data-element_type=\"column\" data-e-type=\"column\">\n\t\t\t<div class=\"elementor-widget-wrap elementor-element-populated\">\n\t\t\t\t\t\t<div class=\"elementor-element elementor-element-b94edca elementor-widget elementor-widget-spacer\" data-id=\"b94edca\" data-element_type=\"widget\" data-e-type=\"widget\" data-widget_type=\"spacer.default\">\n\t\t\t\t<div class=\"elementor-widget-container\">\n\t\t\t\t\t\t\t<div class=\"elementor-spacer\">\n\t\t\t<div class=\"elementor-spacer-inner\"><\/div>\n\t\t<\/div>\n\t\t\t\t\t\t<\/div>\n\t\t\t\t<\/div>\n\t\t\t\t<div class=\"elementor-element elementor-element-a7d6363 elementor-widget elementor-widget-text-editor\" data-id=\"a7d6363\" data-element_type=\"widget\" data-e-type=\"widget\" data-widget_type=\"text-editor.default\">\n\t\t\t\t<div class=\"elementor-widget-container\">\n\t\t\t\t\t\t\t\t\t<p><span style=\"font-size: 14pt;\"><strong>Autora:<\/strong> Bianca Moreira de Oliveira Ribeiro<\/span><br><span style=\"font-size: 14pt;\">Gestora e Advogada Especialista em Direito Empresarial e Societ\u00e1rio e contratual<\/span><\/p>\n<p><span style=\"font-size: 14pt;\"><strong>Data:<\/strong> Ribeir\u00e3o Preto, 14 de agosto de 2025.<br><\/span><\/p>\t\t\t\t\t\t\t\t<\/div>\n\t\t\t\t<\/div>\n\t\t\t\t\t<\/div>\n\t\t<\/div>\n\t\t\t\t\t<\/div>\n\t\t<\/section>\n\t\t\t\t<section class=\"elementor-section elementor-top-section elementor-element elementor-element-41e162ce elementor-section-boxed elementor-section-height-default elementor-section-height-default wpr-particle-no wpr-jarallax-no wpr-parallax-no wpr-sticky-section-no wpr-equal-height-no elementor-invisible\" data-id=\"41e162ce\" data-element_type=\"section\" data-e-type=\"section\" data-settings=\"{&quot;animation&quot;:&quot;fadeIn&quot;}\">\n\t\t\t\t\t\t<div class=\"elementor-container elementor-column-gap-default\">\n\t\t\t\t\t<div class=\"elementor-column elementor-col-50 elementor-top-column elementor-element elementor-element-dcefffe\" data-id=\"dcefffe\" data-element_type=\"column\" data-e-type=\"column\">\n\t\t\t<div class=\"elementor-widget-wrap elementor-element-populated\">\n\t\t\t\t\t\t<div class=\"elementor-element elementor-element-6c954252 elementor-widget elementor-widget-heading\" data-id=\"6c954252\" data-element_type=\"widget\" data-e-type=\"widget\" data-widget_type=\"heading.default\">\n\t\t\t\t<div class=\"elementor-widget-container\">\n\t\t\t\t\t<h2 class=\"elementor-heading-title elementor-size-default\">ENTRE EM CONTATO<\/h2>\t\t\t\t<\/div>\n\t\t\t\t<\/div>\n\t\t\t\t<div class=\"elementor-element elementor-element-a0b8ad2 elementor-widget elementor-widget-text-editor\" data-id=\"a0b8ad2\" data-element_type=\"widget\" data-e-type=\"widget\" data-widget_type=\"text-editor.default\">\n\t\t\t\t<div class=\"elementor-widget-container\">\n\t\t\t\t\t\t\t\t\t<p>Vamos conversar, preencha o formul\u00e1rio ao lado que nossa equipe logo entrara em contato com voc\u00ea!<\/p>\t\t\t\t\t\t\t\t<\/div>\n\t\t\t\t<\/div>\n\t\t\t\t<div class=\"elementor-element elementor-element-710ddb4c elementor-widget elementor-widget-heading\" data-id=\"710ddb4c\" data-element_type=\"widget\" data-e-type=\"widget\" data-widget_type=\"heading.default\">\n\t\t\t\t<div class=\"elementor-widget-container\">\n\t\t\t\t\t<h2 class=\"elementor-heading-title elementor-size-default\">Volpon Advocacia - Ribeir\u00e3o Preto SP<\/h2>\t\t\t\t<\/div>\n\t\t\t\t<\/div>\n\t\t\t\t<div class=\"elementor-element elementor-element-b73c7fd elementor-icon-list--layout-traditional elementor-list-item-link-full_width elementor-widget elementor-widget-icon-list\" data-id=\"b73c7fd\" data-element_type=\"widget\" data-e-type=\"widget\" data-widget_type=\"icon-list.default\">\n\t\t\t\t<div class=\"elementor-widget-container\">\n\t\t\t\t\t\t\t<ul class=\"elementor-icon-list-items\">\n\t\t\t\t\t\t\t<li class=\"elementor-icon-list-item\">\n\t\t\t\t\t\t\t\t\t\t\t<span class=\"elementor-icon-list-icon\">\n\t\t\t\t\t\t\t<i aria-hidden=\"true\" class=\"fab fa-whatsapp\"><\/i>\t\t\t\t\t\t<\/span>\n\t\t\t\t\t\t\t\t\t\t<span class=\"elementor-icon-list-text\">(16) 99743-0410<\/span>\n\t\t\t\t\t\t\t\t\t<\/li>\n\t\t\t\t\t\t\t\t<li class=\"elementor-icon-list-item\">\n\t\t\t\t\t\t\t\t\t\t\t<span class=\"elementor-icon-list-icon\">\n\t\t\t\t\t\t\t<i aria-hidden=\"true\" class=\"fas fa-phone-alt\"><\/i>\t\t\t\t\t\t<\/span>\n\t\t\t\t\t\t\t\t\t\t<span class=\"elementor-icon-list-text\">(16) 3916-9494<\/span>\n\t\t\t\t\t\t\t\t\t<\/li>\n\t\t\t\t\t\t\t\t<li class=\"elementor-icon-list-item\">\n\t\t\t\t\t\t\t\t\t\t\t<span class=\"elementor-icon-list-icon\">\n\t\t\t\t\t\t\t<i aria-hidden=\"true\" class=\"fas fa-envelope\"><\/i>\t\t\t\t\t\t<\/span>\n\t\t\t\t\t\t\t\t\t\t<span class=\"elementor-icon-list-text\">admvolpon@volponadvocacia.com.br<\/span>\n\t\t\t\t\t\t\t\t\t<\/li>\n\t\t\t\t\t\t\t\t<li class=\"elementor-icon-list-item\">\n\t\t\t\t\t\t\t\t\t\t\t<span class=\"elementor-icon-list-icon\">\n\t\t\t\t\t\t\t<i aria-hidden=\"true\" class=\"fas fa-envelope\"><\/i>\t\t\t\t\t\t<\/span>\n\t\t\t\t\t\t\t\t\t\t<span class=\"elementor-icon-list-text\">financeirovolpon@volponadvocacia.com.br<\/span>\n\t\t\t\t\t\t\t\t\t<\/li>\n\t\t\t\t\t\t\t\t<li class=\"elementor-icon-list-item\">\n\t\t\t\t\t\t\t\t\t\t\t<span class=\"elementor-icon-list-icon\">\n\t\t\t\t\t\t\t<i aria-hidden=\"true\" class=\"fas fa-map-marker-alt\"><\/i>\t\t\t\t\t\t<\/span>\n\t\t\t\t\t\t\t\t\t\t<span class=\"elementor-icon-list-text\">Av. Senador Cesar Vergueiro, 480 - Ribeir\u00e3o Preto - SP<\/span>\n\t\t\t\t\t\t\t\t\t<\/li>\n\t\t\t\t\t\t<\/ul>\n\t\t\t\t\t\t<\/div>\n\t\t\t\t<\/div>\n\t\t\t\t\t<\/div>\n\t\t<\/div>\n\t\t\t\t<div class=\"elementor-column elementor-col-50 elementor-top-column elementor-element elementor-element-66fd523\" data-id=\"66fd523\" data-element_type=\"column\" data-e-type=\"column\" data-settings=\"{&quot;background_background&quot;:&quot;classic&quot;}\">\n\t\t\t<div class=\"elementor-widget-wrap elementor-element-populated\">\n\t\t\t\t\t\t<div class=\"elementor-element elementor-element-41f6b15 wpr-forms-submit-justify wpr-forms-align-left elementor-widget elementor-widget-wpr-forms\" data-id=\"41f6b15\" data-element_type=\"widget\" data-e-type=\"widget\" data-widget_type=\"wpr-forms.default\">\n\t\t\t\t<div class=\"elementor-widget-container\">\n\t\t\t\t\t<div class=\"wpr-forms-container wpr-custom-chk-radio\">\n<div class=\"wpcf7 no-js\" id=\"wpcf7-f5-o1\" lang=\"pt-BR\" dir=\"ltr\" data-wpcf7-id=\"5\">\n<div class=\"screen-reader-response\"><p role=\"status\" aria-live=\"polite\" aria-atomic=\"true\"><\/p> <ul><\/ul><\/div>\n<form action=\"\/index.php\/wp-json\/wp\/v2\/posts\/2918#wpcf7-f5-o1\" method=\"post\" class=\"wpcf7-form init\" aria-label=\"Formul\u00e1rios de contato\" novalidate=\"novalidate\" data-status=\"init\">\n<fieldset class=\"hidden-fields-container\"><input type=\"hidden\" name=\"_wpcf7\" value=\"5\" \/><input type=\"hidden\" name=\"_wpcf7_version\" value=\"6.1.5\" \/><input type=\"hidden\" name=\"_wpcf7_locale\" value=\"pt_BR\" \/><input type=\"hidden\" name=\"_wpcf7_unit_tag\" value=\"wpcf7-f5-o1\" \/><input type=\"hidden\" name=\"_wpcf7_container_post\" value=\"0\" \/><input type=\"hidden\" name=\"_wpcf7_posted_data_hash\" value=\"\" \/>\n<\/fieldset>\n<p><label> Seu nome<br \/>\n<span class=\"wpcf7-form-control-wrap\" data-name=\"your-name\"><input size=\"40\" maxlength=\"400\" class=\"wpcf7-form-control wpcf7-text wpcf7-validates-as-required\" autocomplete=\"name\" aria-required=\"true\" aria-invalid=\"false\" value=\"\" type=\"text\" name=\"your-name\" \/><\/span> <\/label>\n<\/p>\n<p><label> Seu e-mail<br \/>\n<span class=\"wpcf7-form-control-wrap\" data-name=\"your-email\"><input size=\"40\" maxlength=\"400\" class=\"wpcf7-form-control wpcf7-email wpcf7-validates-as-required wpcf7-text wpcf7-validates-as-email\" autocomplete=\"email\" aria-required=\"true\" aria-invalid=\"false\" value=\"\" type=\"email\" name=\"your-email\" \/><\/span> <\/label>\n<\/p>\n<p><label> Assunto<br \/>\n<span class=\"wpcf7-form-control-wrap\" data-name=\"your-subject\"><input size=\"40\" maxlength=\"400\" class=\"wpcf7-form-control wpcf7-text wpcf7-validates-as-required\" aria-required=\"true\" aria-invalid=\"false\" value=\"\" type=\"text\" name=\"your-subject\" \/><\/span> <\/label>\n<\/p>\n<p><label> Sua mensagem (opcional)<br \/>\n<span class=\"wpcf7-form-control-wrap\" data-name=\"your-message\"><textarea cols=\"40\" rows=\"10\" maxlength=\"2000\" class=\"wpcf7-form-control wpcf7-textarea\" aria-invalid=\"false\" name=\"your-message\"><\/textarea><\/span> <\/label>\n<\/p>\n<p><input class=\"wpcf7-form-control wpcf7-submit has-spinner\" type=\"submit\" value=\"Enviar\" \/>\n<\/p><div class=\"wpcf7-response-output\" aria-hidden=\"true\"><\/div>\n<\/form>\n<\/div>\n<\/div>\t\t\t\t<\/div>\n\t\t\t\t<\/div>\n\t\t\t\t\t<\/div>\n\t\t<\/div>\n\t\t\t\t\t<\/div>\n\t\t<\/section>\n\t\t\t\t<section class=\"elementor-section elementor-top-section elementor-element elementor-element-51d29329 elementor-section-full_width elementor-section-height-default elementor-section-height-default wpr-particle-no wpr-jarallax-no wpr-parallax-no wpr-sticky-section-no wpr-equal-height-no\" data-id=\"51d29329\" data-element_type=\"section\" data-e-type=\"section\">\n\t\t\t\t\t\t<div class=\"elementor-container elementor-column-gap-no\">\n\t\t\t\t\t<div class=\"elementor-column elementor-col-100 elementor-top-column elementor-element elementor-element-ff2ffb5\" data-id=\"ff2ffb5\" data-element_type=\"column\" data-e-type=\"column\">\n\t\t\t<div class=\"elementor-widget-wrap\">\n\t\t\t\t\t\t\t<\/div>\n\t\t<\/div>\n\t\t\t\t\t<\/div>\n\t\t<\/section>\n\t\t\t\t<\/div>\n\t\t","protected":false},"excerpt":{"rendered":"<p>Entenda a Consigna\u00e7\u00e3o em Pagamento Extrajudicial segundo o Novo C\u00f3digo de Processo Civil &nbsp; Em nosso escrit\u00f3rio de advocacia, entendemos a import\u00e2ncia da consigna\u00e7\u00e3o em pagamento extrajudicial conforme o novo C\u00f3digo de Processo Civil. Esse procedimento especial, embora mantenha algumas similaridades com o procedimento comum, apresenta diferen\u00e7as significativas que devem ser compreendidas. A consigna\u00e7\u00e3o em pagamento extrajudicial \u00e9 uma op\u00e7\u00e3o para o devedor ou um terceiro depositarem a quantia devida em um estabelecimento banc\u00e1rio oficial ou privado, quando n\u00e3o h\u00e1 um estabelecimento oficial dispon\u00edvel na cidade. Esse procedimento pode ser utilizado para o pagamento de quantias em dinheiro, inclusive alugu\u00e9is e seus encargos. A comunica\u00e7\u00e3o do dep\u00f3sito ao credor \u00e9 realizada por meio de carta com aviso de recebimento, concedendo-lhe um prazo de 10 dias para manifestar sua recusa por escrito. O dep\u00f3sito deve ser feito no banco localizado no lugar do pagamento, e a comunica\u00e7\u00e3o e a recusa devem ser dirigidas ao pr\u00f3prio banco. Ap\u00f3s o prazo de manifesta\u00e7\u00e3o de recusa, se o credor n\u00e3o se opuser ao pagamento, o devedor fica liberado da obriga\u00e7\u00e3o, e o comprovante de dep\u00f3sito serve como prova de quita\u00e7\u00e3o. O valor depositado fica \u00e0 disposi\u00e7\u00e3o do credor, que pode retir\u00e1-lo a qualquer momento. Caso o credor recuse o pagamento, o devedor tem um prazo de 1 m\u00eas para ingressar com a a\u00e7\u00e3o de consigna\u00e7\u00e3o judicial. \u00c9 importante ressaltar que esse prazo n\u00e3o \u00e9 decadencial ou prescricional, mas sim uma forma de preservar a efic\u00e1cia do dep\u00f3sito extrajudicial. Se a a\u00e7\u00e3o for proposta dentro do prazo, o devedor fica livre do valor depositado. Caso contr\u00e1rio, o valor poder\u00e1 ser levantado pelo devedor, e ele dever\u00e1 entrar com a a\u00e7\u00e3o de consigna\u00e7\u00e3o judicial. \u00c9 fundamental ingressar com a a\u00e7\u00e3o dentro do prazo estipulado, pois ap\u00f3s o vencimento desse prazo, o credor entrar\u00e1 em mora por n\u00e3o ter aceitado o pagamento. Nesse caso, os juros incidir\u00e3o apenas conforme as taxas banc\u00e1rias, e n\u00e3o conforme o contrato original. Se o devedor n\u00e3o ajuizar a a\u00e7\u00e3o dentro do prazo, ele pr\u00f3prio estar\u00e1 em mora, e os juros do contrato ser\u00e3o contados a partir da consigna\u00e7\u00e3o. Em nosso escrit\u00f3rio, estamos prontos para ajudar voc\u00ea a entender e conduzir corretamente o processo de consigna\u00e7\u00e3o em pagamento extrajudicial, proporcionando solu\u00e7\u00f5es eficientes para seus casos. Entre em contato conosco para mais informa\u00e7\u00f5es e orienta\u00e7\u00f5es sobre essa importante quest\u00e3o jur\u00eddica. Fonte do artigo: A consigna\u00e7\u00e3o em pagamento extrajudicial de acordo com o novo C\u00f3digo de Processo Civil &#8211; Jus.com.br | Jus Navigandi Especialistas bil\u00edngues: ponte estrat\u00e9gica na media\u00e7\u00e3o e reda\u00e7\u00e3o de contratos empresariais A evolu\u00e7\u00e3o digital, acelerada pelas adversidades enfrentadas durante a Pandemia (Covid-19), facilitou a internacionaliza\u00e7\u00e3o dos neg\u00f3cios, possibilitando a intera\u00e7\u00e3o virtual imediata entre partes situadas em diferentes pa\u00edses. Deste modo, negocia\u00e7\u00f5es que levavam meses para conclus\u00e3o, podem ser discutidas e validadas em poucas horas, em virtude da tecnologia, ampliando a procura por novos mercados al\u00e9m das fronteiras nacionais. Ocorre que mesmo diante das facilidades tecnol\u00f3gicas, incluindo tradutores virtuais e Intelig\u00eancia Artificial, as partes envolvidas encontram grandes desafios lingu\u00edsticos e culturais na negocia\u00e7\u00e3o e formaliza\u00e7\u00e3o dos contratos. Em virtude disso, profissionais jur\u00eddicos bil\u00edngues s\u00e3o essenciais para garantir clareza, precis\u00e3o e efic\u00e1cia jur\u00eddica na constru\u00e7\u00e3o, na media\u00e7\u00e3o e na execu\u00e7\u00e3o dos contratos empresariais. Assim como a linguagem jur\u00eddica confunde e assusta a popula\u00e7\u00e3o em geral, nativa no idioma p\u00e1trio, mas leiga na linguagem t\u00e9cnica do direito, os profissionais estrangeiros enfrentam essa dificuldade de forma ampliada. N\u00e3o basta serem fluentes e tecnicamente capacitados no idioma local, \u00e9 preciso conhecer as especificidades t\u00e9cnicas de cada \u00e1rea de atua\u00e7\u00e3o comercial, al\u00e9m dos regionalismos inerentes a cada na\u00e7\u00e3o. Os contratos exigem precis\u00e3o terminol\u00f3gica e jur\u00eddica que agravam a comunica\u00e7\u00e3o entre as partes, dado que as ambiguidades lingu\u00edsticas podem gerar lit\u00edgios e preju\u00edzos, e as tradu\u00e7\u00f5es literais podem distorcer cl\u00e1usulas importantes. Desse modo, especialistas bil\u00edngues atuam como mediadores culturais, n\u00e3o apenas tradutores, adequando as terminologias \u00e0s necessidades de cada cliente, respeitando as particularidades de cada cultura envolvida na negocia\u00e7\u00e3o. Al\u00e9m disso, eles possuem a capacidade de compreender nuances legais e comerciais de diferentes jurisdi\u00e7\u00f5es, podendo transitar com facilidade pelas regras estabelecidas por organiza\u00e7\u00f5es internacionais, quando necess\u00e1rio, visando globalizar princ\u00edpios base dos contratos internacionais, como \u00e9 o caso, por exemplo, do International Institute for the Unification of Private Law Unidroit, com sede em Roma, e do qual o Brasil \u00e9 signat\u00e1rio. Somado ao fato de facilitarem as negocia\u00e7\u00f5es, evitando mal-entendidos e promovendo empatia entre as partes, as vantagens da utiliza\u00e7\u00e3o de profissionais bil\u00edngues se encontram na redu\u00e7\u00e3o de riscos jur\u00eddicos; agilidade na negocia\u00e7\u00e3o e reda\u00e7\u00e3o contratual; maior confian\u00e7a entre as partes envolvidas; e adequa\u00e7\u00e3o ao contexto legal e comercial de cada pa\u00eds. O bom profissional bil\u00edngue \u00e9 aquele que cumula as habilidades t\u00e9cnicas, como a forma\u00e7\u00e3o jur\u00eddica, a flu\u00eancia em idiomas relevantes e conhecimento de terminologia t\u00e9cnica e legisla\u00e7\u00e3o comparada, com as habilidades interpessoais e sensibilidade cultural. A utiliza\u00e7\u00e3o desses profissionais permite n\u00e3o s\u00f3 a correta formaliza\u00e7\u00e3o do neg\u00f3cio, mas a longevidade contratual, gerando maior efici\u00eancia e efic\u00e1cia nas contrata\u00e7\u00f5es. Diante da crescente internacionaliza\u00e7\u00e3o dos neg\u00f3cios impulsionada pela evolu\u00e7\u00e3o digital, torna-se evidente que a atua\u00e7\u00e3o de profissionais jur\u00eddicos bil\u00edngues \u00e9 um diferencial estrat\u00e9gico indispens\u00e1vel. Mais do que tradutores, esses profissionais desempenham o papel de verdadeiros int\u00e9rpretes jur\u00eddicos e culturais, assegurando que os contratos empresariais transcendam barreiras lingu\u00edsticas e normativas com precis\u00e3o, clareza e seguran\u00e7a. Ao integrar compet\u00eancias t\u00e9cnicas e sensibilidade intercultural, contribuem diretamente para a solidez das rela\u00e7\u00f5es comerciais internacionais, mitigando riscos, promovendo confian\u00e7a m\u00fatua e garantindo que os acordos firmados reflitam fielmente a vontade das partes envolvidas. Assim, investir na media\u00e7\u00e3o especializada \u00e9 investir na sustentabilidade e no sucesso das parcerias globais. Em um mercado cada vez mais interconectado, esse \u00e9 um passo essencial para empresas que desejam prosperar com seguran\u00e7a e solidez. *Refer\u00eancias Bibliogr\u00e1ficas BC MARKETING. O impacto da economia digital no com\u00e9rcio internacional e na globaliza\u00e7\u00e3o. 2023. Dispon\u00edvel em: https:\/\/www.bcmarketing.com.br\/post\/o-impacto-da-economia-digital-no-com%C3%A9rcio-internacional-e-na-globaliza%C3%A7%C3%A3o. Acesso em: 14 ago. 2025. BILINGUISMO EM FOCO. A demanda por profissionais bil\u00edngues em um mundo competitivo. 2022. Dispon\u00edvel em: https:\/\/bilinguismoemfoco.com\/demanda-por-profissionais-bilingues-em-um-mundo-competitivo. Acesso em: 14 ago. 2025. CARNEIRO, Cristiane Dias. Ingl\u00eas jur\u00eddico. Rio de Janeiro: FGV<\/p>\n","protected":false},"author":1,"featured_media":0,"comment_status":"closed","ping_status":"open","sticky":false,"template":"elementor_canvas","format":"standard","meta":{"footnotes":""},"categories":[14],"tags":[],"class_list":["post-2918","post","type-post","status-publish","format-standard","hentry","category-artigo"],"yoast_head":"<!-- This site is optimized with the Yoast SEO plugin v27.4 - https:\/\/yoast.com\/product\/yoast-seo-wordpress\/ -->\n<title>Especialistas bil\u00edngues: ponte estrat\u00e9gica na media\u00e7\u00e3o e reda\u00e7\u00e3o de contratos empresariais<\/title>\n<meta name=\"description\" content=\"A evolu\u00e7\u00e3o digital, acelerada pelas adversidades enfrentadas durante a Pandemia (Covid-19), facilitou a internacionaliza\u00e7\u00e3o dos neg\u00f3cios\" \/>\n<meta name=\"robots\" content=\"index, follow, max-snippet:-1, max-image-preview:large, max-video-preview:-1\" \/>\n<link rel=\"canonical\" href=\"https:\/\/volponadvocacia.com.br\/index.php\/2025\/08\/15\/especialistas-bilingues-ponte-estrategica-na-mediacao-e-redacao-de-contratos-empresariais\/\" \/>\n<meta property=\"og:locale\" content=\"pt_BR\" \/>\n<meta property=\"og:type\" content=\"article\" \/>\n<meta property=\"og:title\" content=\"Especialistas bil\u00edngues: ponte estrat\u00e9gica na media\u00e7\u00e3o e reda\u00e7\u00e3o de contratos empresariais\" \/>\n<meta property=\"og:description\" content=\"A evolu\u00e7\u00e3o digital, acelerada pelas adversidades enfrentadas durante a Pandemia (Covid-19), facilitou a internacionaliza\u00e7\u00e3o dos neg\u00f3cios\" \/>\n<meta property=\"og:url\" content=\"https:\/\/volponadvocacia.com.br\/index.php\/2025\/08\/15\/especialistas-bilingues-ponte-estrategica-na-mediacao-e-redacao-de-contratos-empresariais\/\" \/>\n<meta property=\"og:site_name\" content=\"Volpon Advocacia\" \/>\n<meta property=\"article:published_time\" content=\"2025-08-15T17:59:56+00:00\" \/>\n<meta property=\"article:modified_time\" content=\"2025-08-15T19:31:30+00:00\" \/>\n<meta property=\"og:image\" content=\"https:\/\/volponadvocacia.com.br\/wp-content\/uploads\/2023\/07\/Foto-autor.png\" \/>\n\t<meta property=\"og:image:width\" content=\"500\" \/>\n\t<meta property=\"og:image:height\" content=\"500\" \/>\n\t<meta property=\"og:image:type\" content=\"image\/png\" \/>\n<meta name=\"author\" content=\"davanso\" \/>\n<meta name=\"twitter:card\" content=\"summary_large_image\" \/>\n<meta name=\"twitter:label1\" content=\"Escrito por\" \/>\n\t<meta name=\"twitter:data1\" content=\"davanso\" \/>\n\t<meta name=\"twitter:label2\" content=\"Est. tempo de leitura\" \/>\n\t<meta name=\"twitter:data2\" content=\"7 minutos\" \/>\n<script type=\"application\/ld+json\" class=\"yoast-schema-graph\">{\"@context\":\"https:\\\/\\\/schema.org\",\"@graph\":[{\"@type\":\"Article\",\"@id\":\"https:\\\/\\\/volponadvocacia.com.br\\\/index.php\\\/2025\\\/08\\\/15\\\/especialistas-bilingues-ponte-estrategica-na-mediacao-e-redacao-de-contratos-empresariais\\\/#article\",\"isPartOf\":{\"@id\":\"https:\\\/\\\/volponadvocacia.com.br\\\/index.php\\\/2025\\\/08\\\/15\\\/especialistas-bilingues-ponte-estrategica-na-mediacao-e-redacao-de-contratos-empresariais\\\/\"},\"author\":{\"name\":\"davanso\",\"@id\":\"https:\\\/\\\/volponadvocacia.com.br\\\/#\\\/schema\\\/person\\\/ff6f7fc0557a569f592e00afb4ca3fe6\"},\"headline\":\"Especialistas bil\u00edngues: ponte estrat\u00e9gica na media\u00e7\u00e3o e reda\u00e7\u00e3o de contratos empresariais\",\"datePublished\":\"2025-08-15T17:59:56+00:00\",\"dateModified\":\"2025-08-15T19:31:30+00:00\",\"mainEntityOfPage\":{\"@id\":\"https:\\\/\\\/volponadvocacia.com.br\\\/index.php\\\/2025\\\/08\\\/15\\\/especialistas-bilingues-ponte-estrategica-na-mediacao-e-redacao-de-contratos-empresariais\\\/\"},\"wordCount\":1457,\"publisher\":{\"@id\":\"https:\\\/\\\/volponadvocacia.com.br\\\/#organization\"},\"image\":{\"@id\":\"https:\\\/\\\/volponadvocacia.com.br\\\/index.php\\\/2025\\\/08\\\/15\\\/especialistas-bilingues-ponte-estrategica-na-mediacao-e-redacao-de-contratos-empresariais\\\/#primaryimage\"},\"thumbnailUrl\":\"https:\\\/\\\/volponadvocacia.com.br\\\/wp-content\\\/uploads\\\/2023\\\/07\\\/Foto-autor-300x300.png\",\"articleSection\":[\"Artigo\"],\"inLanguage\":\"pt-BR\"},{\"@type\":\"WebPage\",\"@id\":\"https:\\\/\\\/volponadvocacia.com.br\\\/index.php\\\/2025\\\/08\\\/15\\\/especialistas-bilingues-ponte-estrategica-na-mediacao-e-redacao-de-contratos-empresariais\\\/\",\"url\":\"https:\\\/\\\/volponadvocacia.com.br\\\/index.php\\\/2025\\\/08\\\/15\\\/especialistas-bilingues-ponte-estrategica-na-mediacao-e-redacao-de-contratos-empresariais\\\/\",\"name\":\"Especialistas bil\u00edngues: ponte estrat\u00e9gica na media\u00e7\u00e3o e reda\u00e7\u00e3o de contratos empresariais\",\"isPartOf\":{\"@id\":\"https:\\\/\\\/volponadvocacia.com.br\\\/#website\"},\"primaryImageOfPage\":{\"@id\":\"https:\\\/\\\/volponadvocacia.com.br\\\/index.php\\\/2025\\\/08\\\/15\\\/especialistas-bilingues-ponte-estrategica-na-mediacao-e-redacao-de-contratos-empresariais\\\/#primaryimage\"},\"image\":{\"@id\":\"https:\\\/\\\/volponadvocacia.com.br\\\/index.php\\\/2025\\\/08\\\/15\\\/especialistas-bilingues-ponte-estrategica-na-mediacao-e-redacao-de-contratos-empresariais\\\/#primaryimage\"},\"thumbnailUrl\":\"https:\\\/\\\/volponadvocacia.com.br\\\/wp-content\\\/uploads\\\/2023\\\/07\\\/Foto-autor-300x300.png\",\"datePublished\":\"2025-08-15T17:59:56+00:00\",\"dateModified\":\"2025-08-15T19:31:30+00:00\",\"description\":\"A evolu\u00e7\u00e3o digital, acelerada pelas adversidades enfrentadas durante a Pandemia (Covid-19), facilitou a internacionaliza\u00e7\u00e3o dos neg\u00f3cios\",\"breadcrumb\":{\"@id\":\"https:\\\/\\\/volponadvocacia.com.br\\\/index.php\\\/2025\\\/08\\\/15\\\/especialistas-bilingues-ponte-estrategica-na-mediacao-e-redacao-de-contratos-empresariais\\\/#breadcrumb\"},\"inLanguage\":\"pt-BR\",\"potentialAction\":[{\"@type\":\"ReadAction\",\"target\":[\"https:\\\/\\\/volponadvocacia.com.br\\\/index.php\\\/2025\\\/08\\\/15\\\/especialistas-bilingues-ponte-estrategica-na-mediacao-e-redacao-de-contratos-empresariais\\\/\"]}]},{\"@type\":\"ImageObject\",\"inLanguage\":\"pt-BR\",\"@id\":\"https:\\\/\\\/volponadvocacia.com.br\\\/index.php\\\/2025\\\/08\\\/15\\\/especialistas-bilingues-ponte-estrategica-na-mediacao-e-redacao-de-contratos-empresariais\\\/#primaryimage\",\"url\":\"https:\\\/\\\/volponadvocacia.com.br\\\/wp-content\\\/uploads\\\/2023\\\/07\\\/Foto-autor.png\",\"contentUrl\":\"https:\\\/\\\/volponadvocacia.com.br\\\/wp-content\\\/uploads\\\/2023\\\/07\\\/Foto-autor.png\",\"width\":500,\"height\":500},{\"@type\":\"BreadcrumbList\",\"@id\":\"https:\\\/\\\/volponadvocacia.com.br\\\/index.php\\\/2025\\\/08\\\/15\\\/especialistas-bilingues-ponte-estrategica-na-mediacao-e-redacao-de-contratos-empresariais\\\/#breadcrumb\",\"itemListElement\":[{\"@type\":\"ListItem\",\"position\":1,\"name\":\"In\u00edcio\",\"item\":\"https:\\\/\\\/volponadvocacia.com.br\\\/\"},{\"@type\":\"ListItem\",\"position\":2,\"name\":\"Especialistas bil\u00edngues: ponte estrat\u00e9gica na media\u00e7\u00e3o e reda\u00e7\u00e3o de contratos empresariais\"}]},{\"@type\":\"WebSite\",\"@id\":\"https:\\\/\\\/volponadvocacia.com.br\\\/#website\",\"url\":\"https:\\\/\\\/volponadvocacia.com.br\\\/\",\"name\":\"Volpon Advocacia\",\"description\":\"\",\"publisher\":{\"@id\":\"https:\\\/\\\/volponadvocacia.com.br\\\/#organization\"},\"potentialAction\":[{\"@type\":\"SearchAction\",\"target\":{\"@type\":\"EntryPoint\",\"urlTemplate\":\"https:\\\/\\\/volponadvocacia.com.br\\\/?s={search_term_string}\"},\"query-input\":{\"@type\":\"PropertyValueSpecification\",\"valueRequired\":true,\"valueName\":\"search_term_string\"}}],\"inLanguage\":\"pt-BR\"},{\"@type\":\"Organization\",\"@id\":\"https:\\\/\\\/volponadvocacia.com.br\\\/#organization\",\"name\":\"Volpon Advocacia\",\"url\":\"https:\\\/\\\/volponadvocacia.com.br\\\/\",\"logo\":{\"@type\":\"ImageObject\",\"inLanguage\":\"pt-BR\",\"@id\":\"https:\\\/\\\/volponadvocacia.com.br\\\/#\\\/schema\\\/logo\\\/image\\\/\",\"url\":\"https:\\\/\\\/volponadvocacia.com.br\\\/wp-content\\\/uploads\\\/2023\\\/03\\\/cropped-Logo-basica.png\",\"contentUrl\":\"https:\\\/\\\/volponadvocacia.com.br\\\/wp-content\\\/uploads\\\/2023\\\/03\\\/cropped-Logo-basica.png\",\"width\":1080,\"height\":1080,\"caption\":\"Volpon Advocacia\"},\"image\":{\"@id\":\"https:\\\/\\\/volponadvocacia.com.br\\\/#\\\/schema\\\/logo\\\/image\\\/\"}},{\"@type\":\"Person\",\"@id\":\"https:\\\/\\\/volponadvocacia.com.br\\\/#\\\/schema\\\/person\\\/ff6f7fc0557a569f592e00afb4ca3fe6\",\"name\":\"davanso\",\"image\":{\"@type\":\"ImageObject\",\"inLanguage\":\"pt-BR\",\"@id\":\"https:\\\/\\\/secure.gravatar.com\\\/avatar\\\/9b983ab1d786202648f6aaeac75b1be55cc1096d9a247aa182ef688bbfe03993?s=96&d=mm&r=g\",\"url\":\"https:\\\/\\\/secure.gravatar.com\\\/avatar\\\/9b983ab1d786202648f6aaeac75b1be55cc1096d9a247aa182ef688bbfe03993?s=96&d=mm&r=g\",\"contentUrl\":\"https:\\\/\\\/secure.gravatar.com\\\/avatar\\\/9b983ab1d786202648f6aaeac75b1be55cc1096d9a247aa182ef688bbfe03993?s=96&d=mm&r=g\",\"caption\":\"davanso\"},\"sameAs\":[\"https:\\\/\\\/volponadvocacia.com.br\"],\"url\":\"https:\\\/\\\/volponadvocacia.com.br\\\/index.php\\\/author\\\/davanso\\\/\"}]}<\/script>\n<!-- \/ Yoast SEO plugin. -->","yoast_head_json":{"title":"Especialistas bil\u00edngues: ponte estrat\u00e9gica na media\u00e7\u00e3o e reda\u00e7\u00e3o de contratos empresariais","description":"A evolu\u00e7\u00e3o digital, acelerada pelas adversidades enfrentadas durante a Pandemia (Covid-19), facilitou a internacionaliza\u00e7\u00e3o dos neg\u00f3cios","robots":{"index":"index","follow":"follow","max-snippet":"max-snippet:-1","max-image-preview":"max-image-preview:large","max-video-preview":"max-video-preview:-1"},"canonical":"https:\/\/volponadvocacia.com.br\/index.php\/2025\/08\/15\/especialistas-bilingues-ponte-estrategica-na-mediacao-e-redacao-de-contratos-empresariais\/","og_locale":"pt_BR","og_type":"article","og_title":"Especialistas bil\u00edngues: ponte estrat\u00e9gica na media\u00e7\u00e3o e reda\u00e7\u00e3o de contratos empresariais","og_description":"A evolu\u00e7\u00e3o digital, acelerada pelas adversidades enfrentadas durante a Pandemia (Covid-19), facilitou a internacionaliza\u00e7\u00e3o dos neg\u00f3cios","og_url":"https:\/\/volponadvocacia.com.br\/index.php\/2025\/08\/15\/especialistas-bilingues-ponte-estrategica-na-mediacao-e-redacao-de-contratos-empresariais\/","og_site_name":"Volpon Advocacia","article_published_time":"2025-08-15T17:59:56+00:00","article_modified_time":"2025-08-15T19:31:30+00:00","og_image":[{"width":500,"height":500,"url":"https:\/\/volponadvocacia.com.br\/wp-content\/uploads\/2023\/07\/Foto-autor.png","type":"image\/png"}],"author":"davanso","twitter_card":"summary_large_image","twitter_misc":{"Escrito por":"davanso","Est. tempo de leitura":"7 minutos"},"schema":{"@context":"https:\/\/schema.org","@graph":[{"@type":"Article","@id":"https:\/\/volponadvocacia.com.br\/index.php\/2025\/08\/15\/especialistas-bilingues-ponte-estrategica-na-mediacao-e-redacao-de-contratos-empresariais\/#article","isPartOf":{"@id":"https:\/\/volponadvocacia.com.br\/index.php\/2025\/08\/15\/especialistas-bilingues-ponte-estrategica-na-mediacao-e-redacao-de-contratos-empresariais\/"},"author":{"name":"davanso","@id":"https:\/\/volponadvocacia.com.br\/#\/schema\/person\/ff6f7fc0557a569f592e00afb4ca3fe6"},"headline":"Especialistas bil\u00edngues: ponte estrat\u00e9gica na media\u00e7\u00e3o e reda\u00e7\u00e3o de contratos empresariais","datePublished":"2025-08-15T17:59:56+00:00","dateModified":"2025-08-15T19:31:30+00:00","mainEntityOfPage":{"@id":"https:\/\/volponadvocacia.com.br\/index.php\/2025\/08\/15\/especialistas-bilingues-ponte-estrategica-na-mediacao-e-redacao-de-contratos-empresariais\/"},"wordCount":1457,"publisher":{"@id":"https:\/\/volponadvocacia.com.br\/#organization"},"image":{"@id":"https:\/\/volponadvocacia.com.br\/index.php\/2025\/08\/15\/especialistas-bilingues-ponte-estrategica-na-mediacao-e-redacao-de-contratos-empresariais\/#primaryimage"},"thumbnailUrl":"https:\/\/volponadvocacia.com.br\/wp-content\/uploads\/2023\/07\/Foto-autor-300x300.png","articleSection":["Artigo"],"inLanguage":"pt-BR"},{"@type":"WebPage","@id":"https:\/\/volponadvocacia.com.br\/index.php\/2025\/08\/15\/especialistas-bilingues-ponte-estrategica-na-mediacao-e-redacao-de-contratos-empresariais\/","url":"https:\/\/volponadvocacia.com.br\/index.php\/2025\/08\/15\/especialistas-bilingues-ponte-estrategica-na-mediacao-e-redacao-de-contratos-empresariais\/","name":"Especialistas bil\u00edngues: ponte estrat\u00e9gica na media\u00e7\u00e3o e reda\u00e7\u00e3o de contratos empresariais","isPartOf":{"@id":"https:\/\/volponadvocacia.com.br\/#website"},"primaryImageOfPage":{"@id":"https:\/\/volponadvocacia.com.br\/index.php\/2025\/08\/15\/especialistas-bilingues-ponte-estrategica-na-mediacao-e-redacao-de-contratos-empresariais\/#primaryimage"},"image":{"@id":"https:\/\/volponadvocacia.com.br\/index.php\/2025\/08\/15\/especialistas-bilingues-ponte-estrategica-na-mediacao-e-redacao-de-contratos-empresariais\/#primaryimage"},"thumbnailUrl":"https:\/\/volponadvocacia.com.br\/wp-content\/uploads\/2023\/07\/Foto-autor-300x300.png","datePublished":"2025-08-15T17:59:56+00:00","dateModified":"2025-08-15T19:31:30+00:00","description":"A evolu\u00e7\u00e3o digital, acelerada pelas adversidades enfrentadas durante a Pandemia (Covid-19), facilitou a internacionaliza\u00e7\u00e3o dos neg\u00f3cios","breadcrumb":{"@id":"https:\/\/volponadvocacia.com.br\/index.php\/2025\/08\/15\/especialistas-bilingues-ponte-estrategica-na-mediacao-e-redacao-de-contratos-empresariais\/#breadcrumb"},"inLanguage":"pt-BR","potentialAction":[{"@type":"ReadAction","target":["https:\/\/volponadvocacia.com.br\/index.php\/2025\/08\/15\/especialistas-bilingues-ponte-estrategica-na-mediacao-e-redacao-de-contratos-empresariais\/"]}]},{"@type":"ImageObject","inLanguage":"pt-BR","@id":"https:\/\/volponadvocacia.com.br\/index.php\/2025\/08\/15\/especialistas-bilingues-ponte-estrategica-na-mediacao-e-redacao-de-contratos-empresariais\/#primaryimage","url":"https:\/\/volponadvocacia.com.br\/wp-content\/uploads\/2023\/07\/Foto-autor.png","contentUrl":"https:\/\/volponadvocacia.com.br\/wp-content\/uploads\/2023\/07\/Foto-autor.png","width":500,"height":500},{"@type":"BreadcrumbList","@id":"https:\/\/volponadvocacia.com.br\/index.php\/2025\/08\/15\/especialistas-bilingues-ponte-estrategica-na-mediacao-e-redacao-de-contratos-empresariais\/#breadcrumb","itemListElement":[{"@type":"ListItem","position":1,"name":"In\u00edcio","item":"https:\/\/volponadvocacia.com.br\/"},{"@type":"ListItem","position":2,"name":"Especialistas bil\u00edngues: ponte estrat\u00e9gica na media\u00e7\u00e3o e reda\u00e7\u00e3o de contratos empresariais"}]},{"@type":"WebSite","@id":"https:\/\/volponadvocacia.com.br\/#website","url":"https:\/\/volponadvocacia.com.br\/","name":"Volpon Advocacia","description":"","publisher":{"@id":"https:\/\/volponadvocacia.com.br\/#organization"},"potentialAction":[{"@type":"SearchAction","target":{"@type":"EntryPoint","urlTemplate":"https:\/\/volponadvocacia.com.br\/?s={search_term_string}"},"query-input":{"@type":"PropertyValueSpecification","valueRequired":true,"valueName":"search_term_string"}}],"inLanguage":"pt-BR"},{"@type":"Organization","@id":"https:\/\/volponadvocacia.com.br\/#organization","name":"Volpon Advocacia","url":"https:\/\/volponadvocacia.com.br\/","logo":{"@type":"ImageObject","inLanguage":"pt-BR","@id":"https:\/\/volponadvocacia.com.br\/#\/schema\/logo\/image\/","url":"https:\/\/volponadvocacia.com.br\/wp-content\/uploads\/2023\/03\/cropped-Logo-basica.png","contentUrl":"https:\/\/volponadvocacia.com.br\/wp-content\/uploads\/2023\/03\/cropped-Logo-basica.png","width":1080,"height":1080,"caption":"Volpon Advocacia"},"image":{"@id":"https:\/\/volponadvocacia.com.br\/#\/schema\/logo\/image\/"}},{"@type":"Person","@id":"https:\/\/volponadvocacia.com.br\/#\/schema\/person\/ff6f7fc0557a569f592e00afb4ca3fe6","name":"davanso","image":{"@type":"ImageObject","inLanguage":"pt-BR","@id":"https:\/\/secure.gravatar.com\/avatar\/9b983ab1d786202648f6aaeac75b1be55cc1096d9a247aa182ef688bbfe03993?s=96&d=mm&r=g","url":"https:\/\/secure.gravatar.com\/avatar\/9b983ab1d786202648f6aaeac75b1be55cc1096d9a247aa182ef688bbfe03993?s=96&d=mm&r=g","contentUrl":"https:\/\/secure.gravatar.com\/avatar\/9b983ab1d786202648f6aaeac75b1be55cc1096d9a247aa182ef688bbfe03993?s=96&d=mm&r=g","caption":"davanso"},"sameAs":["https:\/\/volponadvocacia.com.br"],"url":"https:\/\/volponadvocacia.com.br\/index.php\/author\/davanso\/"}]}},"_links":{"self":[{"href":"https:\/\/volponadvocacia.com.br\/index.php\/wp-json\/wp\/v2\/posts\/2918","targetHints":{"allow":["GET"]}}],"collection":[{"href":"https:\/\/volponadvocacia.com.br\/index.php\/wp-json\/wp\/v2\/posts"}],"about":[{"href":"https:\/\/volponadvocacia.com.br\/index.php\/wp-json\/wp\/v2\/types\/post"}],"author":[{"embeddable":true,"href":"https:\/\/volponadvocacia.com.br\/index.php\/wp-json\/wp\/v2\/users\/1"}],"replies":[{"embeddable":true,"href":"https:\/\/volponadvocacia.com.br\/index.php\/wp-json\/wp\/v2\/comments?post=2918"}],"version-history":[{"count":10,"href":"https:\/\/volponadvocacia.com.br\/index.php\/wp-json\/wp\/v2\/posts\/2918\/revisions"}],"predecessor-version":[{"id":2956,"href":"https:\/\/volponadvocacia.com.br\/index.php\/wp-json\/wp\/v2\/posts\/2918\/revisions\/2956"}],"wp:attachment":[{"href":"https:\/\/volponadvocacia.com.br\/index.php\/wp-json\/wp\/v2\/media?parent=2918"}],"wp:term":[{"taxonomy":"category","embeddable":true,"href":"https:\/\/volponadvocacia.com.br\/index.php\/wp-json\/wp\/v2\/categories?post=2918"},{"taxonomy":"post_tag","embeddable":true,"href":"https:\/\/volponadvocacia.com.br\/index.php\/wp-json\/wp\/v2\/tags?post=2918"}],"curies":[{"name":"wp","href":"https:\/\/api.w.org\/{rel}","templated":true}]}}