{"id":3048,"date":"2025-10-13T09:46:03","date_gmt":"2025-10-13T12:46:03","guid":{"rendered":"https:\/\/volponadvocacia.com.br\/?p=3048"},"modified":"2025-10-13T09:53:43","modified_gmt":"2025-10-13T12:53:43","slug":"lei-da-igualdade-salarial","status":"publish","type":"post","link":"https:\/\/volponadvocacia.com.br\/index.php\/2025\/10\/13\/lei-da-igualdade-salarial\/","title":{"rendered":"Lei da Igualdade Salarial: MTE intensifica fiscaliza\u00e7\u00f5es e autua empresas por descumprimento"},"content":{"rendered":"\t\t<div data-elementor-type=\"wp-post\" data-elementor-id=\"3048\" class=\"elementor elementor-3048\">\n\t\t\t\t\t\t<section class=\"elementor-section elementor-top-section elementor-element elementor-element-7b1a602 elementor-section-boxed elementor-section-height-default elementor-section-height-default wpr-particle-no wpr-jarallax-no wpr-parallax-no wpr-sticky-section-no wpr-equal-height-no\" data-id=\"7b1a602\" data-element_type=\"section\" data-e-type=\"section\">\n\t\t\t\t\t\t<div class=\"elementor-container elementor-column-gap-default\">\n\t\t\t\t\t<div class=\"elementor-column elementor-col-100 elementor-top-column elementor-element elementor-element-638a8e\" data-id=\"638a8e\" data-element_type=\"column\" data-e-type=\"column\">\n\t\t\t<div class=\"elementor-widget-wrap elementor-element-populated\">\n\t\t\t\t\t\t<div class=\"elementor-element elementor-element-71332b76 elementor-widget elementor-widget-text-editor\" data-id=\"71332b76\" data-element_type=\"widget\" data-e-type=\"widget\" data-widget_type=\"text-editor.default\">\n\t\t\t\t<div class=\"elementor-widget-container\">\n\t\t\t\t\t\t\t\t\t<em>Entenda a Consigna\u00e7\u00e3o em Pagamento Extrajudicial segundo o Novo C\u00f3digo de Processo Civil<\/em>\r\n\r\n&nbsp;\r\n\r\nEm nosso escrit\u00f3rio de advocacia, entendemos a import\u00e2ncia da consigna\u00e7\u00e3o em pagamento extrajudicial conforme o novo C\u00f3digo de Processo Civil. Esse procedimento especial, embora mantenha algumas similaridades com o procedimento comum, apresenta diferen\u00e7as significativas que devem ser compreendidas.\r\n\r\nA consigna\u00e7\u00e3o em pagamento extrajudicial \u00e9 uma op\u00e7\u00e3o para o devedor ou um terceiro depositarem a quantia devida em um estabelecimento banc\u00e1rio oficial ou privado, quando n\u00e3o h\u00e1 um estabelecimento oficial dispon\u00edvel na cidade. Esse procedimento pode ser utilizado para o pagamento de quantias em dinheiro, inclusive alugu\u00e9is e seus encargos.\r\n\r\nA comunica\u00e7\u00e3o do dep\u00f3sito ao credor \u00e9 realizada por meio de carta com aviso de recebimento, concedendo-lhe um prazo de 10 dias para manifestar sua recusa por escrito. O dep\u00f3sito deve ser feito no banco localizado no lugar do pagamento, e a comunica\u00e7\u00e3o e a recusa devem ser dirigidas ao pr\u00f3prio banco.\r\n\r\nAp\u00f3s o prazo de manifesta\u00e7\u00e3o de recusa, se o credor n\u00e3o se opuser ao pagamento, o devedor fica liberado da obriga\u00e7\u00e3o, e o comprovante de dep\u00f3sito serve como prova de quita\u00e7\u00e3o. O valor depositado fica \u00e0 disposi\u00e7\u00e3o do credor, que pode retir\u00e1-lo a qualquer momento.\r\n\r\nCaso o credor recuse o pagamento, o devedor tem um prazo de 1 m\u00eas para ingressar com a a\u00e7\u00e3o de consigna\u00e7\u00e3o judicial. \u00c9 importante ressaltar que esse prazo n\u00e3o \u00e9 decadencial ou prescricional, mas sim uma forma de preservar a efic\u00e1cia do dep\u00f3sito extrajudicial. Se a a\u00e7\u00e3o for proposta dentro do prazo, o devedor fica livre do valor depositado. Caso contr\u00e1rio, o valor poder\u00e1 ser levantado pelo devedor, e ele dever\u00e1 entrar com a a\u00e7\u00e3o de consigna\u00e7\u00e3o judicial.\r\n\r\n\u00c9 fundamental ingressar com a a\u00e7\u00e3o dentro do prazo estipulado, pois ap\u00f3s o vencimento desse prazo, o credor entrar\u00e1 em mora por n\u00e3o ter aceitado o pagamento. Nesse caso, os juros incidir\u00e3o apenas conforme as taxas banc\u00e1rias, e n\u00e3o conforme o contrato original. Se o devedor n\u00e3o ajuizar a a\u00e7\u00e3o dentro do prazo, ele pr\u00f3prio estar\u00e1 em mora, e os juros do contrato ser\u00e3o contados a partir da consigna\u00e7\u00e3o.\r\n\r\nEm nosso escrit\u00f3rio, estamos prontos para ajudar voc\u00ea a entender e conduzir corretamente o processo de consigna\u00e7\u00e3o em pagamento extrajudicial, proporcionando solu\u00e7\u00f5es eficientes para seus casos. Entre em contato conosco para mais informa\u00e7\u00f5es e orienta\u00e7\u00f5es sobre essa importante quest\u00e3o jur\u00eddica.\r\n\r\nFonte do artigo: <a href=\"https:\/\/jus.com.br\/artigos\/39212\/a-consignacao-em-pagamento-extrajudicial-de-acordo-com-o-novo-codigo-de-processo-civil\">A consigna\u00e7\u00e3o em pagamento extrajudicial de acordo com o novo C\u00f3digo de Processo Civil &#8211; Jus.com.br | Jus Navigandi<\/a>\t\t\t\t\t\t\t\t<\/div>\n\t\t\t\t<\/div>\n\t\t\t\t\t<\/div>\n\t\t<\/div>\n\t\t\t\t\t<\/div>\n\t\t<\/section>\n\t\t\t\t<section class=\"elementor-section elementor-top-section elementor-element elementor-element-57fc1488 elementor-section-height-min-height elementor-section-boxed elementor-section-height-default elementor-section-items-middle wpr-particle-no wpr-jarallax-no wpr-parallax-no wpr-sticky-section-no wpr-equal-height-no\" data-id=\"57fc1488\" data-element_type=\"section\" data-e-type=\"section\" data-settings=\"{&quot;background_background&quot;:&quot;classic&quot;,&quot;shape_divider_bottom&quot;:&quot;tilt&quot;}\">\n\t\t\t\t\t\t\t<div class=\"elementor-background-overlay\"><\/div>\n\t\t\t\t\t\t<div class=\"elementor-shape elementor-shape-bottom\" aria-hidden=\"true\" data-negative=\"false\">\n\t\t\t<svg xmlns=\"http:\/\/www.w3.org\/2000\/svg\" viewBox=\"0 0 1000 100\" preserveAspectRatio=\"none\">\n\t<path class=\"elementor-shape-fill\" d=\"M0,6V0h1000v100L0,6z\"\/>\n<\/svg>\t\t<\/div>\n\t\t\t\t\t<div class=\"elementor-container elementor-column-gap-default\">\n\t\t\t\t\t<div class=\"elementor-column elementor-col-100 elementor-top-column elementor-element elementor-element-4a22188f\" data-id=\"4a22188f\" data-element_type=\"column\" data-e-type=\"column\">\n\t\t\t<div class=\"elementor-widget-wrap elementor-element-populated\">\n\t\t\t\t\t\t<div class=\"elementor-element elementor-element-7a38d84d elementor-widget elementor-widget-heading\" data-id=\"7a38d84d\" data-element_type=\"widget\" data-e-type=\"widget\" data-widget_type=\"heading.default\">\n\t\t\t\t<div class=\"elementor-widget-container\">\n\t\t\t\t\t<h2 class=\"elementor-heading-title elementor-size-default\">Lei da Igualdade Salarial: MTE intensifica fiscaliza\u00e7\u00f5es e autua empresas por descumprimento<\/h2>\t\t\t\t<\/div>\n\t\t\t\t<\/div>\n\t\t\t\t\t<\/div>\n\t\t<\/div>\n\t\t\t\t\t<\/div>\n\t\t<\/section>\n\t\t\t\t<section class=\"elementor-section elementor-top-section elementor-element elementor-element-b029dd5 elementor-section-boxed elementor-section-height-default elementor-section-height-default wpr-particle-no wpr-jarallax-no wpr-parallax-no wpr-sticky-section-no wpr-equal-height-no\" data-id=\"b029dd5\" data-element_type=\"section\" data-e-type=\"section\" data-settings=\"{&quot;background_background&quot;:&quot;classic&quot;}\">\n\t\t\t\t\t\t<div class=\"elementor-container elementor-column-gap-default\">\n\t\t\t\t\t<div class=\"elementor-column elementor-col-100 elementor-top-column elementor-element elementor-element-1988b03\" data-id=\"1988b03\" data-element_type=\"column\" data-e-type=\"column\">\n\t\t\t<div class=\"elementor-widget-wrap elementor-element-populated\">\n\t\t\t\t\t\t<div class=\"elementor-element elementor-element-04a607f elementor-widget__width-initial elementor-widget elementor-widget-text-editor\" data-id=\"04a607f\" data-element_type=\"widget\" data-e-type=\"widget\" data-widget_type=\"text-editor.default\">\n\t\t\t\t<div class=\"elementor-widget-container\">\n\t\t\t\t\t\t\t\t\t<p>O Minist\u00e9rio do Trabalho e Emprego (MTE) tem intensificado a fiscaliza\u00e7\u00e3o quanto ao cumprimento da Lei n\u00ba 14.611\/2023, conhecida como Lei da Igualdade Salarial entre Mulheres e Homens.<\/p><p>Segundo informa\u00e7\u00f5es oficiais, mais de 90 (noventa) empresas j\u00e1 foram autuadas por n\u00e3o publicarem o Relat\u00f3rio de Transpar\u00eancia Salarial, cuja divulga\u00e7\u00e3o \u00e9 obrigat\u00f3ria e semestral para todas as pessoas jur\u00eddicas de direito privado que possuam 100 (cem) ou mais empregados, conforme determina o artigo 5\u00ba da referida lei.<\/p><p>A legisla\u00e7\u00e3o determina que as empresas devem elaborar e disponibilizar relat\u00f3rios contendo informa\u00e7\u00f5es sobre remunera\u00e7\u00e3o e crit\u00e9rios remunerat\u00f3rios, sempre observando as diretrizes da Lei Geral de Prote\u00e7\u00e3o de Dados (Lei n\u00ba 13.709\/2018).<\/p><p>Esses relat\u00f3rios devem ser enviados por meio do Portal Emprega Brasil, nos meses de mar\u00e7o e setembro de cada ano, e posteriormente divulgados em local de f\u00e1cil acesso ao p\u00fablico, como o site institucional ou redes sociais da empresa.<\/p><p>O n\u00e3o cumprimento da obriga\u00e7\u00e3o pode gerar multas administrativas de at\u00e9 3% da folha de pagamento, limitadas a 100 sal\u00e1rios-m\u00ednimos, al\u00e9m de impactos reputacionais significativos, considerando a relev\u00e2ncia social e corporativa do tema.<\/p><p>Al\u00e9m das san\u00e7\u00f5es financeiras, empresas autuadas podem sofrer danos \u00e0 imagem e \u00e0 credibilidade, especialmente diante da crescente cobran\u00e7a por pr\u00e1ticas empresariais transparentes e alinhadas \u00e0 equidade de g\u00eanero.<\/p><p>Mesmo que sua empresa ainda n\u00e3o possua 100 (cem) empregados, \u00e9 importante adotar uma postura preventiva. O MTE j\u00e1 vem ampliando as a\u00e7\u00f5es fiscalizat\u00f3rias e a lei \u00e9 clara quanto \u00e0 obrigatoriedade a partir desse marco.<\/p><p>Por isso, recomenda-se que as empresas revisem seus processos internos de coleta, tratamento e organiza\u00e7\u00e3o dos dados salariais, assegurando-se de que estar\u00e3o preparadas para cumprir a exig\u00eancia legal quando aplic\u00e1vel.<\/p><p>O cumprimento da Lei da Igualdade Salarial demanda planejamento e conformidade com normas de prote\u00e7\u00e3o de dados, al\u00e9m de uma gest\u00e3o respons\u00e1vel da pol\u00edtica remunerat\u00f3ria<\/p><p>Desse modo, \u00e9 essencial o acompanhamento por profissionais especialistas na \u00e1rea para orientar as empresas na adequa\u00e7\u00e3o \u00e0s exig\u00eancias legais, bem como para o esclarecimento de d\u00favidas sobre a elabora\u00e7\u00e3o e divulga\u00e7\u00e3o dos relat\u00f3rios de transpar\u00eancia salarial.<\/p>\t\t\t\t\t\t\t\t<\/div>\n\t\t\t\t<\/div>\n\t\t\t\t<div class=\"elementor-element elementor-element-5b84150 elementor-widget-divider--view-line elementor-widget elementor-widget-divider\" data-id=\"5b84150\" data-element_type=\"widget\" data-e-type=\"widget\" data-widget_type=\"divider.default\">\n\t\t\t\t<div class=\"elementor-widget-container\">\n\t\t\t\t\t\t\t<div class=\"elementor-divider\">\n\t\t\t<span class=\"elementor-divider-separator\">\n\t\t\t\t\t\t<\/span>\n\t\t<\/div>\n\t\t\t\t\t\t<\/div>\n\t\t\t\t<\/div>\n\t\t\t\t\t<\/div>\n\t\t<\/div>\n\t\t\t\t\t<\/div>\n\t\t<\/section>\n\t\t\t\t<section class=\"elementor-section elementor-top-section elementor-element elementor-element-32c7bb4 elementor-section-boxed elementor-section-height-default elementor-section-height-default wpr-particle-no wpr-jarallax-no wpr-parallax-no wpr-sticky-section-no wpr-equal-height-no\" data-id=\"32c7bb4\" data-element_type=\"section\" data-e-type=\"section\">\n\t\t\t\t\t\t<div class=\"elementor-container elementor-column-gap-default\">\n\t\t\t\t\t<div class=\"elementor-column elementor-col-33 elementor-top-column elementor-element elementor-element-c3e93fa\" data-id=\"c3e93fa\" data-element_type=\"column\" data-e-type=\"column\">\n\t\t\t<div class=\"elementor-widget-wrap elementor-element-populated\">\n\t\t\t\t\t\t<div class=\"elementor-element elementor-element-d3dcfbe elementor-widget elementor-widget-image\" data-id=\"d3dcfbe\" data-element_type=\"widget\" data-e-type=\"widget\" data-widget_type=\"image.default\">\n\t\t\t\t<div class=\"elementor-widget-container\">\n\t\t\t\t\t\t\t\t\t\t\t\t\t\t\t<img fetchpriority=\"high\" decoding=\"async\" width=\"202\" height=\"300\" src=\"https:\/\/volponadvocacia.com.br\/wp-content\/uploads\/2025\/10\/WhatsApp-Image-2025-10-13-at-09.15.19-202x300.jpeg\" class=\"attachment-medium size-medium wp-image-3054\" alt=\"\" srcset=\"https:\/\/volponadvocacia.com.br\/wp-content\/uploads\/2025\/10\/WhatsApp-Image-2025-10-13-at-09.15.19-202x300.jpeg 202w, https:\/\/volponadvocacia.com.br\/wp-content\/uploads\/2025\/10\/WhatsApp-Image-2025-10-13-at-09.15.19-689x1024.jpeg 689w, https:\/\/volponadvocacia.com.br\/wp-content\/uploads\/2025\/10\/WhatsApp-Image-2025-10-13-at-09.15.19-768x1142.jpeg 768w, https:\/\/volponadvocacia.com.br\/wp-content\/uploads\/2025\/10\/WhatsApp-Image-2025-10-13-at-09.15.19-1033x1536.jpeg 1033w, https:\/\/volponadvocacia.com.br\/wp-content\/uploads\/2025\/10\/WhatsApp-Image-2025-10-13-at-09.15.19.jpeg 1073w\" sizes=\"(max-width: 202px) 100vw, 202px\" \/>\t\t\t\t\t\t\t\t\t\t\t\t\t\t\t<\/div>\n\t\t\t\t<\/div>\n\t\t\t\t\t<\/div>\n\t\t<\/div>\n\t\t\t\t<div class=\"elementor-column elementor-col-66 elementor-top-column elementor-element elementor-element-c1fe517\" data-id=\"c1fe517\" data-element_type=\"column\" data-e-type=\"column\">\n\t\t\t<div class=\"elementor-widget-wrap elementor-element-populated\">\n\t\t\t\t\t\t<div class=\"elementor-element elementor-element-9c2d431 elementor-widget elementor-widget-spacer\" data-id=\"9c2d431\" data-element_type=\"widget\" data-e-type=\"widget\" data-widget_type=\"spacer.default\">\n\t\t\t\t<div class=\"elementor-widget-container\">\n\t\t\t\t\t\t\t<div class=\"elementor-spacer\">\n\t\t\t<div class=\"elementor-spacer-inner\"><\/div>\n\t\t<\/div>\n\t\t\t\t\t\t<\/div>\n\t\t\t\t<\/div>\n\t\t\t\t<div class=\"elementor-element elementor-element-ae16359 elementor-widget elementor-widget-text-editor\" data-id=\"ae16359\" data-element_type=\"widget\" data-e-type=\"widget\" data-widget_type=\"text-editor.default\">\n\t\t\t\t<div class=\"elementor-widget-container\">\n\t\t\t\t\t\t\t\t\t<p><span style=\"font-size: 14pt;\"><strong>Autora:<\/strong> Waleska Reis Belini<br \/>Advogado Especialista em Direito do trabalho\u00a0<br \/><\/span><\/p><p><span style=\"font-size: 14pt;\"><strong>Data:<\/strong> Ribeir\u00e3o Preto, 10 de Outubro de 2025.<\/span><\/p>\t\t\t\t\t\t\t\t<\/div>\n\t\t\t\t<\/div>\n\t\t\t\t\t<\/div>\n\t\t<\/div>\n\t\t\t\t\t<\/div>\n\t\t<\/section>\n\t\t\t\t<section class=\"elementor-section elementor-top-section elementor-element elementor-element-41e162ce elementor-section-boxed elementor-section-height-default elementor-section-height-default wpr-particle-no wpr-jarallax-no wpr-parallax-no wpr-sticky-section-no wpr-equal-height-no elementor-invisible\" data-id=\"41e162ce\" data-element_type=\"section\" data-e-type=\"section\" data-settings=\"{&quot;animation&quot;:&quot;fadeIn&quot;}\">\n\t\t\t\t\t\t<div class=\"elementor-container elementor-column-gap-default\">\n\t\t\t\t\t<div class=\"elementor-column elementor-col-50 elementor-top-column elementor-element elementor-element-dcefffe\" data-id=\"dcefffe\" data-element_type=\"column\" data-e-type=\"column\">\n\t\t\t<div class=\"elementor-widget-wrap elementor-element-populated\">\n\t\t\t\t\t\t<div class=\"elementor-element elementor-element-6c954252 elementor-widget elementor-widget-heading\" data-id=\"6c954252\" data-element_type=\"widget\" data-e-type=\"widget\" data-widget_type=\"heading.default\">\n\t\t\t\t<div class=\"elementor-widget-container\">\n\t\t\t\t\t<h2 class=\"elementor-heading-title elementor-size-default\">ENTRE EM CONTATO<\/h2>\t\t\t\t<\/div>\n\t\t\t\t<\/div>\n\t\t\t\t<div class=\"elementor-element elementor-element-a0b8ad2 elementor-widget elementor-widget-text-editor\" data-id=\"a0b8ad2\" data-element_type=\"widget\" data-e-type=\"widget\" data-widget_type=\"text-editor.default\">\n\t\t\t\t<div class=\"elementor-widget-container\">\n\t\t\t\t\t\t\t\t\t<p>Vamos conversar, preencha o formul\u00e1rio ao lado que nossa equipe logo entrara em contato com voc\u00ea!<\/p>\t\t\t\t\t\t\t\t<\/div>\n\t\t\t\t<\/div>\n\t\t\t\t<div class=\"elementor-element elementor-element-710ddb4c elementor-widget elementor-widget-heading\" data-id=\"710ddb4c\" data-element_type=\"widget\" data-e-type=\"widget\" data-widget_type=\"heading.default\">\n\t\t\t\t<div class=\"elementor-widget-container\">\n\t\t\t\t\t<h2 class=\"elementor-heading-title elementor-size-default\">Volpon Advocacia - Ribeir\u00e3o Preto SP<\/h2>\t\t\t\t<\/div>\n\t\t\t\t<\/div>\n\t\t\t\t<div class=\"elementor-element elementor-element-b73c7fd elementor-icon-list--layout-traditional elementor-list-item-link-full_width elementor-widget elementor-widget-icon-list\" data-id=\"b73c7fd\" data-element_type=\"widget\" data-e-type=\"widget\" data-widget_type=\"icon-list.default\">\n\t\t\t\t<div class=\"elementor-widget-container\">\n\t\t\t\t\t\t\t<ul class=\"elementor-icon-list-items\">\n\t\t\t\t\t\t\t<li class=\"elementor-icon-list-item\">\n\t\t\t\t\t\t\t\t\t\t\t<span class=\"elementor-icon-list-icon\">\n\t\t\t\t\t\t\t<i aria-hidden=\"true\" class=\"fab fa-whatsapp\"><\/i>\t\t\t\t\t\t<\/span>\n\t\t\t\t\t\t\t\t\t\t<span class=\"elementor-icon-list-text\">(16) 99743-0410<\/span>\n\t\t\t\t\t\t\t\t\t<\/li>\n\t\t\t\t\t\t\t\t<li class=\"elementor-icon-list-item\">\n\t\t\t\t\t\t\t\t\t\t\t<span class=\"elementor-icon-list-icon\">\n\t\t\t\t\t\t\t<i aria-hidden=\"true\" class=\"fas fa-phone-alt\"><\/i>\t\t\t\t\t\t<\/span>\n\t\t\t\t\t\t\t\t\t\t<span class=\"elementor-icon-list-text\">(16) 3916-9494<\/span>\n\t\t\t\t\t\t\t\t\t<\/li>\n\t\t\t\t\t\t\t\t<li class=\"elementor-icon-list-item\">\n\t\t\t\t\t\t\t\t\t\t\t<span class=\"elementor-icon-list-icon\">\n\t\t\t\t\t\t\t<i aria-hidden=\"true\" class=\"fas fa-envelope\"><\/i>\t\t\t\t\t\t<\/span>\n\t\t\t\t\t\t\t\t\t\t<span class=\"elementor-icon-list-text\">admvolpon@volponadvocacia.com.br<\/span>\n\t\t\t\t\t\t\t\t\t<\/li>\n\t\t\t\t\t\t\t\t<li class=\"elementor-icon-list-item\">\n\t\t\t\t\t\t\t\t\t\t\t<span class=\"elementor-icon-list-icon\">\n\t\t\t\t\t\t\t<i aria-hidden=\"true\" class=\"fas fa-envelope\"><\/i>\t\t\t\t\t\t<\/span>\n\t\t\t\t\t\t\t\t\t\t<span class=\"elementor-icon-list-text\">financeirovolpon@volponadvocacia.com.br<\/span>\n\t\t\t\t\t\t\t\t\t<\/li>\n\t\t\t\t\t\t\t\t<li class=\"elementor-icon-list-item\">\n\t\t\t\t\t\t\t\t\t\t\t<span class=\"elementor-icon-list-icon\">\n\t\t\t\t\t\t\t<i aria-hidden=\"true\" class=\"fas fa-map-marker-alt\"><\/i>\t\t\t\t\t\t<\/span>\n\t\t\t\t\t\t\t\t\t\t<span class=\"elementor-icon-list-text\">Av. Senador Cesar Vergueiro, 480 - sala 24 - Ribeir\u00e3o Preto - SP<\/span>\n\t\t\t\t\t\t\t\t\t<\/li>\n\t\t\t\t\t\t<\/ul>\n\t\t\t\t\t\t<\/div>\n\t\t\t\t<\/div>\n\t\t\t\t\t<\/div>\n\t\t<\/div>\n\t\t\t\t<div class=\"elementor-column elementor-col-50 elementor-top-column elementor-element elementor-element-6e87f0\" data-id=\"6e87f0\" data-element_type=\"column\" data-e-type=\"column\" data-settings=\"{&quot;background_background&quot;:&quot;classic&quot;}\">\n\t\t\t<div class=\"elementor-widget-wrap elementor-element-populated\">\n\t\t\t\t\t\t<div class=\"elementor-element elementor-element-56ba7bdf wpr-forms-submit-justify wpr-forms-align-left elementor-widget elementor-widget-wpr-forms\" data-id=\"56ba7bdf\" data-element_type=\"widget\" data-e-type=\"widget\" data-widget_type=\"wpr-forms.default\">\n\t\t\t\t<div class=\"elementor-widget-container\">\n\t\t\t\t\t<div class=\"wpr-forms-container wpr-custom-chk-radio\">\n<div class=\"wpcf7 no-js\" id=\"wpcf7-f5-o1\" lang=\"pt-BR\" dir=\"ltr\" data-wpcf7-id=\"5\">\n<div class=\"screen-reader-response\"><p role=\"status\" aria-live=\"polite\" aria-atomic=\"true\"><\/p> <ul><\/ul><\/div>\n<form action=\"\/index.php\/wp-json\/wp\/v2\/posts\/3048#wpcf7-f5-o1\" method=\"post\" class=\"wpcf7-form init\" aria-label=\"Formul\u00e1rios de contato\" novalidate=\"novalidate\" data-status=\"init\">\n<fieldset class=\"hidden-fields-container\"><input type=\"hidden\" name=\"_wpcf7\" value=\"5\" \/><input type=\"hidden\" name=\"_wpcf7_version\" value=\"6.1.5\" \/><input type=\"hidden\" name=\"_wpcf7_locale\" value=\"pt_BR\" \/><input type=\"hidden\" name=\"_wpcf7_unit_tag\" value=\"wpcf7-f5-o1\" \/><input type=\"hidden\" name=\"_wpcf7_container_post\" value=\"0\" \/><input type=\"hidden\" name=\"_wpcf7_posted_data_hash\" value=\"\" \/>\n<\/fieldset>\n<p><label> Seu nome<br \/>\n<span class=\"wpcf7-form-control-wrap\" data-name=\"your-name\"><input size=\"40\" maxlength=\"400\" class=\"wpcf7-form-control wpcf7-text wpcf7-validates-as-required\" autocomplete=\"name\" aria-required=\"true\" aria-invalid=\"false\" value=\"\" type=\"text\" name=\"your-name\" \/><\/span> <\/label>\n<\/p>\n<p><label> Seu e-mail<br \/>\n<span class=\"wpcf7-form-control-wrap\" data-name=\"your-email\"><input size=\"40\" maxlength=\"400\" class=\"wpcf7-form-control wpcf7-email wpcf7-validates-as-required wpcf7-text wpcf7-validates-as-email\" autocomplete=\"email\" aria-required=\"true\" aria-invalid=\"false\" value=\"\" type=\"email\" name=\"your-email\" \/><\/span> <\/label>\n<\/p>\n<p><label> Assunto<br \/>\n<span class=\"wpcf7-form-control-wrap\" data-name=\"your-subject\"><input size=\"40\" maxlength=\"400\" class=\"wpcf7-form-control wpcf7-text wpcf7-validates-as-required\" aria-required=\"true\" aria-invalid=\"false\" value=\"\" type=\"text\" name=\"your-subject\" \/><\/span> <\/label>\n<\/p>\n<p><label> Sua mensagem (opcional)<br \/>\n<span class=\"wpcf7-form-control-wrap\" data-name=\"your-message\"><textarea cols=\"40\" rows=\"10\" maxlength=\"2000\" class=\"wpcf7-form-control wpcf7-textarea\" aria-invalid=\"false\" name=\"your-message\"><\/textarea><\/span> <\/label>\n<\/p>\n<p><input class=\"wpcf7-form-control wpcf7-submit has-spinner\" type=\"submit\" value=\"Enviar\" \/>\n<\/p><div class=\"wpcf7-response-output\" aria-hidden=\"true\"><\/div>\n<\/form>\n<\/div>\n<\/div>\t\t\t\t<\/div>\n\t\t\t\t<\/div>\n\t\t\t\t\t<\/div>\n\t\t<\/div>\n\t\t\t\t\t<\/div>\n\t\t<\/section>\n\t\t\t\t<section class=\"elementor-section elementor-top-section elementor-element elementor-element-51d29329 elementor-section-full_width elementor-section-height-default elementor-section-height-default wpr-particle-no wpr-jarallax-no wpr-parallax-no wpr-sticky-section-no wpr-equal-height-no\" data-id=\"51d29329\" data-element_type=\"section\" data-e-type=\"section\">\n\t\t\t\t\t\t<div class=\"elementor-container elementor-column-gap-no\">\n\t\t\t\t\t<div class=\"elementor-column elementor-col-100 elementor-top-column elementor-element elementor-element-ff2ffb5\" data-id=\"ff2ffb5\" data-element_type=\"column\" data-e-type=\"column\">\n\t\t\t<div class=\"elementor-widget-wrap\">\n\t\t\t\t\t\t\t<\/div>\n\t\t<\/div>\n\t\t\t\t\t<\/div>\n\t\t<\/section>\n\t\t\t\t<\/div>\n\t\t","protected":false},"excerpt":{"rendered":"<p>Entenda a Consigna\u00e7\u00e3o em Pagamento Extrajudicial segundo o Novo C\u00f3digo de Processo Civil &nbsp; Em nosso escrit\u00f3rio de advocacia, entendemos a import\u00e2ncia da consigna\u00e7\u00e3o em pagamento extrajudicial conforme o novo C\u00f3digo de Processo Civil. Esse procedimento especial, embora mantenha algumas similaridades com o procedimento comum, apresenta diferen\u00e7as significativas que devem ser compreendidas. A consigna\u00e7\u00e3o em pagamento extrajudicial \u00e9 uma op\u00e7\u00e3o para o devedor ou um terceiro depositarem a quantia devida em um estabelecimento banc\u00e1rio oficial ou privado, quando n\u00e3o h\u00e1 um estabelecimento oficial dispon\u00edvel na cidade. Esse procedimento pode ser utilizado para o pagamento de quantias em dinheiro, inclusive alugu\u00e9is e seus encargos. A comunica\u00e7\u00e3o do dep\u00f3sito ao credor \u00e9 realizada por meio de carta com aviso de recebimento, concedendo-lhe um prazo de 10 dias para manifestar sua recusa por escrito. O dep\u00f3sito deve ser feito no banco localizado no lugar do pagamento, e a comunica\u00e7\u00e3o e a recusa devem ser dirigidas ao pr\u00f3prio banco. Ap\u00f3s o prazo de manifesta\u00e7\u00e3o de recusa, se o credor n\u00e3o se opuser ao pagamento, o devedor fica liberado da obriga\u00e7\u00e3o, e o comprovante de dep\u00f3sito serve como prova de quita\u00e7\u00e3o. O valor depositado fica \u00e0 disposi\u00e7\u00e3o do credor, que pode retir\u00e1-lo a qualquer momento. Caso o credor recuse o pagamento, o devedor tem um prazo de 1 m\u00eas para ingressar com a a\u00e7\u00e3o de consigna\u00e7\u00e3o judicial. \u00c9 importante ressaltar que esse prazo n\u00e3o \u00e9 decadencial ou prescricional, mas sim uma forma de preservar a efic\u00e1cia do dep\u00f3sito extrajudicial. Se a a\u00e7\u00e3o for proposta dentro do prazo, o devedor fica livre do valor depositado. Caso contr\u00e1rio, o valor poder\u00e1 ser levantado pelo devedor, e ele dever\u00e1 entrar com a a\u00e7\u00e3o de consigna\u00e7\u00e3o judicial. \u00c9 fundamental ingressar com a a\u00e7\u00e3o dentro do prazo estipulado, pois ap\u00f3s o vencimento desse prazo, o credor entrar\u00e1 em mora por n\u00e3o ter aceitado o pagamento. Nesse caso, os juros incidir\u00e3o apenas conforme as taxas banc\u00e1rias, e n\u00e3o conforme o contrato original. Se o devedor n\u00e3o ajuizar a a\u00e7\u00e3o dentro do prazo, ele pr\u00f3prio estar\u00e1 em mora, e os juros do contrato ser\u00e3o contados a partir da consigna\u00e7\u00e3o. Em nosso escrit\u00f3rio, estamos prontos para ajudar voc\u00ea a entender e conduzir corretamente o processo de consigna\u00e7\u00e3o em pagamento extrajudicial, proporcionando solu\u00e7\u00f5es eficientes para seus casos. Entre em contato conosco para mais informa\u00e7\u00f5es e orienta\u00e7\u00f5es sobre essa importante quest\u00e3o jur\u00eddica. Fonte do artigo: A consigna\u00e7\u00e3o em pagamento extrajudicial de acordo com o novo C\u00f3digo de Processo Civil &#8211; Jus.com.br | Jus Navigandi Lei da Igualdade Salarial: MTE intensifica fiscaliza\u00e7\u00f5es e autua empresas por descumprimento O Minist\u00e9rio do Trabalho e Emprego (MTE) tem intensificado a fiscaliza\u00e7\u00e3o quanto ao cumprimento da Lei n\u00ba 14.611\/2023, conhecida como Lei da Igualdade Salarial entre Mulheres e Homens. Segundo informa\u00e7\u00f5es oficiais, mais de 90 (noventa) empresas j\u00e1 foram autuadas por n\u00e3o publicarem o Relat\u00f3rio de Transpar\u00eancia Salarial, cuja divulga\u00e7\u00e3o \u00e9 obrigat\u00f3ria e semestral para todas as pessoas jur\u00eddicas de direito privado que possuam 100 (cem) ou mais empregados, conforme determina o artigo 5\u00ba da referida lei. A legisla\u00e7\u00e3o determina que as empresas devem elaborar e disponibilizar relat\u00f3rios contendo informa\u00e7\u00f5es sobre remunera\u00e7\u00e3o e crit\u00e9rios remunerat\u00f3rios, sempre observando as diretrizes da Lei Geral de Prote\u00e7\u00e3o de Dados (Lei n\u00ba 13.709\/2018). Esses relat\u00f3rios devem ser enviados por meio do Portal Emprega Brasil, nos meses de mar\u00e7o e setembro de cada ano, e posteriormente divulgados em local de f\u00e1cil acesso ao p\u00fablico, como o site institucional ou redes sociais da empresa. O n\u00e3o cumprimento da obriga\u00e7\u00e3o pode gerar multas administrativas de at\u00e9 3% da folha de pagamento, limitadas a 100 sal\u00e1rios-m\u00ednimos, al\u00e9m de impactos reputacionais significativos, considerando a relev\u00e2ncia social e corporativa do tema. Al\u00e9m das san\u00e7\u00f5es financeiras, empresas autuadas podem sofrer danos \u00e0 imagem e \u00e0 credibilidade, especialmente diante da crescente cobran\u00e7a por pr\u00e1ticas empresariais transparentes e alinhadas \u00e0 equidade de g\u00eanero. Mesmo que sua empresa ainda n\u00e3o possua 100 (cem) empregados, \u00e9 importante adotar uma postura preventiva. O MTE j\u00e1 vem ampliando as a\u00e7\u00f5es fiscalizat\u00f3rias e a lei \u00e9 clara quanto \u00e0 obrigatoriedade a partir desse marco. Por isso, recomenda-se que as empresas revisem seus processos internos de coleta, tratamento e organiza\u00e7\u00e3o dos dados salariais, assegurando-se de que estar\u00e3o preparadas para cumprir a exig\u00eancia legal quando aplic\u00e1vel. O cumprimento da Lei da Igualdade Salarial demanda planejamento e conformidade com normas de prote\u00e7\u00e3o de dados, al\u00e9m de uma gest\u00e3o respons\u00e1vel da pol\u00edtica remunerat\u00f3ria Desse modo, \u00e9 essencial o acompanhamento por profissionais especialistas na \u00e1rea para orientar as empresas na adequa\u00e7\u00e3o \u00e0s exig\u00eancias legais, bem como para o esclarecimento de d\u00favidas sobre a elabora\u00e7\u00e3o e divulga\u00e7\u00e3o dos relat\u00f3rios de transpar\u00eancia salarial. Autora: Waleska Reis BeliniAdvogado Especialista em Direito do trabalho\u00a0 Data: Ribeir\u00e3o Preto, 10 de Outubro de 2025. ENTRE EM CONTATO Vamos conversar, preencha o formul\u00e1rio ao lado que nossa equipe logo entrara em contato com voc\u00ea! Volpon Advocacia &#8211; Ribeir\u00e3o Preto SP (16) 99743-0410 (16) 3916-9494 admvolpon@volponadvocacia.com.br financeirovolpon@volponadvocacia.com.br Av. Senador Cesar Vergueiro, 480 &#8211; sala 24 &#8211; Ribeir\u00e3o Preto &#8211; SP Seu nome Seu e-mail Assunto Sua mensagem (opcional)<\/p>\n","protected":false},"author":1,"featured_media":2701,"comment_status":"closed","ping_status":"open","sticky":false,"template":"elementor_canvas","format":"standard","meta":{"footnotes":""},"categories":[14,23],"tags":[],"class_list":["post-3048","post","type-post","status-publish","format-standard","has-post-thumbnail","hentry","category-artigo","category-assessoria-juridica"],"yoast_head":"<!-- This site is optimized with the Yoast SEO plugin v27.4 - https:\/\/yoast.com\/product\/yoast-seo-wordpress\/ -->\n<title>Lei da Igualdade Salarial: MTE intensifica fiscaliza\u00e7\u00f5es e autua empresas por descumprimento - Volpon Advocacia<\/title>\n<meta name=\"description\" content=\"O Minist\u00e9rio do Trabalho e Emprego (MTE) tem intensificado a fiscaliza\u00e7\u00e3o quanto ao cumprimento da Lei n\u00ba 14.611\/2023, conhecida como Lei...\" \/>\n<meta name=\"robots\" content=\"index, follow, max-snippet:-1, max-image-preview:large, max-video-preview:-1\" \/>\n<link rel=\"canonical\" href=\"https:\/\/volponadvocacia.com.br\/index.php\/2025\/10\/13\/lei-da-igualdade-salarial\/\" \/>\n<meta property=\"og:locale\" content=\"pt_BR\" \/>\n<meta property=\"og:type\" content=\"article\" \/>\n<meta property=\"og:title\" content=\"Lei da Igualdade Salarial: MTE intensifica fiscaliza\u00e7\u00f5es e autua empresas por descumprimento - Volpon Advocacia\" \/>\n<meta property=\"og:description\" content=\"O Minist\u00e9rio do Trabalho e Emprego (MTE) tem intensificado a fiscaliza\u00e7\u00e3o quanto ao cumprimento da Lei n\u00ba 14.611\/2023, conhecida como Lei...\" \/>\n<meta property=\"og:url\" content=\"https:\/\/volponadvocacia.com.br\/index.php\/2025\/10\/13\/lei-da-igualdade-salarial\/\" \/>\n<meta property=\"og:site_name\" content=\"Volpon Advocacia\" \/>\n<meta property=\"article:published_time\" content=\"2025-10-13T12:46:03+00:00\" \/>\n<meta property=\"article:modified_time\" content=\"2025-10-13T12:53:43+00:00\" \/>\n<meta property=\"og:image\" content=\"https:\/\/volponadvocacia.com.br\/wp-content\/uploads\/2025\/02\/Blog-marco-02.jpg\" \/>\n\t<meta property=\"og:image:width\" content=\"1080\" \/>\n\t<meta property=\"og:image:height\" content=\"1350\" \/>\n\t<meta property=\"og:image:type\" content=\"image\/jpeg\" \/>\n<meta name=\"author\" content=\"davanso\" \/>\n<meta name=\"twitter:card\" content=\"summary_large_image\" \/>\n<meta name=\"twitter:label1\" content=\"Escrito por\" \/>\n\t<meta name=\"twitter:data1\" content=\"davanso\" \/>\n\t<meta name=\"twitter:label2\" content=\"Est. tempo de leitura\" \/>\n\t<meta name=\"twitter:data2\" content=\"5 minutos\" \/>\n<script type=\"application\/ld+json\" class=\"yoast-schema-graph\">{\"@context\":\"https:\\\/\\\/schema.org\",\"@graph\":[{\"@type\":\"Article\",\"@id\":\"https:\\\/\\\/volponadvocacia.com.br\\\/index.php\\\/2025\\\/10\\\/13\\\/lei-da-igualdade-salarial\\\/#article\",\"isPartOf\":{\"@id\":\"https:\\\/\\\/volponadvocacia.com.br\\\/index.php\\\/2025\\\/10\\\/13\\\/lei-da-igualdade-salarial\\\/\"},\"author\":{\"name\":\"davanso\",\"@id\":\"https:\\\/\\\/volponadvocacia.com.br\\\/#\\\/schema\\\/person\\\/ff6f7fc0557a569f592e00afb4ca3fe6\"},\"headline\":\"Lei da Igualdade Salarial: MTE intensifica fiscaliza\u00e7\u00f5es e autua empresas por descumprimento\",\"datePublished\":\"2025-10-13T12:46:03+00:00\",\"dateModified\":\"2025-10-13T12:53:43+00:00\",\"mainEntityOfPage\":{\"@id\":\"https:\\\/\\\/volponadvocacia.com.br\\\/index.php\\\/2025\\\/10\\\/13\\\/lei-da-igualdade-salarial\\\/\"},\"wordCount\":929,\"publisher\":{\"@id\":\"https:\\\/\\\/volponadvocacia.com.br\\\/#organization\"},\"image\":{\"@id\":\"https:\\\/\\\/volponadvocacia.com.br\\\/index.php\\\/2025\\\/10\\\/13\\\/lei-da-igualdade-salarial\\\/#primaryimage\"},\"thumbnailUrl\":\"https:\\\/\\\/volponadvocacia.com.br\\\/wp-content\\\/uploads\\\/2025\\\/02\\\/Blog-marco-02.jpg\",\"articleSection\":[\"Artigo\",\"Assessoria Jur\u00eddica\"],\"inLanguage\":\"pt-BR\"},{\"@type\":\"WebPage\",\"@id\":\"https:\\\/\\\/volponadvocacia.com.br\\\/index.php\\\/2025\\\/10\\\/13\\\/lei-da-igualdade-salarial\\\/\",\"url\":\"https:\\\/\\\/volponadvocacia.com.br\\\/index.php\\\/2025\\\/10\\\/13\\\/lei-da-igualdade-salarial\\\/\",\"name\":\"Lei da Igualdade Salarial: MTE intensifica fiscaliza\u00e7\u00f5es e autua empresas por descumprimento - Volpon Advocacia\",\"isPartOf\":{\"@id\":\"https:\\\/\\\/volponadvocacia.com.br\\\/#website\"},\"primaryImageOfPage\":{\"@id\":\"https:\\\/\\\/volponadvocacia.com.br\\\/index.php\\\/2025\\\/10\\\/13\\\/lei-da-igualdade-salarial\\\/#primaryimage\"},\"image\":{\"@id\":\"https:\\\/\\\/volponadvocacia.com.br\\\/index.php\\\/2025\\\/10\\\/13\\\/lei-da-igualdade-salarial\\\/#primaryimage\"},\"thumbnailUrl\":\"https:\\\/\\\/volponadvocacia.com.br\\\/wp-content\\\/uploads\\\/2025\\\/02\\\/Blog-marco-02.jpg\",\"datePublished\":\"2025-10-13T12:46:03+00:00\",\"dateModified\":\"2025-10-13T12:53:43+00:00\",\"description\":\"O Minist\u00e9rio do Trabalho e Emprego (MTE) tem intensificado a fiscaliza\u00e7\u00e3o quanto ao cumprimento da Lei n\u00ba 14.611\\\/2023, conhecida como Lei...\",\"breadcrumb\":{\"@id\":\"https:\\\/\\\/volponadvocacia.com.br\\\/index.php\\\/2025\\\/10\\\/13\\\/lei-da-igualdade-salarial\\\/#breadcrumb\"},\"inLanguage\":\"pt-BR\",\"potentialAction\":[{\"@type\":\"ReadAction\",\"target\":[\"https:\\\/\\\/volponadvocacia.com.br\\\/index.php\\\/2025\\\/10\\\/13\\\/lei-da-igualdade-salarial\\\/\"]}]},{\"@type\":\"ImageObject\",\"inLanguage\":\"pt-BR\",\"@id\":\"https:\\\/\\\/volponadvocacia.com.br\\\/index.php\\\/2025\\\/10\\\/13\\\/lei-da-igualdade-salarial\\\/#primaryimage\",\"url\":\"https:\\\/\\\/volponadvocacia.com.br\\\/wp-content\\\/uploads\\\/2025\\\/02\\\/Blog-marco-02.jpg\",\"contentUrl\":\"https:\\\/\\\/volponadvocacia.com.br\\\/wp-content\\\/uploads\\\/2025\\\/02\\\/Blog-marco-02.jpg\",\"width\":1080,\"height\":1350},{\"@type\":\"BreadcrumbList\",\"@id\":\"https:\\\/\\\/volponadvocacia.com.br\\\/index.php\\\/2025\\\/10\\\/13\\\/lei-da-igualdade-salarial\\\/#breadcrumb\",\"itemListElement\":[{\"@type\":\"ListItem\",\"position\":1,\"name\":\"In\u00edcio\",\"item\":\"https:\\\/\\\/volponadvocacia.com.br\\\/\"},{\"@type\":\"ListItem\",\"position\":2,\"name\":\"Lei da Igualdade Salarial: MTE intensifica fiscaliza\u00e7\u00f5es e autua empresas por descumprimento\"}]},{\"@type\":\"WebSite\",\"@id\":\"https:\\\/\\\/volponadvocacia.com.br\\\/#website\",\"url\":\"https:\\\/\\\/volponadvocacia.com.br\\\/\",\"name\":\"Volpon Advocacia\",\"description\":\"\",\"publisher\":{\"@id\":\"https:\\\/\\\/volponadvocacia.com.br\\\/#organization\"},\"potentialAction\":[{\"@type\":\"SearchAction\",\"target\":{\"@type\":\"EntryPoint\",\"urlTemplate\":\"https:\\\/\\\/volponadvocacia.com.br\\\/?s={search_term_string}\"},\"query-input\":{\"@type\":\"PropertyValueSpecification\",\"valueRequired\":true,\"valueName\":\"search_term_string\"}}],\"inLanguage\":\"pt-BR\"},{\"@type\":\"Organization\",\"@id\":\"https:\\\/\\\/volponadvocacia.com.br\\\/#organization\",\"name\":\"Volpon Advocacia\",\"url\":\"https:\\\/\\\/volponadvocacia.com.br\\\/\",\"logo\":{\"@type\":\"ImageObject\",\"inLanguage\":\"pt-BR\",\"@id\":\"https:\\\/\\\/volponadvocacia.com.br\\\/#\\\/schema\\\/logo\\\/image\\\/\",\"url\":\"https:\\\/\\\/volponadvocacia.com.br\\\/wp-content\\\/uploads\\\/2023\\\/03\\\/cropped-Logo-basica.png\",\"contentUrl\":\"https:\\\/\\\/volponadvocacia.com.br\\\/wp-content\\\/uploads\\\/2023\\\/03\\\/cropped-Logo-basica.png\",\"width\":1080,\"height\":1080,\"caption\":\"Volpon Advocacia\"},\"image\":{\"@id\":\"https:\\\/\\\/volponadvocacia.com.br\\\/#\\\/schema\\\/logo\\\/image\\\/\"}},{\"@type\":\"Person\",\"@id\":\"https:\\\/\\\/volponadvocacia.com.br\\\/#\\\/schema\\\/person\\\/ff6f7fc0557a569f592e00afb4ca3fe6\",\"name\":\"davanso\",\"image\":{\"@type\":\"ImageObject\",\"inLanguage\":\"pt-BR\",\"@id\":\"https:\\\/\\\/secure.gravatar.com\\\/avatar\\\/9b983ab1d786202648f6aaeac75b1be55cc1096d9a247aa182ef688bbfe03993?s=96&d=mm&r=g\",\"url\":\"https:\\\/\\\/secure.gravatar.com\\\/avatar\\\/9b983ab1d786202648f6aaeac75b1be55cc1096d9a247aa182ef688bbfe03993?s=96&d=mm&r=g\",\"contentUrl\":\"https:\\\/\\\/secure.gravatar.com\\\/avatar\\\/9b983ab1d786202648f6aaeac75b1be55cc1096d9a247aa182ef688bbfe03993?s=96&d=mm&r=g\",\"caption\":\"davanso\"},\"sameAs\":[\"https:\\\/\\\/volponadvocacia.com.br\"],\"url\":\"https:\\\/\\\/volponadvocacia.com.br\\\/index.php\\\/author\\\/davanso\\\/\"}]}<\/script>\n<!-- \/ Yoast SEO plugin. -->","yoast_head_json":{"title":"Lei da Igualdade Salarial: MTE intensifica fiscaliza\u00e7\u00f5es e autua empresas por descumprimento - Volpon Advocacia","description":"O Minist\u00e9rio do Trabalho e Emprego (MTE) tem intensificado a fiscaliza\u00e7\u00e3o quanto ao cumprimento da Lei n\u00ba 14.611\/2023, conhecida como Lei...","robots":{"index":"index","follow":"follow","max-snippet":"max-snippet:-1","max-image-preview":"max-image-preview:large","max-video-preview":"max-video-preview:-1"},"canonical":"https:\/\/volponadvocacia.com.br\/index.php\/2025\/10\/13\/lei-da-igualdade-salarial\/","og_locale":"pt_BR","og_type":"article","og_title":"Lei da Igualdade Salarial: MTE intensifica fiscaliza\u00e7\u00f5es e autua empresas por descumprimento - Volpon Advocacia","og_description":"O Minist\u00e9rio do Trabalho e Emprego (MTE) tem intensificado a fiscaliza\u00e7\u00e3o quanto ao cumprimento da Lei n\u00ba 14.611\/2023, conhecida como Lei...","og_url":"https:\/\/volponadvocacia.com.br\/index.php\/2025\/10\/13\/lei-da-igualdade-salarial\/","og_site_name":"Volpon Advocacia","article_published_time":"2025-10-13T12:46:03+00:00","article_modified_time":"2025-10-13T12:53:43+00:00","og_image":[{"width":1080,"height":1350,"url":"https:\/\/volponadvocacia.com.br\/wp-content\/uploads\/2025\/02\/Blog-marco-02.jpg","type":"image\/jpeg"}],"author":"davanso","twitter_card":"summary_large_image","twitter_misc":{"Escrito por":"davanso","Est. tempo de leitura":"5 minutos"},"schema":{"@context":"https:\/\/schema.org","@graph":[{"@type":"Article","@id":"https:\/\/volponadvocacia.com.br\/index.php\/2025\/10\/13\/lei-da-igualdade-salarial\/#article","isPartOf":{"@id":"https:\/\/volponadvocacia.com.br\/index.php\/2025\/10\/13\/lei-da-igualdade-salarial\/"},"author":{"name":"davanso","@id":"https:\/\/volponadvocacia.com.br\/#\/schema\/person\/ff6f7fc0557a569f592e00afb4ca3fe6"},"headline":"Lei da Igualdade Salarial: MTE intensifica fiscaliza\u00e7\u00f5es e autua empresas por descumprimento","datePublished":"2025-10-13T12:46:03+00:00","dateModified":"2025-10-13T12:53:43+00:00","mainEntityOfPage":{"@id":"https:\/\/volponadvocacia.com.br\/index.php\/2025\/10\/13\/lei-da-igualdade-salarial\/"},"wordCount":929,"publisher":{"@id":"https:\/\/volponadvocacia.com.br\/#organization"},"image":{"@id":"https:\/\/volponadvocacia.com.br\/index.php\/2025\/10\/13\/lei-da-igualdade-salarial\/#primaryimage"},"thumbnailUrl":"https:\/\/volponadvocacia.com.br\/wp-content\/uploads\/2025\/02\/Blog-marco-02.jpg","articleSection":["Artigo","Assessoria Jur\u00eddica"],"inLanguage":"pt-BR"},{"@type":"WebPage","@id":"https:\/\/volponadvocacia.com.br\/index.php\/2025\/10\/13\/lei-da-igualdade-salarial\/","url":"https:\/\/volponadvocacia.com.br\/index.php\/2025\/10\/13\/lei-da-igualdade-salarial\/","name":"Lei da Igualdade Salarial: MTE intensifica fiscaliza\u00e7\u00f5es e autua empresas por descumprimento - Volpon Advocacia","isPartOf":{"@id":"https:\/\/volponadvocacia.com.br\/#website"},"primaryImageOfPage":{"@id":"https:\/\/volponadvocacia.com.br\/index.php\/2025\/10\/13\/lei-da-igualdade-salarial\/#primaryimage"},"image":{"@id":"https:\/\/volponadvocacia.com.br\/index.php\/2025\/10\/13\/lei-da-igualdade-salarial\/#primaryimage"},"thumbnailUrl":"https:\/\/volponadvocacia.com.br\/wp-content\/uploads\/2025\/02\/Blog-marco-02.jpg","datePublished":"2025-10-13T12:46:03+00:00","dateModified":"2025-10-13T12:53:43+00:00","description":"O Minist\u00e9rio do Trabalho e Emprego (MTE) tem intensificado a fiscaliza\u00e7\u00e3o quanto ao cumprimento da Lei n\u00ba 14.611\/2023, conhecida como Lei...","breadcrumb":{"@id":"https:\/\/volponadvocacia.com.br\/index.php\/2025\/10\/13\/lei-da-igualdade-salarial\/#breadcrumb"},"inLanguage":"pt-BR","potentialAction":[{"@type":"ReadAction","target":["https:\/\/volponadvocacia.com.br\/index.php\/2025\/10\/13\/lei-da-igualdade-salarial\/"]}]},{"@type":"ImageObject","inLanguage":"pt-BR","@id":"https:\/\/volponadvocacia.com.br\/index.php\/2025\/10\/13\/lei-da-igualdade-salarial\/#primaryimage","url":"https:\/\/volponadvocacia.com.br\/wp-content\/uploads\/2025\/02\/Blog-marco-02.jpg","contentUrl":"https:\/\/volponadvocacia.com.br\/wp-content\/uploads\/2025\/02\/Blog-marco-02.jpg","width":1080,"height":1350},{"@type":"BreadcrumbList","@id":"https:\/\/volponadvocacia.com.br\/index.php\/2025\/10\/13\/lei-da-igualdade-salarial\/#breadcrumb","itemListElement":[{"@type":"ListItem","position":1,"name":"In\u00edcio","item":"https:\/\/volponadvocacia.com.br\/"},{"@type":"ListItem","position":2,"name":"Lei da Igualdade Salarial: MTE intensifica fiscaliza\u00e7\u00f5es e autua empresas por descumprimento"}]},{"@type":"WebSite","@id":"https:\/\/volponadvocacia.com.br\/#website","url":"https:\/\/volponadvocacia.com.br\/","name":"Volpon Advocacia","description":"","publisher":{"@id":"https:\/\/volponadvocacia.com.br\/#organization"},"potentialAction":[{"@type":"SearchAction","target":{"@type":"EntryPoint","urlTemplate":"https:\/\/volponadvocacia.com.br\/?s={search_term_string}"},"query-input":{"@type":"PropertyValueSpecification","valueRequired":true,"valueName":"search_term_string"}}],"inLanguage":"pt-BR"},{"@type":"Organization","@id":"https:\/\/volponadvocacia.com.br\/#organization","name":"Volpon Advocacia","url":"https:\/\/volponadvocacia.com.br\/","logo":{"@type":"ImageObject","inLanguage":"pt-BR","@id":"https:\/\/volponadvocacia.com.br\/#\/schema\/logo\/image\/","url":"https:\/\/volponadvocacia.com.br\/wp-content\/uploads\/2023\/03\/cropped-Logo-basica.png","contentUrl":"https:\/\/volponadvocacia.com.br\/wp-content\/uploads\/2023\/03\/cropped-Logo-basica.png","width":1080,"height":1080,"caption":"Volpon Advocacia"},"image":{"@id":"https:\/\/volponadvocacia.com.br\/#\/schema\/logo\/image\/"}},{"@type":"Person","@id":"https:\/\/volponadvocacia.com.br\/#\/schema\/person\/ff6f7fc0557a569f592e00afb4ca3fe6","name":"davanso","image":{"@type":"ImageObject","inLanguage":"pt-BR","@id":"https:\/\/secure.gravatar.com\/avatar\/9b983ab1d786202648f6aaeac75b1be55cc1096d9a247aa182ef688bbfe03993?s=96&d=mm&r=g","url":"https:\/\/secure.gravatar.com\/avatar\/9b983ab1d786202648f6aaeac75b1be55cc1096d9a247aa182ef688bbfe03993?s=96&d=mm&r=g","contentUrl":"https:\/\/secure.gravatar.com\/avatar\/9b983ab1d786202648f6aaeac75b1be55cc1096d9a247aa182ef688bbfe03993?s=96&d=mm&r=g","caption":"davanso"},"sameAs":["https:\/\/volponadvocacia.com.br"],"url":"https:\/\/volponadvocacia.com.br\/index.php\/author\/davanso\/"}]}},"_links":{"self":[{"href":"https:\/\/volponadvocacia.com.br\/index.php\/wp-json\/wp\/v2\/posts\/3048","targetHints":{"allow":["GET"]}}],"collection":[{"href":"https:\/\/volponadvocacia.com.br\/index.php\/wp-json\/wp\/v2\/posts"}],"about":[{"href":"https:\/\/volponadvocacia.com.br\/index.php\/wp-json\/wp\/v2\/types\/post"}],"author":[{"embeddable":true,"href":"https:\/\/volponadvocacia.com.br\/index.php\/wp-json\/wp\/v2\/users\/1"}],"replies":[{"embeddable":true,"href":"https:\/\/volponadvocacia.com.br\/index.php\/wp-json\/wp\/v2\/comments?post=3048"}],"version-history":[{"count":8,"href":"https:\/\/volponadvocacia.com.br\/index.php\/wp-json\/wp\/v2\/posts\/3048\/revisions"}],"predecessor-version":[{"id":3089,"href":"https:\/\/volponadvocacia.com.br\/index.php\/wp-json\/wp\/v2\/posts\/3048\/revisions\/3089"}],"wp:featuredmedia":[{"embeddable":true,"href":"https:\/\/volponadvocacia.com.br\/index.php\/wp-json\/wp\/v2\/media\/2701"}],"wp:attachment":[{"href":"https:\/\/volponadvocacia.com.br\/index.php\/wp-json\/wp\/v2\/media?parent=3048"}],"wp:term":[{"taxonomy":"category","embeddable":true,"href":"https:\/\/volponadvocacia.com.br\/index.php\/wp-json\/wp\/v2\/categories?post=3048"},{"taxonomy":"post_tag","embeddable":true,"href":"https:\/\/volponadvocacia.com.br\/index.php\/wp-json\/wp\/v2\/tags?post=3048"}],"curies":[{"name":"wp","href":"https:\/\/api.w.org\/{rel}","templated":true}]}}