{"id":3140,"date":"2025-11-12T11:23:30","date_gmt":"2025-11-12T14:23:30","guid":{"rendered":"https:\/\/volponadvocacia.com.br\/?p=3140"},"modified":"2025-11-12T11:28:51","modified_gmt":"2025-11-12T14:28:51","slug":"empreender-com-inteligencia-e-seguranca-o-novo-imperativo-dos-negocios","status":"publish","type":"post","link":"https:\/\/volponadvocacia.com.br\/index.php\/2025\/11\/12\/empreender-com-inteligencia-e-seguranca-o-novo-imperativo-dos-negocios\/","title":{"rendered":"Empreender com intelig\u00eancia e seguran\u00e7a: o novo imperativo dos neg\u00f3cios"},"content":{"rendered":"\t\t<div data-elementor-type=\"wp-post\" data-elementor-id=\"3140\" class=\"elementor elementor-3140\">\n\t\t\t\t\t\t<section class=\"elementor-section elementor-top-section elementor-element elementor-element-7b1a602 elementor-section-boxed elementor-section-height-default elementor-section-height-default wpr-particle-no wpr-jarallax-no wpr-parallax-no wpr-sticky-section-no wpr-equal-height-no\" data-id=\"7b1a602\" data-element_type=\"section\" data-e-type=\"section\">\n\t\t\t\t\t\t<div class=\"elementor-container elementor-column-gap-default\">\n\t\t\t\t\t<div class=\"elementor-column elementor-col-100 elementor-top-column elementor-element elementor-element-638a8e\" data-id=\"638a8e\" data-element_type=\"column\" data-e-type=\"column\">\n\t\t\t<div class=\"elementor-widget-wrap elementor-element-populated\">\n\t\t\t\t\t\t<div class=\"elementor-element elementor-element-71332b76 elementor-widget elementor-widget-text-editor\" data-id=\"71332b76\" data-element_type=\"widget\" data-e-type=\"widget\" data-widget_type=\"text-editor.default\">\n\t\t\t\t<div class=\"elementor-widget-container\">\n\t\t\t\t\t\t\t\t\t<em>Entenda a Consigna\u00e7\u00e3o em Pagamento Extrajudicial segundo o Novo C\u00f3digo de Processo Civil<\/em>\r\n\r\n&nbsp;\r\n\r\nEm nosso escrit\u00f3rio de advocacia, entendemos a import\u00e2ncia da consigna\u00e7\u00e3o em pagamento extrajudicial conforme o novo C\u00f3digo de Processo Civil. Esse procedimento especial, embora mantenha algumas similaridades com o procedimento comum, apresenta diferen\u00e7as significativas que devem ser compreendidas.\r\n\r\nA consigna\u00e7\u00e3o em pagamento extrajudicial \u00e9 uma op\u00e7\u00e3o para o devedor ou um terceiro depositarem a quantia devida em um estabelecimento banc\u00e1rio oficial ou privado, quando n\u00e3o h\u00e1 um estabelecimento oficial dispon\u00edvel na cidade. Esse procedimento pode ser utilizado para o pagamento de quantias em dinheiro, inclusive alugu\u00e9is e seus encargos.\r\n\r\nA comunica\u00e7\u00e3o do dep\u00f3sito ao credor \u00e9 realizada por meio de carta com aviso de recebimento, concedendo-lhe um prazo de 10 dias para manifestar sua recusa por escrito. O dep\u00f3sito deve ser feito no banco localizado no lugar do pagamento, e a comunica\u00e7\u00e3o e a recusa devem ser dirigidas ao pr\u00f3prio banco.\r\n\r\nAp\u00f3s o prazo de manifesta\u00e7\u00e3o de recusa, se o credor n\u00e3o se opuser ao pagamento, o devedor fica liberado da obriga\u00e7\u00e3o, e o comprovante de dep\u00f3sito serve como prova de quita\u00e7\u00e3o. O valor depositado fica \u00e0 disposi\u00e7\u00e3o do credor, que pode retir\u00e1-lo a qualquer momento.\r\n\r\nCaso o credor recuse o pagamento, o devedor tem um prazo de 1 m\u00eas para ingressar com a a\u00e7\u00e3o de consigna\u00e7\u00e3o judicial. \u00c9 importante ressaltar que esse prazo n\u00e3o \u00e9 decadencial ou prescricional, mas sim uma forma de preservar a efic\u00e1cia do dep\u00f3sito extrajudicial. Se a a\u00e7\u00e3o for proposta dentro do prazo, o devedor fica livre do valor depositado. Caso contr\u00e1rio, o valor poder\u00e1 ser levantado pelo devedor, e ele dever\u00e1 entrar com a a\u00e7\u00e3o de consigna\u00e7\u00e3o judicial.\r\n\r\n\u00c9 fundamental ingressar com a a\u00e7\u00e3o dentro do prazo estipulado, pois ap\u00f3s o vencimento desse prazo, o credor entrar\u00e1 em mora por n\u00e3o ter aceitado o pagamento. Nesse caso, os juros incidir\u00e3o apenas conforme as taxas banc\u00e1rias, e n\u00e3o conforme o contrato original. Se o devedor n\u00e3o ajuizar a a\u00e7\u00e3o dentro do prazo, ele pr\u00f3prio estar\u00e1 em mora, e os juros do contrato ser\u00e3o contados a partir da consigna\u00e7\u00e3o.\r\n\r\nEm nosso escrit\u00f3rio, estamos prontos para ajudar voc\u00ea a entender e conduzir corretamente o processo de consigna\u00e7\u00e3o em pagamento extrajudicial, proporcionando solu\u00e7\u00f5es eficientes para seus casos. Entre em contato conosco para mais informa\u00e7\u00f5es e orienta\u00e7\u00f5es sobre essa importante quest\u00e3o jur\u00eddica.\r\n\r\nFonte do artigo: <a href=\"https:\/\/jus.com.br\/artigos\/39212\/a-consignacao-em-pagamento-extrajudicial-de-acordo-com-o-novo-codigo-de-processo-civil\">A consigna\u00e7\u00e3o em pagamento extrajudicial de acordo com o novo C\u00f3digo de Processo Civil &#8211; Jus.com.br | Jus Navigandi<\/a>\t\t\t\t\t\t\t\t<\/div>\n\t\t\t\t<\/div>\n\t\t\t\t\t<\/div>\n\t\t<\/div>\n\t\t\t\t\t<\/div>\n\t\t<\/section>\n\t\t\t\t<section class=\"elementor-section elementor-top-section elementor-element elementor-element-57fc1488 elementor-section-height-min-height elementor-section-boxed elementor-section-height-default elementor-section-items-middle wpr-particle-no wpr-jarallax-no wpr-parallax-no wpr-sticky-section-no wpr-equal-height-no\" data-id=\"57fc1488\" data-element_type=\"section\" data-e-type=\"section\" data-settings=\"{&quot;background_background&quot;:&quot;classic&quot;,&quot;shape_divider_bottom&quot;:&quot;tilt&quot;}\">\n\t\t\t\t\t\t\t<div class=\"elementor-background-overlay\"><\/div>\n\t\t\t\t\t\t<div class=\"elementor-shape elementor-shape-bottom\" aria-hidden=\"true\" data-negative=\"false\">\n\t\t\t<svg xmlns=\"http:\/\/www.w3.org\/2000\/svg\" viewBox=\"0 0 1000 100\" preserveAspectRatio=\"none\">\n\t<path class=\"elementor-shape-fill\" d=\"M0,6V0h1000v100L0,6z\"\/>\n<\/svg>\t\t<\/div>\n\t\t\t\t\t<div class=\"elementor-container elementor-column-gap-default\">\n\t\t\t\t\t<div class=\"elementor-column elementor-col-100 elementor-top-column elementor-element elementor-element-4a22188f\" data-id=\"4a22188f\" data-element_type=\"column\" data-e-type=\"column\">\n\t\t\t<div class=\"elementor-widget-wrap elementor-element-populated\">\n\t\t\t\t\t\t<div class=\"elementor-element elementor-element-7a38d84d elementor-widget elementor-widget-heading\" data-id=\"7a38d84d\" data-element_type=\"widget\" data-e-type=\"widget\" data-widget_type=\"heading.default\">\n\t\t\t\t<div class=\"elementor-widget-container\">\n\t\t\t\t\t<h2 class=\"elementor-heading-title elementor-size-default\">Empreender com intelig\u00eancia e seguran\u00e7a: o novo imperativo dos neg\u00f3cios<\/h2>\t\t\t\t<\/div>\n\t\t\t\t<\/div>\n\t\t\t\t\t<\/div>\n\t\t<\/div>\n\t\t\t\t\t<\/div>\n\t\t<\/section>\n\t\t\t\t<section class=\"elementor-section elementor-top-section elementor-element elementor-element-b029dd5 elementor-section-boxed elementor-section-height-default elementor-section-height-default wpr-particle-no wpr-jarallax-no wpr-parallax-no wpr-sticky-section-no wpr-equal-height-no\" data-id=\"b029dd5\" data-element_type=\"section\" data-e-type=\"section\" data-settings=\"{&quot;background_background&quot;:&quot;classic&quot;}\">\n\t\t\t\t\t\t<div class=\"elementor-container elementor-column-gap-default\">\n\t\t\t\t\t<div class=\"elementor-column elementor-col-100 elementor-top-column elementor-element elementor-element-1988b03\" data-id=\"1988b03\" data-element_type=\"column\" data-e-type=\"column\">\n\t\t\t<div class=\"elementor-widget-wrap elementor-element-populated\">\n\t\t\t\t\t\t<div class=\"elementor-element elementor-element-04a607f elementor-widget__width-initial elementor-widget elementor-widget-text-editor\" data-id=\"04a607f\" data-element_type=\"widget\" data-e-type=\"widget\" data-widget_type=\"text-editor.default\">\n\t\t\t\t<div class=\"elementor-widget-container\">\n\t\t\t\t\t\t\t\t\t<p>Empreender nunca foi sin\u00f4nimo de improvisar. No passado, bastava coragem, hoje, \u00e9 preciso estrat\u00e9gia, t\u00e9cnica e prote\u00e7\u00e3o. Empreender com intelig\u00eancia \u00e9 navegar em um oceano de oportunidades sem deixar o barco furar por descuido. E, mais do que nunca, \u00e9 compreender que o sucesso n\u00e3o est\u00e1 apenas na ideia, mas na estrutura que a sustenta. O verdadeiro empreendedorismo jur\u00eddico nasce do equil\u00edbrio entre crescimento e seguran\u00e7a, entre o \u00edmpeto de inovar e a prud\u00eancia de se proteger.<\/p><p>Empreender com intelig\u00eancia significa tomar decis\u00f5es conscientes, baseadas em an\u00e1lise de risco, dados, planejamento financeiro e jur\u00eddico. O empreendedor inteligente n\u00e3o \u00e9 aquele que acerta sempre, mas o que erra de forma controlada, aprende r\u00e1pido e adota medidas preventivas para evitar preju\u00edzos. A intelig\u00eancia nos neg\u00f3cios est\u00e1 em unir estrat\u00e9gia, opera\u00e7\u00e3o e seguran\u00e7a jur\u00eddica, ou seja, saber aonde quer chegar, estruturar processos claros e garantir que cada passo esteja juridicamente sustentado. Empresas que compreendem isso n\u00e3o crescem por impulso, crescem com consist\u00eancia e se consolidam ao longo dos anos.<\/p><p>Mesmo em per\u00edodos de incerteza econ\u00f4mica, \u00e9 poss\u00edvel empreender com seguran\u00e7a, haja vista que seguran\u00e7a n\u00e3o \u00e9 aus\u00eancia de risco, mas, sim, dom\u00ednio sobre ele. Ela nasce do planejamento tribut\u00e1rio eficiente, de uma estrutura societ\u00e1ria clara, de reservas financeiras e da assessoria jur\u00eddica preventiva que antecipa problemas antes que se tornem crises. Muitos neg\u00f3cios sucumbem por falta de estrutura, enquanto outros prosperam justamente por adotarem uma postura estrat\u00e9gica diante da instabilidade.<\/p><p>Em um cen\u00e1rio em que mais de 64 milh\u00f5es de empresas disputam espa\u00e7o no Brasil, segundo dados do SEBRAE, o diferencial competitivo n\u00e3o est\u00e1 apenas no marketing ou na coragem de come\u00e7ar, mas na solidez das bases jur\u00eddicas.<\/p><p>Os contratos, por exemplo, s\u00e3o a espinha dorsal de qualquer neg\u00f3cio, n\u00e3o servindo apenas para formalizar, mas para proteger, organizar e dar previsibilidade. Muitos empreendedores perdem recursos e oportunidades por manterem rela\u00e7\u00f5es comerciais verbais, sem contratos escritos, enquanto uma simples formaliza\u00e7\u00e3o poderia evitar lit\u00edgios, resguardar direitos e garantir a continuidade do neg\u00f3cio.<\/p><p>Outro ponto essencial para a seguran\u00e7a empresarial \u00e9 a conformidade com a LGPD (Lei Geral de Prote\u00e7\u00e3o de Dados \u2013 Lei n\u00ba 13.709\/2018), uma vez que proteger dados \u00e9 proteger a reputa\u00e7\u00e3o. Toda empresa, mesmo o microempreendedor, coleta informa\u00e7\u00f5es pessoais e, portanto, precisa adotar boas pr\u00e1ticas. Pol\u00edticas de privacidade claras, consentimento, transpar\u00eancia e medidas t\u00e9cnicas de seguran\u00e7a n\u00e3o s\u00e3o apenas exig\u00eancias legais, mas instrumentos de credibilidade. Em tempos em que a confian\u00e7a \u00e9 um ativo t\u00e3o valioso quanto o capital, tratar dados de forma \u00e9tica e respons\u00e1vel \u00e9 uma forma de fortalecer a marca e fidelizar clientes.<\/p><p>Compliance \u00e9 outro pilar indispens\u00e1vel, indo muito al\u00e9m de regras e regulamentos, \u00e9 a cultura de fazer o certo, da maneira certa. Empresas que adotam pr\u00e1ticas de compliance t\u00eam mais acesso a cr\u00e9dito, investidores e parcerias estrat\u00e9gicas, logo, a \u00e9tica se converte em valor econ\u00f4mico e reputacional. Estabelecer um c\u00f3digo de conduta, registrar processos e criar mecanismos de controle s\u00e3o formas eficazes de reduzir riscos trabalhistas, fiscais e reputacionais. No mundo dos neg\u00f3cios, uma falha \u00e9tica pode custar caro, por isso urge enfatizar que o custo da preven\u00e7\u00e3o \u00e9 sempre menor que o pre\u00e7o do reparo.<\/p><p>A governan\u00e7a corporativa, por sua vez, \u00e9 o elo que conecta todos esses pilares. Ela define como a empresa \u00e9 dirigida, monitorada e controlada, equilibrando os interesses de s\u00f3cios, gestores, colaboradores e parceiros. \u00c9 um equ\u00edvoco pensar que governan\u00e7a \u00e9 exclusiva de grandes corpora\u00e7\u00f5es, haja vista que, para pequenas e m\u00e9dias empresas, \u00e9 o que garante transpar\u00eancia, profissionalismo e longevidade. Separar as finan\u00e7as pessoais das empresariais, definir pap\u00e9is, adotar controles internos e prestar contas com clareza s\u00e3o pr\u00e1ticas que fortalecem a confian\u00e7a e abrem portas para o crescimento sustent\u00e1vel.<\/p><p>Desse modo, o planejamento jur\u00eddico \u00e9 a ferramenta invis\u00edvel que sustenta o sucesso vis\u00edvel, permitindo que que a empresa cres\u00e7a com base s\u00f3lida, otimizando tributos, reduzindo passivos e protegendo o patrim\u00f4nio dos s\u00f3cios. Um contrato social bem redigido, a prote\u00e7\u00e3o de marca, o cumprimento das normas da LGPD e a formaliza\u00e7\u00e3o das rela\u00e7\u00f5es comerciais s\u00e3o medidas que tornam o crescimento previs\u00edvel e seguro. O jur\u00eddico estrat\u00e9gico transforma o direito em aliado do empreendedor, garantindo que cada decis\u00e3o empresarial seja tamb\u00e9m uma decis\u00e3o de prote\u00e7\u00e3o.<\/p><p>Conclui-se, portanto, que empreender com seguran\u00e7a \u00e9 empreender com intelig\u00eancia. \u00c9 alinhar vis\u00e3o, estrutura e responsabilidade para crescer com consist\u00eancia e permanecer no mercado com credibilidade. Em um ambiente competitivo e em constante transforma\u00e7\u00e3o, o empreendedor que busca orienta\u00e7\u00e3o jur\u00eddica preventiva e aplica intelig\u00eancia na gest\u00e3o constr\u00f3i n\u00e3o apenas um neg\u00f3cio, mas um legado sustent\u00e1vel.<\/p><p>*Refer\u00eancias Bibliogr\u00e1ficas<\/p><p>BRASIL. <em>Lei Geral de Prote\u00e7\u00e3o de Dados<\/em>. Dispon\u00edvel em: <a href=\"https:\/\/www.planalto.gov.br\/ccivil_03\/_ato2015-2018\/2018\/lei\/l13709.htm\">https:\/\/www.planalto.gov.br\/ccivil_03\/_ato2015-2018\/2018\/lei\/l13709.htm<\/a>. Consultado em 11 nov. 2025. \u00a0<\/p><p>MAMEDE, Gladson; MAMEDE Eduarda Cotta. <em>Estrutura\u00e7\u00e3o jur\u00eddica de empresas: alternativas da tecnologia jur\u00eddica para a advocacia societ\u00e1ria. <\/em>Barueri (SP): Atlas, 2024.<\/p><p>COSTA, Leonardo Honorato. <em>Curso de contencioso societ\u00e1rio aplicado<\/em>. S\u00e3o Paulo: Editora JusPodivm, 2025.<\/p><p>REVISTA PEQUENAS EMPRESAS GRANDES NEG\u00d3CIOS. <em>Educa\u00e7\u00e3o jur\u00eddica em evolu\u00e7\u00e3o: o que o mercado exige? Descubra com Bruno Garcia Redondo<\/em>. Dispon\u00edvel em: <a href=\"https:\/\/revistapegn.globo.com\/conteudo-de-marca\/saftec\/noticia\/2025\/03\/educacao-juridica-em-evolucao-o-que-o-mercado-exige-descubra-com-bruno-garcia-redondo.ghtml\">https:\/\/revistapegn.globo.com\/conteudo-de-marca\/saftec\/noticia\/2025\/03\/educacao-juridica-em-evolucao-o-que-o-mercado-exige-descubra-com-bruno-garcia-redondo.ghtml<\/a>. Acesso em 11 nov. 2025.<\/p><p>REVISTA PEQUENAS EMPRESAS GRANDES NEG\u00d3CIOS. <em>Os pequenos que movimentam a economia e transformam o Brasil<\/em>. Dispon\u00edvel em: <a href=\"https:\/\/revistapegn.globo.com\/empreendedorismo\/noticia\/2025\/10\/os-pequenos-que-movimentam-a-economia-e-transformam-o-brasil.ghtml\">https:\/\/revistapegn.globo.com\/empreendedorismo\/noticia\/2025\/10\/os-pequenos-que-movimentam-a-economia-e-transformam-o-brasil.ghtml<\/a>. Acesso em 11 nov. 2025.<\/p><p>SEBRAE. <em>Confira os grandes n\u00fameros dos pequenos neg\u00f3cios no Brasil<\/em>. Dispon\u00edvel em: <a href=\"https:\/\/agenciasebrae.com.br\/dados\/confira-os-grandes-numeros-dos-pequenos-negocios-no-brasil\/?utm_source=chatgpt.com\">https:\/\/agenciasebrae.com.br\/dados\/confira-os-grandes-numeros-dos-pequenos-negocios-no-brasil\/?utm_source=chatgpt.com<\/a>. Acesso em 11 nov. 2025.<\/p><p>SEBRAE. <em>Pequenos neg\u00f3cios em n\u00fameros<\/em>. Dispon\u00edvel em: <a href=\"https:\/\/sebrae.com.br\/sites\/PortalSebrae\/ufs\/sp\/sebraeaz\/pequenos-negocios-em-numeros%2C12e8794363447510VgnVCM1000004c00210aRCRD?utm_source=chatgpt.com\">https:\/\/sebrae.com.br\/sites\/PortalSebrae\/ufs\/sp\/sebraeaz\/pequenos-negocios-em-numeros%2C12e8794363447510VgnVCM1000004c00210aRCRD?utm_source=chatgpt.com<\/a>. Acesso em 11 nov. 2025.<\/p><p>SEBRAE. <em>Pequenos neg\u00f3cios representam quase 97% de todas as empresas abertas no pa\u00eds entre janeiro e julho<\/em>. Dispon\u00edvel em: <a href=\"https:\/\/agenciasebrae.com.br\/economia-e-politica\/pequenos-negocios-representam-quase-97-de-todas-as-empresas-abertas-no-pais-entre-janeiro-e-julho\/?utm_source=chatgpt.com\">https:\/\/agenciasebrae.com.br\/economia-e-politica\/pequenos-negocios-representam-quase-97-de-todas-as-empresas-abertas-no-pais-entre-janeiro-e-julho\/?utm_source=chatgpt.com<\/a>. Acesso em 11 nov. 2025.<\/p>\t\t\t\t\t\t\t\t<\/div>\n\t\t\t\t<\/div>\n\t\t\t\t<div class=\"elementor-element elementor-element-5b84150 elementor-widget-divider--view-line elementor-widget elementor-widget-divider\" data-id=\"5b84150\" data-element_type=\"widget\" data-e-type=\"widget\" data-widget_type=\"divider.default\">\n\t\t\t\t<div class=\"elementor-widget-container\">\n\t\t\t\t\t\t\t<div class=\"elementor-divider\">\n\t\t\t<span class=\"elementor-divider-separator\">\n\t\t\t\t\t\t<\/span>\n\t\t<\/div>\n\t\t\t\t\t\t<\/div>\n\t\t\t\t<\/div>\n\t\t\t\t\t<\/div>\n\t\t<\/div>\n\t\t\t\t\t<\/div>\n\t\t<\/section>\n\t\t\t\t<section class=\"elementor-section elementor-top-section elementor-element elementor-element-3b77f1b elementor-section-boxed elementor-section-height-default elementor-section-height-default wpr-particle-no wpr-jarallax-no wpr-parallax-no wpr-sticky-section-no wpr-equal-height-no\" data-id=\"3b77f1b\" data-element_type=\"section\" data-e-type=\"section\">\n\t\t\t\t\t\t<div class=\"elementor-container elementor-column-gap-default\">\n\t\t\t\t\t<div class=\"elementor-column elementor-col-33 elementor-top-column elementor-element elementor-element-a924059\" data-id=\"a924059\" data-element_type=\"column\" data-e-type=\"column\">\n\t\t\t<div class=\"elementor-widget-wrap elementor-element-populated\">\n\t\t\t\t\t\t<div class=\"elementor-element elementor-element-43246e7 elementor-widget elementor-widget-image\" data-id=\"43246e7\" data-element_type=\"widget\" data-e-type=\"widget\" data-widget_type=\"image.default\">\n\t\t\t\t<div class=\"elementor-widget-container\">\n\t\t\t\t\t\t\t\t\t\t\t\t\t\t\t<img fetchpriority=\"high\" decoding=\"async\" width=\"300\" height=\"300\" src=\"https:\/\/volponadvocacia.com.br\/wp-content\/uploads\/2023\/07\/Foto-autor-300x300.png\" class=\"attachment-medium size-medium wp-image-1859\" alt=\"\" srcset=\"https:\/\/volponadvocacia.com.br\/wp-content\/uploads\/2023\/07\/Foto-autor-300x300.png 300w, https:\/\/volponadvocacia.com.br\/wp-content\/uploads\/2023\/07\/Foto-autor-150x150.png 150w, https:\/\/volponadvocacia.com.br\/wp-content\/uploads\/2023\/07\/Foto-autor.png 500w\" sizes=\"(max-width: 300px) 100vw, 300px\" \/>\t\t\t\t\t\t\t\t\t\t\t\t\t\t\t<\/div>\n\t\t\t\t<\/div>\n\t\t\t\t\t<\/div>\n\t\t<\/div>\n\t\t\t\t<div class=\"elementor-column elementor-col-66 elementor-top-column elementor-element elementor-element-3abfbcc\" data-id=\"3abfbcc\" data-element_type=\"column\" data-e-type=\"column\">\n\t\t\t<div class=\"elementor-widget-wrap elementor-element-populated\">\n\t\t\t\t\t\t<div class=\"elementor-element elementor-element-b94edca elementor-widget elementor-widget-spacer\" data-id=\"b94edca\" data-element_type=\"widget\" data-e-type=\"widget\" data-widget_type=\"spacer.default\">\n\t\t\t\t<div class=\"elementor-widget-container\">\n\t\t\t\t\t\t\t<div class=\"elementor-spacer\">\n\t\t\t<div class=\"elementor-spacer-inner\"><\/div>\n\t\t<\/div>\n\t\t\t\t\t\t<\/div>\n\t\t\t\t<\/div>\n\t\t\t\t<div class=\"elementor-element elementor-element-a7d6363 elementor-widget elementor-widget-text-editor\" data-id=\"a7d6363\" data-element_type=\"widget\" data-e-type=\"widget\" data-widget_type=\"text-editor.default\">\n\t\t\t\t<div class=\"elementor-widget-container\">\n\t\t\t\t\t\t\t\t\t<p><span style=\"font-size: 14pt;\"><strong>Autora:<\/strong> Bianca Moreira de Oliveira Ribeiro<\/span><br \/><span style=\"font-size: 14pt;\">Gestora e Advogada Especialista em Direito Empresarial e Societ\u00e1rio e contratual<\/span><\/p><p><span style=\"font-size: 14pt;\"><strong>Data:<\/strong> Ribeir\u00e3o Preto, 11 de novembro de 2025.<br \/><\/span><\/p>\t\t\t\t\t\t\t\t<\/div>\n\t\t\t\t<\/div>\n\t\t\t\t\t<\/div>\n\t\t<\/div>\n\t\t\t\t\t<\/div>\n\t\t<\/section>\n\t\t\t\t<section class=\"elementor-section elementor-top-section elementor-element elementor-element-41e162ce elementor-section-boxed elementor-section-height-default elementor-section-height-default wpr-particle-no wpr-jarallax-no wpr-parallax-no wpr-sticky-section-no wpr-equal-height-no elementor-invisible\" data-id=\"41e162ce\" data-element_type=\"section\" data-e-type=\"section\" data-settings=\"{&quot;animation&quot;:&quot;fadeIn&quot;}\">\n\t\t\t\t\t\t<div class=\"elementor-container elementor-column-gap-default\">\n\t\t\t\t\t<div class=\"elementor-column elementor-col-50 elementor-top-column elementor-element elementor-element-dcefffe\" data-id=\"dcefffe\" data-element_type=\"column\" data-e-type=\"column\">\n\t\t\t<div class=\"elementor-widget-wrap elementor-element-populated\">\n\t\t\t\t\t\t<div class=\"elementor-element elementor-element-6c954252 elementor-widget elementor-widget-heading\" data-id=\"6c954252\" data-element_type=\"widget\" data-e-type=\"widget\" data-widget_type=\"heading.default\">\n\t\t\t\t<div class=\"elementor-widget-container\">\n\t\t\t\t\t<h2 class=\"elementor-heading-title elementor-size-default\">ENTRE EM CONTATO<\/h2>\t\t\t\t<\/div>\n\t\t\t\t<\/div>\n\t\t\t\t<div class=\"elementor-element elementor-element-a0b8ad2 elementor-widget elementor-widget-text-editor\" data-id=\"a0b8ad2\" data-element_type=\"widget\" data-e-type=\"widget\" data-widget_type=\"text-editor.default\">\n\t\t\t\t<div class=\"elementor-widget-container\">\n\t\t\t\t\t\t\t\t\t<p>Vamos conversar, preencha o formul\u00e1rio ao lado que nossa equipe logo entrara em contato com voc\u00ea!<\/p>\t\t\t\t\t\t\t\t<\/div>\n\t\t\t\t<\/div>\n\t\t\t\t<div class=\"elementor-element elementor-element-710ddb4c elementor-widget elementor-widget-heading\" data-id=\"710ddb4c\" data-element_type=\"widget\" data-e-type=\"widget\" data-widget_type=\"heading.default\">\n\t\t\t\t<div class=\"elementor-widget-container\">\n\t\t\t\t\t<h2 class=\"elementor-heading-title elementor-size-default\">Volpon Advocacia - Ribeir\u00e3o Preto SP<\/h2>\t\t\t\t<\/div>\n\t\t\t\t<\/div>\n\t\t\t\t<div class=\"elementor-element elementor-element-b73c7fd elementor-icon-list--layout-traditional elementor-list-item-link-full_width elementor-widget elementor-widget-icon-list\" data-id=\"b73c7fd\" data-element_type=\"widget\" data-e-type=\"widget\" data-widget_type=\"icon-list.default\">\n\t\t\t\t<div class=\"elementor-widget-container\">\n\t\t\t\t\t\t\t<ul class=\"elementor-icon-list-items\">\n\t\t\t\t\t\t\t<li class=\"elementor-icon-list-item\">\n\t\t\t\t\t\t\t\t\t\t\t<span class=\"elementor-icon-list-icon\">\n\t\t\t\t\t\t\t<i aria-hidden=\"true\" class=\"fab fa-whatsapp\"><\/i>\t\t\t\t\t\t<\/span>\n\t\t\t\t\t\t\t\t\t\t<span class=\"elementor-icon-list-text\">(16) 99743-0410<\/span>\n\t\t\t\t\t\t\t\t\t<\/li>\n\t\t\t\t\t\t\t\t<li class=\"elementor-icon-list-item\">\n\t\t\t\t\t\t\t\t\t\t\t<span class=\"elementor-icon-list-icon\">\n\t\t\t\t\t\t\t<i aria-hidden=\"true\" class=\"fas fa-phone-alt\"><\/i>\t\t\t\t\t\t<\/span>\n\t\t\t\t\t\t\t\t\t\t<span class=\"elementor-icon-list-text\">(16) 3916-9494<\/span>\n\t\t\t\t\t\t\t\t\t<\/li>\n\t\t\t\t\t\t\t\t<li class=\"elementor-icon-list-item\">\n\t\t\t\t\t\t\t\t\t\t\t<span class=\"elementor-icon-list-icon\">\n\t\t\t\t\t\t\t<i aria-hidden=\"true\" class=\"fas fa-envelope\"><\/i>\t\t\t\t\t\t<\/span>\n\t\t\t\t\t\t\t\t\t\t<span class=\"elementor-icon-list-text\">admvolpon@volponadvocacia.com.br<\/span>\n\t\t\t\t\t\t\t\t\t<\/li>\n\t\t\t\t\t\t\t\t<li class=\"elementor-icon-list-item\">\n\t\t\t\t\t\t\t\t\t\t\t<span class=\"elementor-icon-list-icon\">\n\t\t\t\t\t\t\t<i aria-hidden=\"true\" class=\"fas fa-envelope\"><\/i>\t\t\t\t\t\t<\/span>\n\t\t\t\t\t\t\t\t\t\t<span class=\"elementor-icon-list-text\">financeirovolpon@volponadvocacia.com.br<\/span>\n\t\t\t\t\t\t\t\t\t<\/li>\n\t\t\t\t\t\t\t\t<li class=\"elementor-icon-list-item\">\n\t\t\t\t\t\t\t\t\t\t\t<span class=\"elementor-icon-list-icon\">\n\t\t\t\t\t\t\t<i aria-hidden=\"true\" class=\"fas fa-map-marker-alt\"><\/i>\t\t\t\t\t\t<\/span>\n\t\t\t\t\t\t\t\t\t\t<span class=\"elementor-icon-list-text\">Av. Senador Cesar Vergueiro, 480 - Ribeir\u00e3o Preto - SP<\/span>\n\t\t\t\t\t\t\t\t\t<\/li>\n\t\t\t\t\t\t<\/ul>\n\t\t\t\t\t\t<\/div>\n\t\t\t\t<\/div>\n\t\t\t\t\t<\/div>\n\t\t<\/div>\n\t\t\t\t<div class=\"elementor-column elementor-col-50 elementor-top-column elementor-element elementor-element-66fd523\" data-id=\"66fd523\" data-element_type=\"column\" data-e-type=\"column\" data-settings=\"{&quot;background_background&quot;:&quot;classic&quot;}\">\n\t\t\t<div class=\"elementor-widget-wrap elementor-element-populated\">\n\t\t\t\t\t\t<div class=\"elementor-element elementor-element-41f6b15 wpr-forms-submit-justify wpr-forms-align-left elementor-widget elementor-widget-wpr-forms\" data-id=\"41f6b15\" data-element_type=\"widget\" data-e-type=\"widget\" data-widget_type=\"wpr-forms.default\">\n\t\t\t\t<div class=\"elementor-widget-container\">\n\t\t\t\t\t<div class=\"wpr-forms-container wpr-custom-chk-radio\">\n<div class=\"wpcf7 no-js\" id=\"wpcf7-f5-o1\" lang=\"pt-BR\" dir=\"ltr\" data-wpcf7-id=\"5\">\n<div class=\"screen-reader-response\"><p role=\"status\" aria-live=\"polite\" aria-atomic=\"true\"><\/p> <ul><\/ul><\/div>\n<form action=\"\/index.php\/wp-json\/wp\/v2\/posts\/3140#wpcf7-f5-o1\" method=\"post\" class=\"wpcf7-form init\" aria-label=\"Formul\u00e1rios de contato\" novalidate=\"novalidate\" data-status=\"init\">\n<fieldset class=\"hidden-fields-container\"><input type=\"hidden\" name=\"_wpcf7\" value=\"5\" \/><input type=\"hidden\" name=\"_wpcf7_version\" value=\"6.1.5\" \/><input type=\"hidden\" name=\"_wpcf7_locale\" value=\"pt_BR\" \/><input type=\"hidden\" name=\"_wpcf7_unit_tag\" value=\"wpcf7-f5-o1\" \/><input type=\"hidden\" name=\"_wpcf7_container_post\" value=\"0\" \/><input type=\"hidden\" name=\"_wpcf7_posted_data_hash\" value=\"\" \/>\n<\/fieldset>\n<p><label> Seu nome<br \/>\n<span class=\"wpcf7-form-control-wrap\" data-name=\"your-name\"><input size=\"40\" maxlength=\"400\" class=\"wpcf7-form-control wpcf7-text wpcf7-validates-as-required\" autocomplete=\"name\" aria-required=\"true\" aria-invalid=\"false\" value=\"\" type=\"text\" name=\"your-name\" \/><\/span> <\/label>\n<\/p>\n<p><label> Seu e-mail<br \/>\n<span class=\"wpcf7-form-control-wrap\" data-name=\"your-email\"><input size=\"40\" maxlength=\"400\" class=\"wpcf7-form-control wpcf7-email wpcf7-validates-as-required wpcf7-text wpcf7-validates-as-email\" autocomplete=\"email\" aria-required=\"true\" aria-invalid=\"false\" value=\"\" type=\"email\" name=\"your-email\" \/><\/span> <\/label>\n<\/p>\n<p><label> Assunto<br \/>\n<span class=\"wpcf7-form-control-wrap\" data-name=\"your-subject\"><input size=\"40\" maxlength=\"400\" class=\"wpcf7-form-control wpcf7-text wpcf7-validates-as-required\" aria-required=\"true\" aria-invalid=\"false\" value=\"\" type=\"text\" name=\"your-subject\" \/><\/span> <\/label>\n<\/p>\n<p><label> Sua mensagem (opcional)<br \/>\n<span class=\"wpcf7-form-control-wrap\" data-name=\"your-message\"><textarea cols=\"40\" rows=\"10\" maxlength=\"2000\" class=\"wpcf7-form-control wpcf7-textarea\" aria-invalid=\"false\" name=\"your-message\"><\/textarea><\/span> <\/label>\n<\/p>\n<p><input class=\"wpcf7-form-control wpcf7-submit has-spinner\" type=\"submit\" value=\"Enviar\" \/>\n<\/p><div class=\"wpcf7-response-output\" aria-hidden=\"true\"><\/div>\n<\/form>\n<\/div>\n<\/div>\t\t\t\t<\/div>\n\t\t\t\t<\/div>\n\t\t\t\t\t<\/div>\n\t\t<\/div>\n\t\t\t\t\t<\/div>\n\t\t<\/section>\n\t\t\t\t<section class=\"elementor-section elementor-top-section elementor-element elementor-element-51d29329 elementor-section-full_width elementor-section-height-default elementor-section-height-default wpr-particle-no wpr-jarallax-no wpr-parallax-no wpr-sticky-section-no wpr-equal-height-no\" data-id=\"51d29329\" data-element_type=\"section\" data-e-type=\"section\">\n\t\t\t\t\t\t<div class=\"elementor-container elementor-column-gap-no\">\n\t\t\t\t\t<div class=\"elementor-column elementor-col-100 elementor-top-column elementor-element elementor-element-ff2ffb5\" data-id=\"ff2ffb5\" data-element_type=\"column\" data-e-type=\"column\">\n\t\t\t<div class=\"elementor-widget-wrap\">\n\t\t\t\t\t\t\t<\/div>\n\t\t<\/div>\n\t\t\t\t\t<\/div>\n\t\t<\/section>\n\t\t\t\t<\/div>\n\t\t","protected":false},"excerpt":{"rendered":"<p>Entenda a Consigna\u00e7\u00e3o em Pagamento Extrajudicial segundo o Novo C\u00f3digo de Processo Civil &nbsp; Em nosso escrit\u00f3rio de advocacia, entendemos a import\u00e2ncia da consigna\u00e7\u00e3o em pagamento extrajudicial conforme o novo C\u00f3digo de Processo Civil. Esse procedimento especial, embora mantenha algumas similaridades com o procedimento comum, apresenta diferen\u00e7as significativas que devem ser compreendidas. A consigna\u00e7\u00e3o em pagamento extrajudicial \u00e9 uma op\u00e7\u00e3o para o devedor ou um terceiro depositarem a quantia devida em um estabelecimento banc\u00e1rio oficial ou privado, quando n\u00e3o h\u00e1 um estabelecimento oficial dispon\u00edvel na cidade. Esse procedimento pode ser utilizado para o pagamento de quantias em dinheiro, inclusive alugu\u00e9is e seus encargos. A comunica\u00e7\u00e3o do dep\u00f3sito ao credor \u00e9 realizada por meio de carta com aviso de recebimento, concedendo-lhe um prazo de 10 dias para manifestar sua recusa por escrito. O dep\u00f3sito deve ser feito no banco localizado no lugar do pagamento, e a comunica\u00e7\u00e3o e a recusa devem ser dirigidas ao pr\u00f3prio banco. Ap\u00f3s o prazo de manifesta\u00e7\u00e3o de recusa, se o credor n\u00e3o se opuser ao pagamento, o devedor fica liberado da obriga\u00e7\u00e3o, e o comprovante de dep\u00f3sito serve como prova de quita\u00e7\u00e3o. O valor depositado fica \u00e0 disposi\u00e7\u00e3o do credor, que pode retir\u00e1-lo a qualquer momento. Caso o credor recuse o pagamento, o devedor tem um prazo de 1 m\u00eas para ingressar com a a\u00e7\u00e3o de consigna\u00e7\u00e3o judicial. \u00c9 importante ressaltar que esse prazo n\u00e3o \u00e9 decadencial ou prescricional, mas sim uma forma de preservar a efic\u00e1cia do dep\u00f3sito extrajudicial. Se a a\u00e7\u00e3o for proposta dentro do prazo, o devedor fica livre do valor depositado. Caso contr\u00e1rio, o valor poder\u00e1 ser levantado pelo devedor, e ele dever\u00e1 entrar com a a\u00e7\u00e3o de consigna\u00e7\u00e3o judicial. \u00c9 fundamental ingressar com a a\u00e7\u00e3o dentro do prazo estipulado, pois ap\u00f3s o vencimento desse prazo, o credor entrar\u00e1 em mora por n\u00e3o ter aceitado o pagamento. Nesse caso, os juros incidir\u00e3o apenas conforme as taxas banc\u00e1rias, e n\u00e3o conforme o contrato original. Se o devedor n\u00e3o ajuizar a a\u00e7\u00e3o dentro do prazo, ele pr\u00f3prio estar\u00e1 em mora, e os juros do contrato ser\u00e3o contados a partir da consigna\u00e7\u00e3o. Em nosso escrit\u00f3rio, estamos prontos para ajudar voc\u00ea a entender e conduzir corretamente o processo de consigna\u00e7\u00e3o em pagamento extrajudicial, proporcionando solu\u00e7\u00f5es eficientes para seus casos. Entre em contato conosco para mais informa\u00e7\u00f5es e orienta\u00e7\u00f5es sobre essa importante quest\u00e3o jur\u00eddica. Fonte do artigo: A consigna\u00e7\u00e3o em pagamento extrajudicial de acordo com o novo C\u00f3digo de Processo Civil &#8211; Jus.com.br | Jus Navigandi Empreender com intelig\u00eancia e seguran\u00e7a: o novo imperativo dos neg\u00f3cios Empreender nunca foi sin\u00f4nimo de improvisar. No passado, bastava coragem, hoje, \u00e9 preciso estrat\u00e9gia, t\u00e9cnica e prote\u00e7\u00e3o. Empreender com intelig\u00eancia \u00e9 navegar em um oceano de oportunidades sem deixar o barco furar por descuido. E, mais do que nunca, \u00e9 compreender que o sucesso n\u00e3o est\u00e1 apenas na ideia, mas na estrutura que a sustenta. O verdadeiro empreendedorismo jur\u00eddico nasce do equil\u00edbrio entre crescimento e seguran\u00e7a, entre o \u00edmpeto de inovar e a prud\u00eancia de se proteger. Empreender com intelig\u00eancia significa tomar decis\u00f5es conscientes, baseadas em an\u00e1lise de risco, dados, planejamento financeiro e jur\u00eddico. O empreendedor inteligente n\u00e3o \u00e9 aquele que acerta sempre, mas o que erra de forma controlada, aprende r\u00e1pido e adota medidas preventivas para evitar preju\u00edzos. A intelig\u00eancia nos neg\u00f3cios est\u00e1 em unir estrat\u00e9gia, opera\u00e7\u00e3o e seguran\u00e7a jur\u00eddica, ou seja, saber aonde quer chegar, estruturar processos claros e garantir que cada passo esteja juridicamente sustentado. Empresas que compreendem isso n\u00e3o crescem por impulso, crescem com consist\u00eancia e se consolidam ao longo dos anos. Mesmo em per\u00edodos de incerteza econ\u00f4mica, \u00e9 poss\u00edvel empreender com seguran\u00e7a, haja vista que seguran\u00e7a n\u00e3o \u00e9 aus\u00eancia de risco, mas, sim, dom\u00ednio sobre ele. Ela nasce do planejamento tribut\u00e1rio eficiente, de uma estrutura societ\u00e1ria clara, de reservas financeiras e da assessoria jur\u00eddica preventiva que antecipa problemas antes que se tornem crises. Muitos neg\u00f3cios sucumbem por falta de estrutura, enquanto outros prosperam justamente por adotarem uma postura estrat\u00e9gica diante da instabilidade. Em um cen\u00e1rio em que mais de 64 milh\u00f5es de empresas disputam espa\u00e7o no Brasil, segundo dados do SEBRAE, o diferencial competitivo n\u00e3o est\u00e1 apenas no marketing ou na coragem de come\u00e7ar, mas na solidez das bases jur\u00eddicas. Os contratos, por exemplo, s\u00e3o a espinha dorsal de qualquer neg\u00f3cio, n\u00e3o servindo apenas para formalizar, mas para proteger, organizar e dar previsibilidade. Muitos empreendedores perdem recursos e oportunidades por manterem rela\u00e7\u00f5es comerciais verbais, sem contratos escritos, enquanto uma simples formaliza\u00e7\u00e3o poderia evitar lit\u00edgios, resguardar direitos e garantir a continuidade do neg\u00f3cio. Outro ponto essencial para a seguran\u00e7a empresarial \u00e9 a conformidade com a LGPD (Lei Geral de Prote\u00e7\u00e3o de Dados \u2013 Lei n\u00ba 13.709\/2018), uma vez que proteger dados \u00e9 proteger a reputa\u00e7\u00e3o. Toda empresa, mesmo o microempreendedor, coleta informa\u00e7\u00f5es pessoais e, portanto, precisa adotar boas pr\u00e1ticas. Pol\u00edticas de privacidade claras, consentimento, transpar\u00eancia e medidas t\u00e9cnicas de seguran\u00e7a n\u00e3o s\u00e3o apenas exig\u00eancias legais, mas instrumentos de credibilidade. Em tempos em que a confian\u00e7a \u00e9 um ativo t\u00e3o valioso quanto o capital, tratar dados de forma \u00e9tica e respons\u00e1vel \u00e9 uma forma de fortalecer a marca e fidelizar clientes. Compliance \u00e9 outro pilar indispens\u00e1vel, indo muito al\u00e9m de regras e regulamentos, \u00e9 a cultura de fazer o certo, da maneira certa. Empresas que adotam pr\u00e1ticas de compliance t\u00eam mais acesso a cr\u00e9dito, investidores e parcerias estrat\u00e9gicas, logo, a \u00e9tica se converte em valor econ\u00f4mico e reputacional. Estabelecer um c\u00f3digo de conduta, registrar processos e criar mecanismos de controle s\u00e3o formas eficazes de reduzir riscos trabalhistas, fiscais e reputacionais. No mundo dos neg\u00f3cios, uma falha \u00e9tica pode custar caro, por isso urge enfatizar que o custo da preven\u00e7\u00e3o \u00e9 sempre menor que o pre\u00e7o do reparo. A governan\u00e7a corporativa, por sua vez, \u00e9 o elo que conecta todos esses pilares. Ela define como a empresa \u00e9 dirigida, monitorada e controlada, equilibrando os interesses de s\u00f3cios, gestores, colaboradores e parceiros. \u00c9 um equ\u00edvoco pensar que governan\u00e7a \u00e9 exclusiva de grandes corpora\u00e7\u00f5es, haja vista que, para pequenas e m\u00e9dias empresas, \u00e9 o que garante transpar\u00eancia, profissionalismo e longevidade.<\/p>\n","protected":false},"author":1,"featured_media":0,"comment_status":"closed","ping_status":"open","sticky":false,"template":"elementor_canvas","format":"standard","meta":{"footnotes":""},"categories":[14],"tags":[],"class_list":["post-3140","post","type-post","status-publish","format-standard","hentry","category-artigo"],"yoast_head":"<!-- This site is optimized with the Yoast SEO plugin v27.4 - https:\/\/yoast.com\/product\/yoast-seo-wordpress\/ -->\n<title>Empreender com intelig\u00eancia e seguran\u00e7a: o novo imperativo dos neg\u00f3cios - Volpon Advocacia<\/title>\n<meta name=\"description\" content=\"Empreender nunca foi sin\u00f4nimo de improvisar. No passado, bastava coragem, hoje, \u00e9 preciso estrat\u00e9gia, t\u00e9cnica e prote\u00e7\u00e3o.\" \/>\n<meta name=\"robots\" content=\"index, follow, max-snippet:-1, max-image-preview:large, max-video-preview:-1\" \/>\n<link rel=\"canonical\" href=\"https:\/\/volponadvocacia.com.br\/index.php\/2025\/11\/12\/empreender-com-inteligencia-e-seguranca-o-novo-imperativo-dos-negocios\/\" \/>\n<meta property=\"og:locale\" content=\"pt_BR\" \/>\n<meta property=\"og:type\" content=\"article\" \/>\n<meta property=\"og:title\" content=\"Empreender com intelig\u00eancia e seguran\u00e7a: o novo imperativo dos neg\u00f3cios - Volpon Advocacia\" \/>\n<meta property=\"og:description\" content=\"Empreender nunca foi sin\u00f4nimo de improvisar. No passado, bastava coragem, hoje, \u00e9 preciso estrat\u00e9gia, t\u00e9cnica e prote\u00e7\u00e3o.\" \/>\n<meta property=\"og:url\" content=\"https:\/\/volponadvocacia.com.br\/index.php\/2025\/11\/12\/empreender-com-inteligencia-e-seguranca-o-novo-imperativo-dos-negocios\/\" \/>\n<meta property=\"og:site_name\" content=\"Volpon Advocacia\" \/>\n<meta property=\"article:published_time\" content=\"2025-11-12T14:23:30+00:00\" \/>\n<meta property=\"article:modified_time\" content=\"2025-11-12T14:28:51+00:00\" \/>\n<meta property=\"og:image\" content=\"https:\/\/volponadvocacia.com.br\/wp-content\/uploads\/2023\/07\/Foto-autor.png\" \/>\n\t<meta property=\"og:image:width\" content=\"500\" \/>\n\t<meta property=\"og:image:height\" content=\"500\" \/>\n\t<meta property=\"og:image:type\" content=\"image\/png\" \/>\n<meta name=\"author\" content=\"davanso\" \/>\n<meta name=\"twitter:card\" content=\"summary_large_image\" \/>\n<meta name=\"twitter:label1\" content=\"Escrito por\" \/>\n\t<meta name=\"twitter:data1\" content=\"davanso\" \/>\n\t<meta name=\"twitter:label2\" content=\"Est. tempo de leitura\" \/>\n\t<meta name=\"twitter:data2\" content=\"8 minutos\" \/>\n<script type=\"application\/ld+json\" class=\"yoast-schema-graph\">{\"@context\":\"https:\\\/\\\/schema.org\",\"@graph\":[{\"@type\":\"Article\",\"@id\":\"https:\\\/\\\/volponadvocacia.com.br\\\/index.php\\\/2025\\\/11\\\/12\\\/empreender-com-inteligencia-e-seguranca-o-novo-imperativo-dos-negocios\\\/#article\",\"isPartOf\":{\"@id\":\"https:\\\/\\\/volponadvocacia.com.br\\\/index.php\\\/2025\\\/11\\\/12\\\/empreender-com-inteligencia-e-seguranca-o-novo-imperativo-dos-negocios\\\/\"},\"author\":{\"name\":\"davanso\",\"@id\":\"https:\\\/\\\/volponadvocacia.com.br\\\/#\\\/schema\\\/person\\\/ff6f7fc0557a569f592e00afb4ca3fe6\"},\"headline\":\"Empreender com intelig\u00eancia e seguran\u00e7a: o novo imperativo dos neg\u00f3cios\",\"datePublished\":\"2025-11-12T14:23:30+00:00\",\"dateModified\":\"2025-11-12T14:28:51+00:00\",\"mainEntityOfPage\":{\"@id\":\"https:\\\/\\\/volponadvocacia.com.br\\\/index.php\\\/2025\\\/11\\\/12\\\/empreender-com-inteligencia-e-seguranca-o-novo-imperativo-dos-negocios\\\/\"},\"wordCount\":1639,\"publisher\":{\"@id\":\"https:\\\/\\\/volponadvocacia.com.br\\\/#organization\"},\"image\":{\"@id\":\"https:\\\/\\\/volponadvocacia.com.br\\\/index.php\\\/2025\\\/11\\\/12\\\/empreender-com-inteligencia-e-seguranca-o-novo-imperativo-dos-negocios\\\/#primaryimage\"},\"thumbnailUrl\":\"https:\\\/\\\/volponadvocacia.com.br\\\/wp-content\\\/uploads\\\/2023\\\/07\\\/Foto-autor-300x300.png\",\"articleSection\":[\"Artigo\"],\"inLanguage\":\"pt-BR\"},{\"@type\":\"WebPage\",\"@id\":\"https:\\\/\\\/volponadvocacia.com.br\\\/index.php\\\/2025\\\/11\\\/12\\\/empreender-com-inteligencia-e-seguranca-o-novo-imperativo-dos-negocios\\\/\",\"url\":\"https:\\\/\\\/volponadvocacia.com.br\\\/index.php\\\/2025\\\/11\\\/12\\\/empreender-com-inteligencia-e-seguranca-o-novo-imperativo-dos-negocios\\\/\",\"name\":\"Empreender com intelig\u00eancia e seguran\u00e7a: o novo imperativo dos neg\u00f3cios - Volpon Advocacia\",\"isPartOf\":{\"@id\":\"https:\\\/\\\/volponadvocacia.com.br\\\/#website\"},\"primaryImageOfPage\":{\"@id\":\"https:\\\/\\\/volponadvocacia.com.br\\\/index.php\\\/2025\\\/11\\\/12\\\/empreender-com-inteligencia-e-seguranca-o-novo-imperativo-dos-negocios\\\/#primaryimage\"},\"image\":{\"@id\":\"https:\\\/\\\/volponadvocacia.com.br\\\/index.php\\\/2025\\\/11\\\/12\\\/empreender-com-inteligencia-e-seguranca-o-novo-imperativo-dos-negocios\\\/#primaryimage\"},\"thumbnailUrl\":\"https:\\\/\\\/volponadvocacia.com.br\\\/wp-content\\\/uploads\\\/2023\\\/07\\\/Foto-autor-300x300.png\",\"datePublished\":\"2025-11-12T14:23:30+00:00\",\"dateModified\":\"2025-11-12T14:28:51+00:00\",\"description\":\"Empreender nunca foi sin\u00f4nimo de improvisar. No passado, bastava coragem, hoje, \u00e9 preciso estrat\u00e9gia, t\u00e9cnica e prote\u00e7\u00e3o.\",\"breadcrumb\":{\"@id\":\"https:\\\/\\\/volponadvocacia.com.br\\\/index.php\\\/2025\\\/11\\\/12\\\/empreender-com-inteligencia-e-seguranca-o-novo-imperativo-dos-negocios\\\/#breadcrumb\"},\"inLanguage\":\"pt-BR\",\"potentialAction\":[{\"@type\":\"ReadAction\",\"target\":[\"https:\\\/\\\/volponadvocacia.com.br\\\/index.php\\\/2025\\\/11\\\/12\\\/empreender-com-inteligencia-e-seguranca-o-novo-imperativo-dos-negocios\\\/\"]}]},{\"@type\":\"ImageObject\",\"inLanguage\":\"pt-BR\",\"@id\":\"https:\\\/\\\/volponadvocacia.com.br\\\/index.php\\\/2025\\\/11\\\/12\\\/empreender-com-inteligencia-e-seguranca-o-novo-imperativo-dos-negocios\\\/#primaryimage\",\"url\":\"https:\\\/\\\/volponadvocacia.com.br\\\/wp-content\\\/uploads\\\/2023\\\/07\\\/Foto-autor.png\",\"contentUrl\":\"https:\\\/\\\/volponadvocacia.com.br\\\/wp-content\\\/uploads\\\/2023\\\/07\\\/Foto-autor.png\",\"width\":500,\"height\":500},{\"@type\":\"BreadcrumbList\",\"@id\":\"https:\\\/\\\/volponadvocacia.com.br\\\/index.php\\\/2025\\\/11\\\/12\\\/empreender-com-inteligencia-e-seguranca-o-novo-imperativo-dos-negocios\\\/#breadcrumb\",\"itemListElement\":[{\"@type\":\"ListItem\",\"position\":1,\"name\":\"In\u00edcio\",\"item\":\"https:\\\/\\\/volponadvocacia.com.br\\\/\"},{\"@type\":\"ListItem\",\"position\":2,\"name\":\"Empreender com intelig\u00eancia e seguran\u00e7a: o novo imperativo dos neg\u00f3cios\"}]},{\"@type\":\"WebSite\",\"@id\":\"https:\\\/\\\/volponadvocacia.com.br\\\/#website\",\"url\":\"https:\\\/\\\/volponadvocacia.com.br\\\/\",\"name\":\"Volpon Advocacia\",\"description\":\"\",\"publisher\":{\"@id\":\"https:\\\/\\\/volponadvocacia.com.br\\\/#organization\"},\"potentialAction\":[{\"@type\":\"SearchAction\",\"target\":{\"@type\":\"EntryPoint\",\"urlTemplate\":\"https:\\\/\\\/volponadvocacia.com.br\\\/?s={search_term_string}\"},\"query-input\":{\"@type\":\"PropertyValueSpecification\",\"valueRequired\":true,\"valueName\":\"search_term_string\"}}],\"inLanguage\":\"pt-BR\"},{\"@type\":\"Organization\",\"@id\":\"https:\\\/\\\/volponadvocacia.com.br\\\/#organization\",\"name\":\"Volpon Advocacia\",\"url\":\"https:\\\/\\\/volponadvocacia.com.br\\\/\",\"logo\":{\"@type\":\"ImageObject\",\"inLanguage\":\"pt-BR\",\"@id\":\"https:\\\/\\\/volponadvocacia.com.br\\\/#\\\/schema\\\/logo\\\/image\\\/\",\"url\":\"https:\\\/\\\/volponadvocacia.com.br\\\/wp-content\\\/uploads\\\/2023\\\/03\\\/cropped-Logo-basica.png\",\"contentUrl\":\"https:\\\/\\\/volponadvocacia.com.br\\\/wp-content\\\/uploads\\\/2023\\\/03\\\/cropped-Logo-basica.png\",\"width\":1080,\"height\":1080,\"caption\":\"Volpon Advocacia\"},\"image\":{\"@id\":\"https:\\\/\\\/volponadvocacia.com.br\\\/#\\\/schema\\\/logo\\\/image\\\/\"}},{\"@type\":\"Person\",\"@id\":\"https:\\\/\\\/volponadvocacia.com.br\\\/#\\\/schema\\\/person\\\/ff6f7fc0557a569f592e00afb4ca3fe6\",\"name\":\"davanso\",\"image\":{\"@type\":\"ImageObject\",\"inLanguage\":\"pt-BR\",\"@id\":\"https:\\\/\\\/secure.gravatar.com\\\/avatar\\\/9b983ab1d786202648f6aaeac75b1be55cc1096d9a247aa182ef688bbfe03993?s=96&d=mm&r=g\",\"url\":\"https:\\\/\\\/secure.gravatar.com\\\/avatar\\\/9b983ab1d786202648f6aaeac75b1be55cc1096d9a247aa182ef688bbfe03993?s=96&d=mm&r=g\",\"contentUrl\":\"https:\\\/\\\/secure.gravatar.com\\\/avatar\\\/9b983ab1d786202648f6aaeac75b1be55cc1096d9a247aa182ef688bbfe03993?s=96&d=mm&r=g\",\"caption\":\"davanso\"},\"sameAs\":[\"https:\\\/\\\/volponadvocacia.com.br\"],\"url\":\"https:\\\/\\\/volponadvocacia.com.br\\\/index.php\\\/author\\\/davanso\\\/\"}]}<\/script>\n<!-- \/ Yoast SEO plugin. -->","yoast_head_json":{"title":"Empreender com intelig\u00eancia e seguran\u00e7a: o novo imperativo dos neg\u00f3cios - Volpon Advocacia","description":"Empreender nunca foi sin\u00f4nimo de improvisar. No passado, bastava coragem, hoje, \u00e9 preciso estrat\u00e9gia, t\u00e9cnica e prote\u00e7\u00e3o.","robots":{"index":"index","follow":"follow","max-snippet":"max-snippet:-1","max-image-preview":"max-image-preview:large","max-video-preview":"max-video-preview:-1"},"canonical":"https:\/\/volponadvocacia.com.br\/index.php\/2025\/11\/12\/empreender-com-inteligencia-e-seguranca-o-novo-imperativo-dos-negocios\/","og_locale":"pt_BR","og_type":"article","og_title":"Empreender com intelig\u00eancia e seguran\u00e7a: o novo imperativo dos neg\u00f3cios - Volpon Advocacia","og_description":"Empreender nunca foi sin\u00f4nimo de improvisar. No passado, bastava coragem, hoje, \u00e9 preciso estrat\u00e9gia, t\u00e9cnica e prote\u00e7\u00e3o.","og_url":"https:\/\/volponadvocacia.com.br\/index.php\/2025\/11\/12\/empreender-com-inteligencia-e-seguranca-o-novo-imperativo-dos-negocios\/","og_site_name":"Volpon Advocacia","article_published_time":"2025-11-12T14:23:30+00:00","article_modified_time":"2025-11-12T14:28:51+00:00","og_image":[{"width":500,"height":500,"url":"https:\/\/volponadvocacia.com.br\/wp-content\/uploads\/2023\/07\/Foto-autor.png","type":"image\/png"}],"author":"davanso","twitter_card":"summary_large_image","twitter_misc":{"Escrito por":"davanso","Est. tempo de leitura":"8 minutos"},"schema":{"@context":"https:\/\/schema.org","@graph":[{"@type":"Article","@id":"https:\/\/volponadvocacia.com.br\/index.php\/2025\/11\/12\/empreender-com-inteligencia-e-seguranca-o-novo-imperativo-dos-negocios\/#article","isPartOf":{"@id":"https:\/\/volponadvocacia.com.br\/index.php\/2025\/11\/12\/empreender-com-inteligencia-e-seguranca-o-novo-imperativo-dos-negocios\/"},"author":{"name":"davanso","@id":"https:\/\/volponadvocacia.com.br\/#\/schema\/person\/ff6f7fc0557a569f592e00afb4ca3fe6"},"headline":"Empreender com intelig\u00eancia e seguran\u00e7a: o novo imperativo dos neg\u00f3cios","datePublished":"2025-11-12T14:23:30+00:00","dateModified":"2025-11-12T14:28:51+00:00","mainEntityOfPage":{"@id":"https:\/\/volponadvocacia.com.br\/index.php\/2025\/11\/12\/empreender-com-inteligencia-e-seguranca-o-novo-imperativo-dos-negocios\/"},"wordCount":1639,"publisher":{"@id":"https:\/\/volponadvocacia.com.br\/#organization"},"image":{"@id":"https:\/\/volponadvocacia.com.br\/index.php\/2025\/11\/12\/empreender-com-inteligencia-e-seguranca-o-novo-imperativo-dos-negocios\/#primaryimage"},"thumbnailUrl":"https:\/\/volponadvocacia.com.br\/wp-content\/uploads\/2023\/07\/Foto-autor-300x300.png","articleSection":["Artigo"],"inLanguage":"pt-BR"},{"@type":"WebPage","@id":"https:\/\/volponadvocacia.com.br\/index.php\/2025\/11\/12\/empreender-com-inteligencia-e-seguranca-o-novo-imperativo-dos-negocios\/","url":"https:\/\/volponadvocacia.com.br\/index.php\/2025\/11\/12\/empreender-com-inteligencia-e-seguranca-o-novo-imperativo-dos-negocios\/","name":"Empreender com intelig\u00eancia e seguran\u00e7a: o novo imperativo dos neg\u00f3cios - Volpon Advocacia","isPartOf":{"@id":"https:\/\/volponadvocacia.com.br\/#website"},"primaryImageOfPage":{"@id":"https:\/\/volponadvocacia.com.br\/index.php\/2025\/11\/12\/empreender-com-inteligencia-e-seguranca-o-novo-imperativo-dos-negocios\/#primaryimage"},"image":{"@id":"https:\/\/volponadvocacia.com.br\/index.php\/2025\/11\/12\/empreender-com-inteligencia-e-seguranca-o-novo-imperativo-dos-negocios\/#primaryimage"},"thumbnailUrl":"https:\/\/volponadvocacia.com.br\/wp-content\/uploads\/2023\/07\/Foto-autor-300x300.png","datePublished":"2025-11-12T14:23:30+00:00","dateModified":"2025-11-12T14:28:51+00:00","description":"Empreender nunca foi sin\u00f4nimo de improvisar. No passado, bastava coragem, hoje, \u00e9 preciso estrat\u00e9gia, t\u00e9cnica e prote\u00e7\u00e3o.","breadcrumb":{"@id":"https:\/\/volponadvocacia.com.br\/index.php\/2025\/11\/12\/empreender-com-inteligencia-e-seguranca-o-novo-imperativo-dos-negocios\/#breadcrumb"},"inLanguage":"pt-BR","potentialAction":[{"@type":"ReadAction","target":["https:\/\/volponadvocacia.com.br\/index.php\/2025\/11\/12\/empreender-com-inteligencia-e-seguranca-o-novo-imperativo-dos-negocios\/"]}]},{"@type":"ImageObject","inLanguage":"pt-BR","@id":"https:\/\/volponadvocacia.com.br\/index.php\/2025\/11\/12\/empreender-com-inteligencia-e-seguranca-o-novo-imperativo-dos-negocios\/#primaryimage","url":"https:\/\/volponadvocacia.com.br\/wp-content\/uploads\/2023\/07\/Foto-autor.png","contentUrl":"https:\/\/volponadvocacia.com.br\/wp-content\/uploads\/2023\/07\/Foto-autor.png","width":500,"height":500},{"@type":"BreadcrumbList","@id":"https:\/\/volponadvocacia.com.br\/index.php\/2025\/11\/12\/empreender-com-inteligencia-e-seguranca-o-novo-imperativo-dos-negocios\/#breadcrumb","itemListElement":[{"@type":"ListItem","position":1,"name":"In\u00edcio","item":"https:\/\/volponadvocacia.com.br\/"},{"@type":"ListItem","position":2,"name":"Empreender com intelig\u00eancia e seguran\u00e7a: o novo imperativo dos neg\u00f3cios"}]},{"@type":"WebSite","@id":"https:\/\/volponadvocacia.com.br\/#website","url":"https:\/\/volponadvocacia.com.br\/","name":"Volpon Advocacia","description":"","publisher":{"@id":"https:\/\/volponadvocacia.com.br\/#organization"},"potentialAction":[{"@type":"SearchAction","target":{"@type":"EntryPoint","urlTemplate":"https:\/\/volponadvocacia.com.br\/?s={search_term_string}"},"query-input":{"@type":"PropertyValueSpecification","valueRequired":true,"valueName":"search_term_string"}}],"inLanguage":"pt-BR"},{"@type":"Organization","@id":"https:\/\/volponadvocacia.com.br\/#organization","name":"Volpon Advocacia","url":"https:\/\/volponadvocacia.com.br\/","logo":{"@type":"ImageObject","inLanguage":"pt-BR","@id":"https:\/\/volponadvocacia.com.br\/#\/schema\/logo\/image\/","url":"https:\/\/volponadvocacia.com.br\/wp-content\/uploads\/2023\/03\/cropped-Logo-basica.png","contentUrl":"https:\/\/volponadvocacia.com.br\/wp-content\/uploads\/2023\/03\/cropped-Logo-basica.png","width":1080,"height":1080,"caption":"Volpon Advocacia"},"image":{"@id":"https:\/\/volponadvocacia.com.br\/#\/schema\/logo\/image\/"}},{"@type":"Person","@id":"https:\/\/volponadvocacia.com.br\/#\/schema\/person\/ff6f7fc0557a569f592e00afb4ca3fe6","name":"davanso","image":{"@type":"ImageObject","inLanguage":"pt-BR","@id":"https:\/\/secure.gravatar.com\/avatar\/9b983ab1d786202648f6aaeac75b1be55cc1096d9a247aa182ef688bbfe03993?s=96&d=mm&r=g","url":"https:\/\/secure.gravatar.com\/avatar\/9b983ab1d786202648f6aaeac75b1be55cc1096d9a247aa182ef688bbfe03993?s=96&d=mm&r=g","contentUrl":"https:\/\/secure.gravatar.com\/avatar\/9b983ab1d786202648f6aaeac75b1be55cc1096d9a247aa182ef688bbfe03993?s=96&d=mm&r=g","caption":"davanso"},"sameAs":["https:\/\/volponadvocacia.com.br"],"url":"https:\/\/volponadvocacia.com.br\/index.php\/author\/davanso\/"}]}},"_links":{"self":[{"href":"https:\/\/volponadvocacia.com.br\/index.php\/wp-json\/wp\/v2\/posts\/3140","targetHints":{"allow":["GET"]}}],"collection":[{"href":"https:\/\/volponadvocacia.com.br\/index.php\/wp-json\/wp\/v2\/posts"}],"about":[{"href":"https:\/\/volponadvocacia.com.br\/index.php\/wp-json\/wp\/v2\/types\/post"}],"author":[{"embeddable":true,"href":"https:\/\/volponadvocacia.com.br\/index.php\/wp-json\/wp\/v2\/users\/1"}],"replies":[{"embeddable":true,"href":"https:\/\/volponadvocacia.com.br\/index.php\/wp-json\/wp\/v2\/comments?post=3140"}],"version-history":[{"count":7,"href":"https:\/\/volponadvocacia.com.br\/index.php\/wp-json\/wp\/v2\/posts\/3140\/revisions"}],"predecessor-version":[{"id":3147,"href":"https:\/\/volponadvocacia.com.br\/index.php\/wp-json\/wp\/v2\/posts\/3140\/revisions\/3147"}],"wp:attachment":[{"href":"https:\/\/volponadvocacia.com.br\/index.php\/wp-json\/wp\/v2\/media?parent=3140"}],"wp:term":[{"taxonomy":"category","embeddable":true,"href":"https:\/\/volponadvocacia.com.br\/index.php\/wp-json\/wp\/v2\/categories?post=3140"},{"taxonomy":"post_tag","embeddable":true,"href":"https:\/\/volponadvocacia.com.br\/index.php\/wp-json\/wp\/v2\/tags?post=3140"}],"curies":[{"name":"wp","href":"https:\/\/api.w.org\/{rel}","templated":true}]}}