{"id":3180,"date":"2025-11-26T15:29:55","date_gmt":"2025-11-26T18:29:55","guid":{"rendered":"https:\/\/volponadvocacia.com.br\/?p=3180"},"modified":"2025-11-28T10:08:48","modified_gmt":"2025-11-28T13:08:48","slug":"a-clausula-de-nao-competitividade-como-instrumento-de-equilibrio-entre-liberdade-economica-e-protecao-empresarial","status":"publish","type":"post","link":"https:\/\/volponadvocacia.com.br\/index.php\/2025\/11\/26\/a-clausula-de-nao-competitividade-como-instrumento-de-equilibrio-entre-liberdade-economica-e-protecao-empresarial\/","title":{"rendered":"A cl\u00e1usula de n\u00e3o competitividade como instrumento de equil\u00edbrio entre liberdade econ\u00f4mica e prote\u00e7\u00e3o empresarial"},"content":{"rendered":"\t\t<div data-elementor-type=\"wp-post\" data-elementor-id=\"3180\" class=\"elementor elementor-3180\">\n\t\t\t\t\t\t<section class=\"elementor-section elementor-top-section elementor-element elementor-element-7b1a602 elementor-section-boxed elementor-section-height-default elementor-section-height-default wpr-particle-no wpr-jarallax-no wpr-parallax-no wpr-sticky-section-no wpr-equal-height-no\" data-id=\"7b1a602\" data-element_type=\"section\" data-e-type=\"section\">\n\t\t\t\t\t\t<div class=\"elementor-container elementor-column-gap-default\">\n\t\t\t\t\t<div class=\"elementor-column elementor-col-100 elementor-top-column elementor-element elementor-element-638a8e\" data-id=\"638a8e\" data-element_type=\"column\" data-e-type=\"column\">\n\t\t\t<div class=\"elementor-widget-wrap elementor-element-populated\">\n\t\t\t\t\t\t<div class=\"elementor-element elementor-element-71332b76 elementor-widget elementor-widget-text-editor\" data-id=\"71332b76\" data-element_type=\"widget\" data-e-type=\"widget\" data-widget_type=\"text-editor.default\">\n\t\t\t\t<div class=\"elementor-widget-container\">\n\t\t\t\t\t\t\t\t\t<em>Entenda a Consigna\u00e7\u00e3o em Pagamento Extrajudicial segundo o Novo C\u00f3digo de Processo Civil<\/em>\r\n\r\n&nbsp;\r\n\r\nEm nosso escrit\u00f3rio de advocacia, entendemos a import\u00e2ncia da consigna\u00e7\u00e3o em pagamento extrajudicial conforme o novo C\u00f3digo de Processo Civil. Esse procedimento especial, embora mantenha algumas similaridades com o procedimento comum, apresenta diferen\u00e7as significativas que devem ser compreendidas.\r\n\r\nA consigna\u00e7\u00e3o em pagamento extrajudicial \u00e9 uma op\u00e7\u00e3o para o devedor ou um terceiro depositarem a quantia devida em um estabelecimento banc\u00e1rio oficial ou privado, quando n\u00e3o h\u00e1 um estabelecimento oficial dispon\u00edvel na cidade. Esse procedimento pode ser utilizado para o pagamento de quantias em dinheiro, inclusive alugu\u00e9is e seus encargos.\r\n\r\nA comunica\u00e7\u00e3o do dep\u00f3sito ao credor \u00e9 realizada por meio de carta com aviso de recebimento, concedendo-lhe um prazo de 10 dias para manifestar sua recusa por escrito. O dep\u00f3sito deve ser feito no banco localizado no lugar do pagamento, e a comunica\u00e7\u00e3o e a recusa devem ser dirigidas ao pr\u00f3prio banco.\r\n\r\nAp\u00f3s o prazo de manifesta\u00e7\u00e3o de recusa, se o credor n\u00e3o se opuser ao pagamento, o devedor fica liberado da obriga\u00e7\u00e3o, e o comprovante de dep\u00f3sito serve como prova de quita\u00e7\u00e3o. O valor depositado fica \u00e0 disposi\u00e7\u00e3o do credor, que pode retir\u00e1-lo a qualquer momento.\r\n\r\nCaso o credor recuse o pagamento, o devedor tem um prazo de 1 m\u00eas para ingressar com a a\u00e7\u00e3o de consigna\u00e7\u00e3o judicial. \u00c9 importante ressaltar que esse prazo n\u00e3o \u00e9 decadencial ou prescricional, mas sim uma forma de preservar a efic\u00e1cia do dep\u00f3sito extrajudicial. Se a a\u00e7\u00e3o for proposta dentro do prazo, o devedor fica livre do valor depositado. Caso contr\u00e1rio, o valor poder\u00e1 ser levantado pelo devedor, e ele dever\u00e1 entrar com a a\u00e7\u00e3o de consigna\u00e7\u00e3o judicial.\r\n\r\n\u00c9 fundamental ingressar com a a\u00e7\u00e3o dentro do prazo estipulado, pois ap\u00f3s o vencimento desse prazo, o credor entrar\u00e1 em mora por n\u00e3o ter aceitado o pagamento. Nesse caso, os juros incidir\u00e3o apenas conforme as taxas banc\u00e1rias, e n\u00e3o conforme o contrato original. Se o devedor n\u00e3o ajuizar a a\u00e7\u00e3o dentro do prazo, ele pr\u00f3prio estar\u00e1 em mora, e os juros do contrato ser\u00e3o contados a partir da consigna\u00e7\u00e3o.\r\n\r\nEm nosso escrit\u00f3rio, estamos prontos para ajudar voc\u00ea a entender e conduzir corretamente o processo de consigna\u00e7\u00e3o em pagamento extrajudicial, proporcionando solu\u00e7\u00f5es eficientes para seus casos. Entre em contato conosco para mais informa\u00e7\u00f5es e orienta\u00e7\u00f5es sobre essa importante quest\u00e3o jur\u00eddica.\r\n\r\nFonte do artigo: <a href=\"https:\/\/jus.com.br\/artigos\/39212\/a-consignacao-em-pagamento-extrajudicial-de-acordo-com-o-novo-codigo-de-processo-civil\">A consigna\u00e7\u00e3o em pagamento extrajudicial de acordo com o novo C\u00f3digo de Processo Civil &#8211; Jus.com.br | Jus Navigandi<\/a>\t\t\t\t\t\t\t\t<\/div>\n\t\t\t\t<\/div>\n\t\t\t\t\t<\/div>\n\t\t<\/div>\n\t\t\t\t\t<\/div>\n\t\t<\/section>\n\t\t\t\t<section class=\"elementor-section elementor-top-section elementor-element elementor-element-57fc1488 elementor-section-height-min-height elementor-section-boxed elementor-section-height-default elementor-section-items-middle wpr-particle-no wpr-jarallax-no wpr-parallax-no wpr-sticky-section-no wpr-equal-height-no\" data-id=\"57fc1488\" data-element_type=\"section\" data-e-type=\"section\" data-settings=\"{&quot;background_background&quot;:&quot;classic&quot;,&quot;shape_divider_bottom&quot;:&quot;tilt&quot;}\">\n\t\t\t\t\t\t\t<div class=\"elementor-background-overlay\"><\/div>\n\t\t\t\t\t\t<div class=\"elementor-shape elementor-shape-bottom\" aria-hidden=\"true\" data-negative=\"false\">\n\t\t\t<svg xmlns=\"http:\/\/www.w3.org\/2000\/svg\" viewBox=\"0 0 1000 100\" preserveAspectRatio=\"none\">\n\t<path class=\"elementor-shape-fill\" d=\"M0,6V0h1000v100L0,6z\"\/>\n<\/svg>\t\t<\/div>\n\t\t\t\t\t<div class=\"elementor-container elementor-column-gap-default\">\n\t\t\t\t\t<div class=\"elementor-column elementor-col-100 elementor-top-column elementor-element elementor-element-4a22188f\" data-id=\"4a22188f\" data-element_type=\"column\" data-e-type=\"column\">\n\t\t\t<div class=\"elementor-widget-wrap elementor-element-populated\">\n\t\t\t\t\t\t<div class=\"elementor-element elementor-element-7a38d84d elementor-widget elementor-widget-heading\" data-id=\"7a38d84d\" data-element_type=\"widget\" data-e-type=\"widget\" data-widget_type=\"heading.default\">\n\t\t\t\t<div class=\"elementor-widget-container\">\n\t\t\t\t\t<h2 class=\"elementor-heading-title elementor-size-default\">A cl\u00e1usula de n\u00e3o competitividade como instrumento de equil\u00edbrio entre liberdade econ\u00f4mica e prote\u00e7\u00e3o empresarial<\/h2>\t\t\t\t<\/div>\n\t\t\t\t<\/div>\n\t\t\t\t\t<\/div>\n\t\t<\/div>\n\t\t\t\t\t<\/div>\n\t\t<\/section>\n\t\t\t\t<section class=\"elementor-section elementor-top-section elementor-element elementor-element-b029dd5 elementor-section-boxed elementor-section-height-default elementor-section-height-default wpr-particle-no wpr-jarallax-no wpr-parallax-no wpr-sticky-section-no wpr-equal-height-no\" data-id=\"b029dd5\" data-element_type=\"section\" data-e-type=\"section\" data-settings=\"{&quot;background_background&quot;:&quot;classic&quot;}\">\n\t\t\t\t\t\t<div class=\"elementor-container elementor-column-gap-default\">\n\t\t\t\t\t<div class=\"elementor-column elementor-col-100 elementor-top-column elementor-element elementor-element-1988b03\" data-id=\"1988b03\" data-element_type=\"column\" data-e-type=\"column\">\n\t\t\t<div class=\"elementor-widget-wrap elementor-element-populated\">\n\t\t\t\t\t\t<div class=\"elementor-element elementor-element-04a607f elementor-widget__width-initial elementor-widget elementor-widget-text-editor\" data-id=\"04a607f\" data-element_type=\"widget\" data-e-type=\"widget\" data-widget_type=\"text-editor.default\">\n\t\t\t\t<div class=\"elementor-widget-container\">\n\t\t\t\t\t\t\t\t\t<p><span data-contrast=\"auto\">Em um mercado cada vez mais orientado por ativos intang\u00edveis, como conhecimento t\u00e9cnico, metodologias propriet\u00e1rias, informa\u00e7\u00f5es estrat\u00e9gicas de clientes, capital intelectual e segredos industriais, a cl\u00e1usula de n\u00e3o competitividade, tamb\u00e9m denominada cl\u00e1usula de n\u00e3o concorr\u00eancia,\u00a0<\/span><i><span data-contrast=\"auto\">non-compete\u00a0clause<\/span><\/i><span data-contrast=\"auto\">\u00a0ou, simplesmente,\u00a0<\/span><i><span data-contrast=\"auto\">NCC<\/span><\/i><i><span data-contrast=\"auto\">1<\/span><\/i><span data-contrast=\"auto\">, consolidou-se como uma ferramenta jur\u00eddica indispens\u00e1vel para a preserva\u00e7\u00e3o de vantagens competitivas, n\u00e3o apenas para grandes corpora\u00e7\u00f5es, mas tamb\u00e9m para empresas emergentes que investem em inova\u00e7\u00e3o, tecnologia e desenvolvimento cont\u00ednuo de processos internos, os quais, embora imateriais, passam a constituir um patrim\u00f4nio empresarial t\u00e3o relevante quanto o pr\u00f3prio capital financeiro.<\/span><span data-ccp-props=\"{&quot;134245417&quot;:false,&quot;201341983&quot;:0,&quot;335551550&quot;:6,&quot;335551620&quot;:6,&quot;335559739&quot;:240,&quot;335559740&quot;:276}\">\u00a0<\/span><\/p><p><span data-contrast=\"auto\">Embora expressiva quantidade de empres\u00e1rios e gestores conhe\u00e7am a exist\u00eancia da ferramenta para evitar a concorr\u00eancia daqueles que possuem conhecimento estrat\u00e9gico de seus neg\u00f3cios, em sua maioria impera o desconhecimento dos requisitos necess\u00e1rios para a validade legal de referido instrumento.<\/span><span data-ccp-props=\"{&quot;134245417&quot;:false,&quot;201341983&quot;:0,&quot;335551550&quot;:6,&quot;335551620&quot;:6,&quot;335559739&quot;:240,&quot;335559740&quot;:276}\">\u00a0<\/span><\/p><p><span data-contrast=\"auto\">A fun\u00e7\u00e3o essencial dessa cl\u00e1usula n\u00e3o \u00e9 impedir que ex-s\u00f3cios, executivos, colaboradores ou prestadores de servi\u00e7os desenvolvam suas carreiras ou criem novos neg\u00f3cios, mas sim assegurar que o conhecimento adquirido em ambiente corporativo, fruto de investimentos substanciais realizados pela empresa, n\u00e3o seja utilizado de forma parasit\u00e1ria, gerando desequil\u00edbrios concorrenciais e transformando a experi\u00eancia acumulada durante a rela\u00e7\u00e3o contratual em vantagem competitiva injusta, constru\u00edda \u00e0 custa do esfor\u00e7o e da confian\u00e7a depositados pela organiza\u00e7\u00e3o que originalmente detinha tais conhecimentos estrat\u00e9gicos.\u00a0<\/span><span data-ccp-props=\"{&quot;134245417&quot;:false,&quot;201341983&quot;:0,&quot;335551550&quot;:6,&quot;335551620&quot;:6,&quot;335559739&quot;:240,&quot;335559740&quot;:276}\">\u00a0<\/span><\/p><p><span data-contrast=\"auto\">Assim, o objetivo n\u00e3o \u00e9 a elimina\u00e7\u00e3o da concorr\u00eancia, mas a prote\u00e7\u00e3o contra pr\u00e1ticas que a\u00a0distor\u00e7am, evitando que a lealdade comprometida durante o v\u00ednculo contratual seja substitu\u00edda por condutas oportunistas ap\u00f3s o seu t\u00e9rmino.<\/span><span data-ccp-props=\"{&quot;134245417&quot;:false,&quot;201341983&quot;:0,&quot;335551550&quot;:6,&quot;335551620&quot;:6,&quot;335559739&quot;:240,&quot;335559740&quot;:276}\">\u00a0<\/span><\/p><p><span data-contrast=\"auto\">Sob a perspectiva jur\u00eddica, a validade da cl\u00e1usula de n\u00e3o competitividade exige limites rigorosamente delineados, a fim de que n\u00e3o se converta em instrumento de coibi\u00e7\u00e3o da liberdade econ\u00f4mica e do direito ao trabalho, ambos assegurados pela Constitui\u00e7\u00e3o Federal e considerados pilares do modelo de livre iniciativa que rege a atividade empresarial no Brasil.\u00a0<\/span><span data-ccp-props=\"{&quot;134245417&quot;:false,&quot;201341983&quot;:0,&quot;335551550&quot;:6,&quot;335551620&quot;:6,&quot;335559739&quot;:240,&quot;335559740&quot;:276}\">\u00a0<\/span><\/p><p><span data-contrast=\"auto\">Esses limites devem observar crit\u00e9rios de proporcionalidade, pertin\u00eancia e razoabilidade, especialmente no que se refere \u00e0 defini\u00e7\u00e3o de tempo m\u00e1ximo de dura\u00e7\u00e3o, delimita\u00e7\u00e3o territorial compat\u00edvel com a \u00e1rea de atua\u00e7\u00e3o da empresa, descri\u00e7\u00e3o precisa das atividades proibidas e, nos casos envolvendo trabalhadores ou prestadores aut\u00f4nomos, a previs\u00e3o de contrapresta\u00e7\u00e3o financeira, de natureza indenizat\u00f3ria, que compense a restri\u00e7\u00e3o imposta ao exerc\u00edcio profissional durante o per\u00edodo pactuado, conforme precedente do Superior Tribunal de Justi\u00e7a \u2013 STJ, no REsp n\u00ba\u00a01.203.109-MG.<\/span><span data-ccp-props=\"{&quot;134245417&quot;:false,&quot;201341983&quot;:0,&quot;335551550&quot;:6,&quot;335551620&quot;:6,&quot;335559739&quot;:240,&quot;335559740&quot;:276}\">\u00a0<\/span><\/p><p><span data-contrast=\"auto\">Sem esses par\u00e2metros, a cl\u00e1usula deixa de proteger investimentos leg\u00edtimos e passa a representar mecanismo abusivo de restri\u00e7\u00e3o contratual, pass\u00edvel de nulidade e apto a gerar lit\u00edgios que tornam ineficaz a pr\u00f3pria prote\u00e7\u00e3o pretendida.<\/span><span data-ccp-props=\"{&quot;134245417&quot;:false,&quot;201341983&quot;:0,&quot;335551550&quot;:6,&quot;335551620&quot;:6,&quot;335559739&quot;:240,&quot;335559740&quot;:276}\">\u00a0<\/span><\/p><p><span data-contrast=\"auto\">N\u00e3o obstante sua import\u00e2ncia para a preserva\u00e7\u00e3o de ativos intang\u00edveis e para a preven\u00e7\u00e3o de pr\u00e1ticas desleais, observa-se crescente banaliza\u00e7\u00e3o da cl\u00e1usula de n\u00e3o concorr\u00eancia em contratos-padr\u00e3o de ades\u00e3o ou em instrumentos gen\u00e9ricos de presta\u00e7\u00e3o de servi\u00e7os, inclusive em rela\u00e7\u00f5es comerciais que n\u00e3o envolvem acesso a informa\u00e7\u00f5es estrat\u00e9gicas, conhecimento confidencial ou especializa\u00e7\u00e3o capaz de gerar vantagem competitiva indevida.\u00a0<\/span><span data-ccp-props=\"{&quot;134245417&quot;:false,&quot;201341983&quot;:0,&quot;335551550&quot;:6,&quot;335551620&quot;:6,&quot;335559739&quot;:240,&quot;335559740&quot;:276}\">\u00a0<\/span><\/p><p><span data-contrast=\"auto\">Em tais situa\u00e7\u00f5es, a cl\u00e1usula deixa de cumprir sua fun\u00e7\u00e3o econ\u00f4mica e jur\u00eddica leg\u00edtima, transformando-se em mero impeditivo ao exerc\u00edcio profissional ou ao empreendedorismo do prestador, utilizado de maneira indiscriminada e destitu\u00edda de proporcionalidade, muitas vezes associada a contratos de baixo risco, com escassa ou inexistente transfer\u00eancia de tecnologia, sem compartilhamento de capital intelectual relevante e sem qualquer rela\u00e7\u00e3o com a estrutura competitiva do mercado.\u00a0<\/span><span data-ccp-props=\"{&quot;134245417&quot;:false,&quot;201341983&quot;:0,&quot;335551550&quot;:6,&quot;335551620&quot;:6,&quot;335559739&quot;:240,&quot;335559740&quot;:276}\">\u00a0<\/span><\/p><p><span data-contrast=\"auto\">Essa utiliza\u00e7\u00e3o mec\u00e2nica, padronizada e acr\u00edtica, al\u00e9m de inadequada, viola os fundamentos constitucionais da livre iniciativa e da liberdade de trabalho e esvazia a finalidade pr\u00f3pria da cl\u00e1usula, que n\u00e3o \u00e9 coibir a concorr\u00eancia em si, mas impedir o aproveitamento il\u00edcito da confian\u00e7a depositada em rela\u00e7\u00f5es negociais que efetivamente envolvam investimentos significativos e acesso a informa\u00e7\u00f5es estrat\u00e9gicas.<\/span><span data-ccp-props=\"{&quot;134245417&quot;:false,&quot;201341983&quot;:0,&quot;335551550&quot;:6,&quot;335551620&quot;:6,&quot;335559739&quot;:240,&quot;335559740&quot;:276}\">\u00a0<\/span><\/p><p><span data-contrast=\"auto\">Neste sentido, no \u00e2mbito empresarial, a relev\u00e2ncia dessa cl\u00e1usula evidencia-se, principalmente, em setores de alta competitividade e elevado grau de inova\u00e7\u00e3o, em que o diferencial competitivo n\u00e3o se encontra apenas em produtos vis\u00edveis, mas no processo de cria\u00e7\u00e3o e gest\u00e3o do neg\u00f3cio, como ocorre nos segmentos de tecnologia, biotecnologia, consultoria estrat\u00e9gica,\u00a0<\/span><i><span data-contrast=\"auto\">franchising<\/span><\/i><span data-contrast=\"auto\">, servi\u00e7os especializados e\u00a0<\/span><i><span data-contrast=\"auto\">startups<\/span><\/i><span data-contrast=\"auto\">\u00a0com substrato tecnol\u00f3gico, em que o valor real da empresa est\u00e1 intimamente ligado ao\u00a0<\/span><i><span data-contrast=\"auto\">know-how<\/span><\/i><span data-contrast=\"auto\">\u00a0desenvolvido de modo interno e cont\u00ednuo.\u00a0<\/span><span data-ccp-props=\"{&quot;134245417&quot;:false,&quot;201341983&quot;:0,&quot;335551550&quot;:6,&quot;335551620&quot;:6,&quot;335559739&quot;:240,&quot;335559740&quot;:276}\">\u00a0<\/span><\/p><p><span data-contrast=\"auto\">Nesses ambientes, a circula\u00e7\u00e3o descontrolada de informa\u00e7\u00f5es sens\u00edveis pode comprometer anos de pesquisa, causar perdas financeiras significativas e at\u00e9 inviabilizar modelos de neg\u00f3cio inteiros, motivo pelo qual a cl\u00e1usula de n\u00e3o competitividade torna-se n\u00e3o somente uma medida protetiva, mas um verdadeiro requisito de sustentabilidade empresarial.<\/span><span data-ccp-props=\"{&quot;134245417&quot;:false,&quot;201341983&quot;:0,&quot;335551550&quot;:6,&quot;335551620&quot;:6,&quot;335559739&quot;:240,&quot;335559740&quot;:276}\">\u00a0<\/span><\/p><p><span data-contrast=\"auto\">\u00c9 nesse contexto que a aplica\u00e7\u00e3o da cl\u00e1usula de n\u00e3o concorr\u00eancia deve ser interpretada, tanto sob o prisma da responsabilidade jur\u00eddica quanto da racionalidade econ\u00f4mica, como uma forma de equil\u00edbrio entre liberdade e prote\u00e7\u00e3o, na qual a preserva\u00e7\u00e3o do direito de empreender convive harmonicamente com a necessidade de salvaguardar ativos intang\u00edveis que constituem a base do desenvolvimento empresarial moderno.\u00a0<\/span><span data-ccp-props=\"{&quot;134245417&quot;:false,&quot;201341983&quot;:0,&quot;335551550&quot;:6,&quot;335551620&quot;:6,&quot;335559739&quot;:240,&quot;335559740&quot;:276}\">\u00a0<\/span><\/p><p><span data-contrast=\"auto\">Assim, longe de representar mecanismo de exclus\u00e3o, a cl\u00e1usula assume papel ordenat\u00f3rio, evitando a concorr\u00eancia desleal, promovendo ambiente competitivo saud\u00e1vel e garantindo que cada agente econ\u00f4mico se beneficie do pr\u00f3prio esfor\u00e7o, e n\u00e3o da apropria\u00e7\u00e3o indevida de investimentos realizados por terceiros.<\/span><span data-ccp-props=\"{&quot;134245417&quot;:false,&quot;201341983&quot;:0,&quot;335551550&quot;:6,&quot;335551620&quot;:6,&quot;335559739&quot;:240,&quot;335559740&quot;:276}\">\u00a0<\/span><\/p><p><span data-contrast=\"auto\">Ao se reconhecer que a competitividade contempor\u00e2nea n\u00e3o deriva apenas do pre\u00e7o ou da visibilidade da marca, mas de elementos estrat\u00e9gicos que n\u00e3o podem ser reproduzidos em curto prazo sem acesso \u00e0s informa\u00e7\u00f5es internas da organiza\u00e7\u00e3o, conclui-se que a cl\u00e1usula de n\u00e3o competitividade, quando corretamente dimensionada, n\u00e3o restringe liberdades, e sim protege o desenvolvimento sustent\u00e1vel das empresas, assegurando que a inova\u00e7\u00e3o, o esfor\u00e7o intelectual e a constru\u00e7\u00e3o de rela\u00e7\u00f5es estrat\u00e9gicas n\u00e3o sejam transformados em vantagem oportunista por aqueles que, ap\u00f3s usufru\u00edrem da confian\u00e7a de uma rela\u00e7\u00e3o contratual, tentariam converter essa experi\u00eancia em concorr\u00eancia lesiva, desequilibrada e injusta.<\/span><span data-ccp-props=\"{&quot;134245417&quot;:false,&quot;201341983&quot;:0,&quot;335551550&quot;:6,&quot;335551620&quot;:6,&quot;335559739&quot;:240,&quot;335559740&quot;:276}\">\u00a0<\/span><\/p><p><span data-contrast=\"auto\">A an\u00e1lise conjunta da jurisprud\u00eancia recente e da doutrina especializada confirma que a cl\u00e1usula de n\u00e3o competitividade \u00e9 compat\u00edvel com o ordenamento jur\u00eddico brasileiro, desde que respeitados os limites de razoabilidade, delimita\u00e7\u00e3o territorial e temporal, e, quando aplic\u00e1vel ao trabalhador ou prestador, \u00e0 compensa\u00e7\u00e3o financeira que torne justa a restri\u00e7\u00e3o ao exerc\u00edcio profissional durante o per\u00edodo pactuado.\u00a0<\/span><span data-ccp-props=\"{&quot;134245417&quot;:false,&quot;201341983&quot;:0,&quot;335551550&quot;:6,&quot;335551620&quot;:6,&quot;335559739&quot;:240,&quot;335559740&quot;:276}\">\u00a0<\/span><\/p><p><span data-contrast=\"auto\">Ao mesmo tempo, mostra-se necess\u00e1rio cautela, pois as cl\u00e1usulas gen\u00e9ricas, sem delimita\u00e7\u00e3o concreta ou com prazo indefinido, t\u00eam sido anuladas ou consideradas abusivas pelos tribunais superiores, de modo que a sua mera inclus\u00e3o no contrato n\u00e3o garante efic\u00e1cia.<\/span><span data-ccp-props=\"{&quot;134245417&quot;:false,&quot;201341983&quot;:0,&quot;335551550&quot;:6,&quot;335551620&quot;:6,&quot;335559739&quot;:240,&quot;335559740&quot;:276}\">\u00a0<\/span><\/p><p><span data-contrast=\"auto\">Embora o ordenamento n\u00e3o disponha de regra geral sobre a cl\u00e1usula p\u00f3s-contratual, o art. 1.147 do C\u00f3digo Civil, ao limitar em cinco anos a veda\u00e7\u00e3o imposta a quem aliena estabelecimento, demonstra que a legisla\u00e7\u00e3o brasileira admite a restri\u00e7\u00e3o apenas dentro de padr\u00f5es de razoabilidade temporal.<\/span><span data-ccp-props=\"{&quot;134245417&quot;:false,&quot;201341983&quot;:0,&quot;335551550&quot;:6,&quot;335551620&quot;:6,&quot;335559739&quot;:240,&quot;335559740&quot;:276}\">\u00a0<\/span><\/p><p><span data-contrast=\"auto\">Ademais, a\u00a0jurisprud\u00eancia consolidada indica que, quando a restri\u00e7\u00e3o \u00e9 imposta a empregado ou prestador, a validade da cl\u00e1usula depende de compensa\u00e7\u00e3o financeira proporcional, sem a qual a veda\u00e7\u00e3o configura abuso e \u00e9 sistematicamente anulada pelo Judici\u00e1rio, perdendo, assim, o seu prop\u00f3sito.<\/span><span data-ccp-props=\"{&quot;134245417&quot;:false,&quot;201341983&quot;:0,&quot;335551550&quot;:6,&quot;335551620&quot;:6,&quot;335559739&quot;:240,&quot;335559740&quot;:276}\">\u00a0<\/span><\/p><p><span data-contrast=\"auto\">A concorr\u00eancia \u00e9 elemento vital da economia, mas a concorr\u00eancia desleal mata a inova\u00e7\u00e3o antes mesmo que ela chegue ao mercado.\u00a0Desse modo, conclui-se que a cl\u00e1usula de n\u00e3o concorr\u00eancia, quando corretamente estruturada e juridicamente fundamentada, representa instrumento indispens\u00e1vel para a prote\u00e7\u00e3o do investimento empresarial, da lealdade contratual e do patrim\u00f4nio intang\u00edvel que sustenta a competitividade de organiza\u00e7\u00f5es modernas, constituindo-se como mecanismo leg\u00edtimo de equil\u00edbrio entre o direito de empreender e a salvaguarda do know-how, da clientela e das informa\u00e7\u00f5es estrat\u00e9gicas constru\u00eddas ao longo da rela\u00e7\u00e3o negocial.<\/span><span data-ccp-props=\"{&quot;134245417&quot;:false,&quot;201341983&quot;:0,&quot;335551550&quot;:6,&quot;335551620&quot;:6,&quot;335559739&quot;:240,&quot;335559740&quot;:276}\">\u00a0<\/span><\/p><p><span data-contrast=\"auto\">Contudo, exatamente por exigir delimita\u00e7\u00e3o t\u00e9cnica rigorosa, alinhamento econ\u00f4mico proporcional e observ\u00e2ncia aos limites constitucionais da livre iniciativa e do exerc\u00edcio profissional, sua elabora\u00e7\u00e3o n\u00e3o pode ser confiada a modelos gen\u00e9ricos ou f\u00f3rmulas padronizadas, mas demanda a interven\u00e7\u00e3o de assessorias jur\u00eddicas empresariais especializadas, capazes de interpretar a realidade concorrencial de cada neg\u00f3cio, calibrar a reda\u00e7\u00e3o contratual \u00e0s particularidades de cada setor e prevenir lit\u00edgios decorrentes de cl\u00e1usulas abusivas, conferindo, assim, seguran\u00e7a, efic\u00e1cia e legitimidade aos v\u00ednculos contratuais celebrados pelas empresas que buscam proteger seu capital intelectual sem afastar a competi\u00e7\u00e3o saud\u00e1vel que impulsiona o desenvolvimento do mercado.<\/span><span data-ccp-props=\"{&quot;134245417&quot;:false,&quot;201341983&quot;:0,&quot;335551550&quot;:6,&quot;335551620&quot;:6,&quot;335559739&quot;:240,&quot;335559740&quot;:276}\">\u00a0<\/span><\/p><p><span data-ccp-props=\"{&quot;134245417&quot;:false,&quot;201341983&quot;:0,&quot;335551550&quot;:6,&quot;335551620&quot;:6,&quot;335559739&quot;:240,&quot;335559740&quot;:276}\">\u00a0<\/span><\/p><p><span data-contrast=\"auto\">*Refer\u00eancias Bibliogr\u00e1ficas<\/span><span data-ccp-props=\"{&quot;134245417&quot;:false,&quot;201341983&quot;:0,&quot;335551550&quot;:6,&quot;335551620&quot;:6,&quot;335559739&quot;:240,&quot;335559740&quot;:276}\">\u00a0<\/span><\/p><p><span data-contrast=\"auto\">BARBOSA, Pedro Marcos Nunes; MAIA, L\u00edvia Barboza.\u00a0<\/span><i><span data-contrast=\"auto\">Nulidades e cl\u00e1usula de n\u00e3o-concorr\u00eancia.<\/span><\/i><span data-contrast=\"auto\">\u00a0Migalhas. Dispon\u00edvel em\u00a0<\/span><a href=\"https:\/\/www.migalhas.com.br\/depeso\/440199\/nulidades-e-clausula-de-nao-concorrencia\"><span data-contrast=\"none\">https:\/\/www.migalhas.com.br\/depeso\/440199\/nulidades-e-clausula-de-nao-concorrencia<\/span><\/a><span data-contrast=\"auto\">.\u00a0 Acesso em 26 nov. 2025.<\/span><span data-ccp-props=\"{&quot;201341983&quot;:0,&quot;335551550&quot;:6,&quot;335551620&quot;:6,&quot;335559739&quot;:240,&quot;335559740&quot;:276}\">\u00a0<\/span><\/p><p><span data-contrast=\"auto\">BRASIL.\u00a0<\/span><i><span data-contrast=\"auto\">C\u00f3digo Civil<\/span><\/i><span data-contrast=\"auto\">. Dispon\u00edvel em:\u00a0<\/span><a href=\"https:\/\/www.planalto.gov.br\/ccivil_03\/leis\/2002\/l10406compilada.htm\"><span data-contrast=\"none\">https:\/\/www.planalto.gov.br\/ccivil_03\/leis\/2002\/l10406compilada.htm<\/span><\/a><span data-contrast=\"auto\">.<\/span><span data-contrast=\"auto\">\u00a0Consultado em 26 nov. 2025.\u00a0\u00a0<\/span><span data-ccp-props=\"{&quot;134245417&quot;:false,&quot;201341983&quot;:0,&quot;335551550&quot;:6,&quot;335551620&quot;:6,&quot;335559739&quot;:240,&quot;335559740&quot;:276}\">\u00a0<\/span><\/p><p><span data-contrast=\"auto\">BRASIL.\u00a0<\/span><i><span data-contrast=\"auto\">Consolida\u00e7\u00e3o das Leis do Trabalho<\/span><\/i><span data-contrast=\"auto\">. Dispon\u00edvel em:\u00a0<\/span><a href=\"https:\/\/www.planalto.gov.br\/ccivil_03\/decreto-lei\/del5452.htm\"><span data-contrast=\"none\">https:\/\/www.planalto.gov.br\/ccivil_03\/decreto-lei\/del5452.htm<\/span><\/a><span data-contrast=\"auto\">.<\/span><span data-contrast=\"auto\">\u00a0Consultado em 26 nov. 2025.<\/span><span data-ccp-props=\"{&quot;134245417&quot;:false,&quot;201341983&quot;:0,&quot;335551550&quot;:6,&quot;335551620&quot;:6,&quot;335559739&quot;:240,&quot;335559740&quot;:276}\">\u00a0<\/span><\/p><p><span data-contrast=\"auto\">BRASIL.\u00a0<\/span><i><span data-contrast=\"auto\">Constitui\u00e7\u00e3o Federal<\/span><\/i><span data-contrast=\"auto\">. Dispon\u00edvel em:\u00a0<\/span><a href=\"https:\/\/www.planalto.gov.br\/ccivil_03\/constituicao\/constituicao.htm\"><span data-contrast=\"none\">https:\/\/www.planalto.gov.br\/ccivil_03\/constituicao\/constituicao.htm<\/span><\/a><span data-contrast=\"auto\">.<\/span><span data-contrast=\"auto\">\u00a0Consultado em 26 nov. 2025.<\/span><span data-ccp-props=\"{&quot;134245417&quot;:false,&quot;201341983&quot;:0,&quot;335551550&quot;:6,&quot;335551620&quot;:6,&quot;335559739&quot;:240,&quot;335559740&quot;:276}\">\u00a0<\/span><\/p><p><span data-contrast=\"auto\">COSTA, Leonardo Honorato.\u00a0<\/span><i><span data-contrast=\"auto\">Curso de contencioso societ\u00e1rio aplicado<\/span><\/i><span data-contrast=\"auto\">. S\u00e3o Paulo:\u00a0JusPodivm, 2025.<\/span><span data-ccp-props=\"{&quot;134245417&quot;:false,&quot;201341983&quot;:0,&quot;335551550&quot;:6,&quot;335551620&quot;:6,&quot;335559739&quot;:240,&quot;335559740&quot;:276}\">\u00a0<\/span><\/p><p><span data-contrast=\"auto\">GARCIA JR. Vanderlei.\u00a0<\/span><i><span data-contrast=\"auto\">Manual pr\u00e1tico de contratos.\u00a0<\/span><\/i><span data-contrast=\"auto\">S\u00e3o Paulo:\u00a0SaraivaJur, 2024.<\/span><span data-ccp-props=\"{&quot;134245417&quot;:false,&quot;201341983&quot;:0,&quot;335551550&quot;:6,&quot;335551620&quot;:6,&quot;335559739&quot;:240,&quot;335559740&quot;:276}\">\u00a0<\/span><\/p><p><span data-contrast=\"auto\">JUNQUEIRA, Gabriel Jos\u00e9 Pereira.\u00a0<\/span><i><span data-contrast=\"auto\">Manual de pr\u00e1tica dos contratos\u00a0\u2013 teoria e pr\u00e1tica.\u00a0Leme<\/span><\/i><span data-contrast=\"auto\">\u00a0(SP):\u00a0Imperium, 2021.<\/span><span data-ccp-props=\"{&quot;134245417&quot;:false,&quot;201341983&quot;:0,&quot;335551550&quot;:6,&quot;335551620&quot;:6,&quot;335559739&quot;:240,&quot;335559740&quot;:276}\">\u00a0<\/span><\/p><p><span data-contrast=\"auto\">MENEGOL, Jo\u00e3o Francisco.\u00a0<\/span><i><span data-contrast=\"auto\">Cl\u00e1usulas de n\u00e3o-concorr\u00eancia (non-compete) em M&amp;A.<\/span><\/i><span data-contrast=\"auto\">\u00a0Migalhas. Dispon\u00edvel em\u00a0<\/span><a href=\"https:\/\/www.migalhas.com.br\/depeso\/438673\/clausulas-de-nao-concorrencia-non-compete-em-m-a\"><span data-contrast=\"none\">https:\/\/www.migalhas.com.br\/depeso\/438673\/clausulas-de-nao-concorrencia-non-compete-em-m-a<\/span><\/a><span data-contrast=\"auto\">. Acesso em 26 nov. 2025.<\/span><span data-ccp-props=\"{&quot;201341983&quot;:0,&quot;335551550&quot;:6,&quot;335551620&quot;:6,&quot;335559739&quot;:240,&quot;335559740&quot;:276}\">\u00a0<\/span><\/p><p><span data-contrast=\"auto\">RENZETTI, Bruno\u00a0Polonio.\u00a0<\/span><i><span data-contrast=\"auto\">Cl\u00e1usulas de n\u00e3o-concorr\u00eancia no Direito Concorrencial e Trabalhista.<\/span><\/i><span data-contrast=\"auto\">\u00a0Revista do IBRAC, S\u00e3o Paulo, v. 27, n. 1, p. 68\u201387, 2022. Dispon\u00edvel em\u00a0<\/span><a href=\"https:\/\/revista.ibrac.org.br\/revista\/article\/view\/18\"><span data-contrast=\"none\">https:\/\/revista.ibrac.org.br\/revista\/article\/view\/18<\/span><\/a><span data-contrast=\"auto\">. Acesso em 26 nov. 2025.\u00a0<\/span><span data-ccp-props=\"{&quot;201341983&quot;:0,&quot;335551550&quot;:6,&quot;335551620&quot;:6,&quot;335559739&quot;:240,&quot;335559740&quot;:276}\">\u00a0<\/span><\/p><p><span data-contrast=\"auto\">STJ &#8211;\u00a0REsp 1.203.109-MG, Relator:\u00a0Ministro Marco Aur\u00e9lio\u00a0Bellizze, Data de Julgamento:\u00a005\/05\/2015. Dispon\u00edvel em:\u00a0<\/span><a href=\"https:\/\/www.stj.jus.br\/sites\/portalp\/Paginas\/Comunicacao\/Noticias-antigas\/2015\/2015-05-21_07-28_Terceira-Turma-julga-valida-limitacao-de-concorrencia-imposta-em-parceria-comercial.aspx?utm_\"><span data-contrast=\"none\">https:\/\/www.stj.jus.br\/sites\/portalp\/Paginas\/Comunicacao\/Noticias-antigas\/2015\/2015-05-21_07-28_Terceira-Turma-julga-valida-limitacao-de-concorrencia-imposta-em-parceria-comercial.aspx?utm_<\/span><\/a><span data-contrast=\"auto\">\u00a0Acesso em\u00a026 nov. 2025.<\/span><span data-ccp-props=\"{&quot;201341983&quot;:0,&quot;335551550&quot;:6,&quot;335551620&quot;:6,&quot;335559739&quot;:240,&quot;335559740&quot;:276}\">\u00a0<\/span><\/p>\t\t\t\t\t\t\t\t<\/div>\n\t\t\t\t<\/div>\n\t\t\t\t<div class=\"elementor-element elementor-element-5b84150 elementor-widget-divider--view-line elementor-widget elementor-widget-divider\" data-id=\"5b84150\" data-element_type=\"widget\" data-e-type=\"widget\" data-widget_type=\"divider.default\">\n\t\t\t\t<div class=\"elementor-widget-container\">\n\t\t\t\t\t\t\t<div class=\"elementor-divider\">\n\t\t\t<span class=\"elementor-divider-separator\">\n\t\t\t\t\t\t<\/span>\n\t\t<\/div>\n\t\t\t\t\t\t<\/div>\n\t\t\t\t<\/div>\n\t\t\t\t\t<\/div>\n\t\t<\/div>\n\t\t\t\t\t<\/div>\n\t\t<\/section>\n\t\t\t\t<section class=\"elementor-section elementor-top-section elementor-element elementor-element-3b77f1b elementor-section-boxed elementor-section-height-default elementor-section-height-default wpr-particle-no wpr-jarallax-no wpr-parallax-no wpr-sticky-section-no wpr-equal-height-no\" data-id=\"3b77f1b\" data-element_type=\"section\" data-e-type=\"section\">\n\t\t\t\t\t\t<div class=\"elementor-container elementor-column-gap-default\">\n\t\t\t\t\t<div class=\"elementor-column elementor-col-33 elementor-top-column elementor-element elementor-element-a924059\" data-id=\"a924059\" data-element_type=\"column\" data-e-type=\"column\">\n\t\t\t<div class=\"elementor-widget-wrap elementor-element-populated\">\n\t\t\t\t\t\t<div class=\"elementor-element elementor-element-43246e7 elementor-widget elementor-widget-image\" data-id=\"43246e7\" data-element_type=\"widget\" data-e-type=\"widget\" data-widget_type=\"image.default\">\n\t\t\t\t<div class=\"elementor-widget-container\">\n\t\t\t\t\t\t\t\t\t\t\t\t\t\t\t<img fetchpriority=\"high\" decoding=\"async\" width=\"300\" height=\"300\" src=\"https:\/\/volponadvocacia.com.br\/wp-content\/uploads\/2023\/07\/Foto-autor-300x300.png\" class=\"attachment-medium size-medium wp-image-1859\" alt=\"\" srcset=\"https:\/\/volponadvocacia.com.br\/wp-content\/uploads\/2023\/07\/Foto-autor-300x300.png 300w, https:\/\/volponadvocacia.com.br\/wp-content\/uploads\/2023\/07\/Foto-autor-150x150.png 150w, https:\/\/volponadvocacia.com.br\/wp-content\/uploads\/2023\/07\/Foto-autor.png 500w\" sizes=\"(max-width: 300px) 100vw, 300px\" \/>\t\t\t\t\t\t\t\t\t\t\t\t\t\t\t<\/div>\n\t\t\t\t<\/div>\n\t\t\t\t\t<\/div>\n\t\t<\/div>\n\t\t\t\t<div class=\"elementor-column elementor-col-66 elementor-top-column elementor-element elementor-element-3abfbcc\" data-id=\"3abfbcc\" data-element_type=\"column\" data-e-type=\"column\">\n\t\t\t<div class=\"elementor-widget-wrap elementor-element-populated\">\n\t\t\t\t\t\t<div class=\"elementor-element elementor-element-b94edca elementor-widget elementor-widget-spacer\" data-id=\"b94edca\" data-element_type=\"widget\" data-e-type=\"widget\" data-widget_type=\"spacer.default\">\n\t\t\t\t<div class=\"elementor-widget-container\">\n\t\t\t\t\t\t\t<div class=\"elementor-spacer\">\n\t\t\t<div class=\"elementor-spacer-inner\"><\/div>\n\t\t<\/div>\n\t\t\t\t\t\t<\/div>\n\t\t\t\t<\/div>\n\t\t\t\t<div class=\"elementor-element elementor-element-a7d6363 elementor-widget elementor-widget-text-editor\" data-id=\"a7d6363\" data-element_type=\"widget\" data-e-type=\"widget\" data-widget_type=\"text-editor.default\">\n\t\t\t\t<div class=\"elementor-widget-container\">\n\t\t\t\t\t\t\t\t\t<p><span style=\"font-size: 14pt;\"><strong>Autora:<\/strong> Bianca Moreira de Oliveira Ribeiro<\/span><br \/><span style=\"font-size: 14pt;\">Gestora e Advogada Especialista em Direito Empresarial e Societ\u00e1rio e contratual<\/span><\/p><p><span style=\"font-size: 14pt;\"><strong>Data:<\/strong> Ribeir\u00e3o Preto, 26 de novembro de 2025.<br \/><\/span><\/p>\t\t\t\t\t\t\t\t<\/div>\n\t\t\t\t<\/div>\n\t\t\t\t\t<\/div>\n\t\t<\/div>\n\t\t\t\t\t<\/div>\n\t\t<\/section>\n\t\t\t\t<section class=\"elementor-section elementor-top-section elementor-element elementor-element-41e162ce elementor-section-boxed elementor-section-height-default elementor-section-height-default wpr-particle-no wpr-jarallax-no wpr-parallax-no wpr-sticky-section-no wpr-equal-height-no elementor-invisible\" data-id=\"41e162ce\" data-element_type=\"section\" data-e-type=\"section\" data-settings=\"{&quot;animation&quot;:&quot;fadeIn&quot;}\">\n\t\t\t\t\t\t<div class=\"elementor-container elementor-column-gap-default\">\n\t\t\t\t\t<div class=\"elementor-column elementor-col-50 elementor-top-column elementor-element elementor-element-dcefffe\" data-id=\"dcefffe\" data-element_type=\"column\" data-e-type=\"column\">\n\t\t\t<div class=\"elementor-widget-wrap elementor-element-populated\">\n\t\t\t\t\t\t<div class=\"elementor-element elementor-element-6c954252 elementor-widget elementor-widget-heading\" data-id=\"6c954252\" data-element_type=\"widget\" data-e-type=\"widget\" data-widget_type=\"heading.default\">\n\t\t\t\t<div class=\"elementor-widget-container\">\n\t\t\t\t\t<h2 class=\"elementor-heading-title elementor-size-default\">ENTRE EM CONTATO<\/h2>\t\t\t\t<\/div>\n\t\t\t\t<\/div>\n\t\t\t\t<div class=\"elementor-element elementor-element-a0b8ad2 elementor-widget elementor-widget-text-editor\" data-id=\"a0b8ad2\" data-element_type=\"widget\" data-e-type=\"widget\" data-widget_type=\"text-editor.default\">\n\t\t\t\t<div class=\"elementor-widget-container\">\n\t\t\t\t\t\t\t\t\t<p>Vamos conversar, preencha o formul\u00e1rio ao lado que nossa equipe logo entrara em contato com voc\u00ea!<\/p>\t\t\t\t\t\t\t\t<\/div>\n\t\t\t\t<\/div>\n\t\t\t\t<div class=\"elementor-element elementor-element-710ddb4c elementor-widget elementor-widget-heading\" data-id=\"710ddb4c\" data-element_type=\"widget\" data-e-type=\"widget\" data-widget_type=\"heading.default\">\n\t\t\t\t<div class=\"elementor-widget-container\">\n\t\t\t\t\t<h2 class=\"elementor-heading-title elementor-size-default\">Volpon Advocacia - Ribeir\u00e3o Preto SP<\/h2>\t\t\t\t<\/div>\n\t\t\t\t<\/div>\n\t\t\t\t<div class=\"elementor-element elementor-element-b73c7fd elementor-icon-list--layout-traditional elementor-list-item-link-full_width elementor-widget elementor-widget-icon-list\" data-id=\"b73c7fd\" data-element_type=\"widget\" data-e-type=\"widget\" data-widget_type=\"icon-list.default\">\n\t\t\t\t<div class=\"elementor-widget-container\">\n\t\t\t\t\t\t\t<ul class=\"elementor-icon-list-items\">\n\t\t\t\t\t\t\t<li class=\"elementor-icon-list-item\">\n\t\t\t\t\t\t\t\t\t\t\t<span class=\"elementor-icon-list-icon\">\n\t\t\t\t\t\t\t<i aria-hidden=\"true\" class=\"fab fa-whatsapp\"><\/i>\t\t\t\t\t\t<\/span>\n\t\t\t\t\t\t\t\t\t\t<span class=\"elementor-icon-list-text\">(16) 99743-0410<\/span>\n\t\t\t\t\t\t\t\t\t<\/li>\n\t\t\t\t\t\t\t\t<li class=\"elementor-icon-list-item\">\n\t\t\t\t\t\t\t\t\t\t\t<span class=\"elementor-icon-list-icon\">\n\t\t\t\t\t\t\t<i aria-hidden=\"true\" class=\"fas fa-phone-alt\"><\/i>\t\t\t\t\t\t<\/span>\n\t\t\t\t\t\t\t\t\t\t<span class=\"elementor-icon-list-text\">(16) 3916-9494<\/span>\n\t\t\t\t\t\t\t\t\t<\/li>\n\t\t\t\t\t\t\t\t<li class=\"elementor-icon-list-item\">\n\t\t\t\t\t\t\t\t\t\t\t<span class=\"elementor-icon-list-icon\">\n\t\t\t\t\t\t\t<i aria-hidden=\"true\" class=\"fas fa-envelope\"><\/i>\t\t\t\t\t\t<\/span>\n\t\t\t\t\t\t\t\t\t\t<span class=\"elementor-icon-list-text\">admvolpon@volponadvocacia.com.br<\/span>\n\t\t\t\t\t\t\t\t\t<\/li>\n\t\t\t\t\t\t\t\t<li class=\"elementor-icon-list-item\">\n\t\t\t\t\t\t\t\t\t\t\t<span class=\"elementor-icon-list-icon\">\n\t\t\t\t\t\t\t<i aria-hidden=\"true\" class=\"fas fa-envelope\"><\/i>\t\t\t\t\t\t<\/span>\n\t\t\t\t\t\t\t\t\t\t<span class=\"elementor-icon-list-text\">financeirovolpon@volponadvocacia.com.br<\/span>\n\t\t\t\t\t\t\t\t\t<\/li>\n\t\t\t\t\t\t\t\t<li class=\"elementor-icon-list-item\">\n\t\t\t\t\t\t\t\t\t\t\t<span class=\"elementor-icon-list-icon\">\n\t\t\t\t\t\t\t<i aria-hidden=\"true\" class=\"fas fa-map-marker-alt\"><\/i>\t\t\t\t\t\t<\/span>\n\t\t\t\t\t\t\t\t\t\t<span class=\"elementor-icon-list-text\">Av. Senador Cesar Vergueiro, 480 - Ribeir\u00e3o Preto - SP<\/span>\n\t\t\t\t\t\t\t\t\t<\/li>\n\t\t\t\t\t\t<\/ul>\n\t\t\t\t\t\t<\/div>\n\t\t\t\t<\/div>\n\t\t\t\t\t<\/div>\n\t\t<\/div>\n\t\t\t\t<div class=\"elementor-column elementor-col-50 elementor-top-column elementor-element elementor-element-66fd523\" data-id=\"66fd523\" data-element_type=\"column\" data-e-type=\"column\" data-settings=\"{&quot;background_background&quot;:&quot;classic&quot;}\">\n\t\t\t<div class=\"elementor-widget-wrap elementor-element-populated\">\n\t\t\t\t\t\t<div class=\"elementor-element elementor-element-41f6b15 wpr-forms-submit-justify wpr-forms-align-left elementor-widget elementor-widget-wpr-forms\" data-id=\"41f6b15\" data-element_type=\"widget\" data-e-type=\"widget\" data-widget_type=\"wpr-forms.default\">\n\t\t\t\t<div class=\"elementor-widget-container\">\n\t\t\t\t\t<div class=\"wpr-forms-container wpr-custom-chk-radio\">\n<div class=\"wpcf7 no-js\" id=\"wpcf7-f5-o1\" lang=\"pt-BR\" dir=\"ltr\" data-wpcf7-id=\"5\">\n<div class=\"screen-reader-response\"><p role=\"status\" aria-live=\"polite\" aria-atomic=\"true\"><\/p> <ul><\/ul><\/div>\n<form action=\"\/index.php\/wp-json\/wp\/v2\/posts\/3180#wpcf7-f5-o1\" method=\"post\" class=\"wpcf7-form init\" aria-label=\"Formul\u00e1rios de contato\" novalidate=\"novalidate\" data-status=\"init\">\n<fieldset class=\"hidden-fields-container\"><input type=\"hidden\" name=\"_wpcf7\" value=\"5\" \/><input type=\"hidden\" name=\"_wpcf7_version\" value=\"6.1.5\" \/><input type=\"hidden\" name=\"_wpcf7_locale\" value=\"pt_BR\" \/><input type=\"hidden\" name=\"_wpcf7_unit_tag\" value=\"wpcf7-f5-o1\" \/><input type=\"hidden\" name=\"_wpcf7_container_post\" value=\"0\" \/><input type=\"hidden\" name=\"_wpcf7_posted_data_hash\" value=\"\" \/>\n<\/fieldset>\n<p><label> Seu nome<br \/>\n<span class=\"wpcf7-form-control-wrap\" data-name=\"your-name\"><input size=\"40\" maxlength=\"400\" class=\"wpcf7-form-control wpcf7-text wpcf7-validates-as-required\" autocomplete=\"name\" aria-required=\"true\" aria-invalid=\"false\" value=\"\" type=\"text\" name=\"your-name\" \/><\/span> <\/label>\n<\/p>\n<p><label> Seu e-mail<br \/>\n<span class=\"wpcf7-form-control-wrap\" data-name=\"your-email\"><input size=\"40\" maxlength=\"400\" class=\"wpcf7-form-control wpcf7-email wpcf7-validates-as-required wpcf7-text wpcf7-validates-as-email\" autocomplete=\"email\" aria-required=\"true\" aria-invalid=\"false\" value=\"\" type=\"email\" name=\"your-email\" \/><\/span> <\/label>\n<\/p>\n<p><label> Assunto<br \/>\n<span class=\"wpcf7-form-control-wrap\" data-name=\"your-subject\"><input size=\"40\" maxlength=\"400\" class=\"wpcf7-form-control wpcf7-text wpcf7-validates-as-required\" aria-required=\"true\" aria-invalid=\"false\" value=\"\" type=\"text\" name=\"your-subject\" \/><\/span> <\/label>\n<\/p>\n<p><label> Sua mensagem (opcional)<br \/>\n<span class=\"wpcf7-form-control-wrap\" data-name=\"your-message\"><textarea cols=\"40\" rows=\"10\" maxlength=\"2000\" class=\"wpcf7-form-control wpcf7-textarea\" aria-invalid=\"false\" name=\"your-message\"><\/textarea><\/span> <\/label>\n<\/p>\n<p><input class=\"wpcf7-form-control wpcf7-submit has-spinner\" type=\"submit\" value=\"Enviar\" \/>\n<\/p><div class=\"wpcf7-response-output\" aria-hidden=\"true\"><\/div>\n<\/form>\n<\/div>\n<\/div>\t\t\t\t<\/div>\n\t\t\t\t<\/div>\n\t\t\t\t\t<\/div>\n\t\t<\/div>\n\t\t\t\t\t<\/div>\n\t\t<\/section>\n\t\t\t\t<section class=\"elementor-section elementor-top-section elementor-element elementor-element-51d29329 elementor-section-full_width elementor-section-height-default elementor-section-height-default wpr-particle-no wpr-jarallax-no wpr-parallax-no wpr-sticky-section-no wpr-equal-height-no\" data-id=\"51d29329\" data-element_type=\"section\" data-e-type=\"section\">\n\t\t\t\t\t\t<div class=\"elementor-container elementor-column-gap-no\">\n\t\t\t\t\t<div class=\"elementor-column elementor-col-100 elementor-top-column elementor-element elementor-element-ff2ffb5\" data-id=\"ff2ffb5\" data-element_type=\"column\" data-e-type=\"column\">\n\t\t\t<div class=\"elementor-widget-wrap\">\n\t\t\t\t\t\t\t<\/div>\n\t\t<\/div>\n\t\t\t\t\t<\/div>\n\t\t<\/section>\n\t\t\t\t<\/div>\n\t\t","protected":false},"excerpt":{"rendered":"<p>Entenda a Consigna\u00e7\u00e3o em Pagamento Extrajudicial segundo o Novo C\u00f3digo de Processo Civil &nbsp; Em nosso escrit\u00f3rio de advocacia, entendemos a import\u00e2ncia da consigna\u00e7\u00e3o em pagamento extrajudicial conforme o novo C\u00f3digo de Processo Civil. Esse procedimento especial, embora mantenha algumas similaridades com o procedimento comum, apresenta diferen\u00e7as significativas que devem ser compreendidas. A consigna\u00e7\u00e3o em pagamento extrajudicial \u00e9 uma op\u00e7\u00e3o para o devedor ou um terceiro depositarem a quantia devida em um estabelecimento banc\u00e1rio oficial ou privado, quando n\u00e3o h\u00e1 um estabelecimento oficial dispon\u00edvel na cidade. Esse procedimento pode ser utilizado para o pagamento de quantias em dinheiro, inclusive alugu\u00e9is e seus encargos. A comunica\u00e7\u00e3o do dep\u00f3sito ao credor \u00e9 realizada por meio de carta com aviso de recebimento, concedendo-lhe um prazo de 10 dias para manifestar sua recusa por escrito. O dep\u00f3sito deve ser feito no banco localizado no lugar do pagamento, e a comunica\u00e7\u00e3o e a recusa devem ser dirigidas ao pr\u00f3prio banco. Ap\u00f3s o prazo de manifesta\u00e7\u00e3o de recusa, se o credor n\u00e3o se opuser ao pagamento, o devedor fica liberado da obriga\u00e7\u00e3o, e o comprovante de dep\u00f3sito serve como prova de quita\u00e7\u00e3o. O valor depositado fica \u00e0 disposi\u00e7\u00e3o do credor, que pode retir\u00e1-lo a qualquer momento. Caso o credor recuse o pagamento, o devedor tem um prazo de 1 m\u00eas para ingressar com a a\u00e7\u00e3o de consigna\u00e7\u00e3o judicial. \u00c9 importante ressaltar que esse prazo n\u00e3o \u00e9 decadencial ou prescricional, mas sim uma forma de preservar a efic\u00e1cia do dep\u00f3sito extrajudicial. Se a a\u00e7\u00e3o for proposta dentro do prazo, o devedor fica livre do valor depositado. Caso contr\u00e1rio, o valor poder\u00e1 ser levantado pelo devedor, e ele dever\u00e1 entrar com a a\u00e7\u00e3o de consigna\u00e7\u00e3o judicial. \u00c9 fundamental ingressar com a a\u00e7\u00e3o dentro do prazo estipulado, pois ap\u00f3s o vencimento desse prazo, o credor entrar\u00e1 em mora por n\u00e3o ter aceitado o pagamento. Nesse caso, os juros incidir\u00e3o apenas conforme as taxas banc\u00e1rias, e n\u00e3o conforme o contrato original. Se o devedor n\u00e3o ajuizar a a\u00e7\u00e3o dentro do prazo, ele pr\u00f3prio estar\u00e1 em mora, e os juros do contrato ser\u00e3o contados a partir da consigna\u00e7\u00e3o. Em nosso escrit\u00f3rio, estamos prontos para ajudar voc\u00ea a entender e conduzir corretamente o processo de consigna\u00e7\u00e3o em pagamento extrajudicial, proporcionando solu\u00e7\u00f5es eficientes para seus casos. Entre em contato conosco para mais informa\u00e7\u00f5es e orienta\u00e7\u00f5es sobre essa importante quest\u00e3o jur\u00eddica. Fonte do artigo: A consigna\u00e7\u00e3o em pagamento extrajudicial de acordo com o novo C\u00f3digo de Processo Civil &#8211; Jus.com.br | Jus Navigandi A cl\u00e1usula de n\u00e3o competitividade como instrumento de equil\u00edbrio entre liberdade econ\u00f4mica e prote\u00e7\u00e3o empresarial Em um mercado cada vez mais orientado por ativos intang\u00edveis, como conhecimento t\u00e9cnico, metodologias propriet\u00e1rias, informa\u00e7\u00f5es estrat\u00e9gicas de clientes, capital intelectual e segredos industriais, a cl\u00e1usula de n\u00e3o competitividade, tamb\u00e9m denominada cl\u00e1usula de n\u00e3o concorr\u00eancia,\u00a0non-compete\u00a0clause\u00a0ou, simplesmente,\u00a0NCC1, consolidou-se como uma ferramenta jur\u00eddica indispens\u00e1vel para a preserva\u00e7\u00e3o de vantagens competitivas, n\u00e3o apenas para grandes corpora\u00e7\u00f5es, mas tamb\u00e9m para empresas emergentes que investem em inova\u00e7\u00e3o, tecnologia e desenvolvimento cont\u00ednuo de processos internos, os quais, embora imateriais, passam a constituir um patrim\u00f4nio empresarial t\u00e3o relevante quanto o pr\u00f3prio capital financeiro.\u00a0 Embora expressiva quantidade de empres\u00e1rios e gestores conhe\u00e7am a exist\u00eancia da ferramenta para evitar a concorr\u00eancia daqueles que possuem conhecimento estrat\u00e9gico de seus neg\u00f3cios, em sua maioria impera o desconhecimento dos requisitos necess\u00e1rios para a validade legal de referido instrumento.\u00a0 A fun\u00e7\u00e3o essencial dessa cl\u00e1usula n\u00e3o \u00e9 impedir que ex-s\u00f3cios, executivos, colaboradores ou prestadores de servi\u00e7os desenvolvam suas carreiras ou criem novos neg\u00f3cios, mas sim assegurar que o conhecimento adquirido em ambiente corporativo, fruto de investimentos substanciais realizados pela empresa, n\u00e3o seja utilizado de forma parasit\u00e1ria, gerando desequil\u00edbrios concorrenciais e transformando a experi\u00eancia acumulada durante a rela\u00e7\u00e3o contratual em vantagem competitiva injusta, constru\u00edda \u00e0 custa do esfor\u00e7o e da confian\u00e7a depositados pela organiza\u00e7\u00e3o que originalmente detinha tais conhecimentos estrat\u00e9gicos.\u00a0\u00a0 Assim, o objetivo n\u00e3o \u00e9 a elimina\u00e7\u00e3o da concorr\u00eancia, mas a prote\u00e7\u00e3o contra pr\u00e1ticas que a\u00a0distor\u00e7am, evitando que a lealdade comprometida durante o v\u00ednculo contratual seja substitu\u00edda por condutas oportunistas ap\u00f3s o seu t\u00e9rmino.\u00a0 Sob a perspectiva jur\u00eddica, a validade da cl\u00e1usula de n\u00e3o competitividade exige limites rigorosamente delineados, a fim de que n\u00e3o se converta em instrumento de coibi\u00e7\u00e3o da liberdade econ\u00f4mica e do direito ao trabalho, ambos assegurados pela Constitui\u00e7\u00e3o Federal e considerados pilares do modelo de livre iniciativa que rege a atividade empresarial no Brasil.\u00a0\u00a0 Esses limites devem observar crit\u00e9rios de proporcionalidade, pertin\u00eancia e razoabilidade, especialmente no que se refere \u00e0 defini\u00e7\u00e3o de tempo m\u00e1ximo de dura\u00e7\u00e3o, delimita\u00e7\u00e3o territorial compat\u00edvel com a \u00e1rea de atua\u00e7\u00e3o da empresa, descri\u00e7\u00e3o precisa das atividades proibidas e, nos casos envolvendo trabalhadores ou prestadores aut\u00f4nomos, a previs\u00e3o de contrapresta\u00e7\u00e3o financeira, de natureza indenizat\u00f3ria, que compense a restri\u00e7\u00e3o imposta ao exerc\u00edcio profissional durante o per\u00edodo pactuado, conforme precedente do Superior Tribunal de Justi\u00e7a \u2013 STJ, no REsp n\u00ba\u00a01.203.109-MG.\u00a0 Sem esses par\u00e2metros, a cl\u00e1usula deixa de proteger investimentos leg\u00edtimos e passa a representar mecanismo abusivo de restri\u00e7\u00e3o contratual, pass\u00edvel de nulidade e apto a gerar lit\u00edgios que tornam ineficaz a pr\u00f3pria prote\u00e7\u00e3o pretendida.\u00a0 N\u00e3o obstante sua import\u00e2ncia para a preserva\u00e7\u00e3o de ativos intang\u00edveis e para a preven\u00e7\u00e3o de pr\u00e1ticas desleais, observa-se crescente banaliza\u00e7\u00e3o da cl\u00e1usula de n\u00e3o concorr\u00eancia em contratos-padr\u00e3o de ades\u00e3o ou em instrumentos gen\u00e9ricos de presta\u00e7\u00e3o de servi\u00e7os, inclusive em rela\u00e7\u00f5es comerciais que n\u00e3o envolvem acesso a informa\u00e7\u00f5es estrat\u00e9gicas, conhecimento confidencial ou especializa\u00e7\u00e3o capaz de gerar vantagem competitiva indevida.\u00a0\u00a0 Em tais situa\u00e7\u00f5es, a cl\u00e1usula deixa de cumprir sua fun\u00e7\u00e3o econ\u00f4mica e jur\u00eddica leg\u00edtima, transformando-se em mero impeditivo ao exerc\u00edcio profissional ou ao empreendedorismo do prestador, utilizado de maneira indiscriminada e destitu\u00edda de proporcionalidade, muitas vezes associada a contratos de baixo risco, com escassa ou inexistente transfer\u00eancia de tecnologia, sem compartilhamento de capital intelectual relevante e sem qualquer rela\u00e7\u00e3o com a estrutura competitiva do mercado.\u00a0\u00a0 Essa utiliza\u00e7\u00e3o mec\u00e2nica, padronizada e acr\u00edtica, al\u00e9m de inadequada, viola os fundamentos constitucionais da livre iniciativa e da liberdade de trabalho e esvazia a finalidade pr\u00f3pria da cl\u00e1usula, que n\u00e3o \u00e9 coibir a concorr\u00eancia em si, mas impedir o aproveitamento il\u00edcito da confian\u00e7a depositada em rela\u00e7\u00f5es negociais que<\/p>\n","protected":false},"author":1,"featured_media":0,"comment_status":"closed","ping_status":"open","sticky":false,"template":"elementor_canvas","format":"standard","meta":{"footnotes":""},"categories":[14],"tags":[],"class_list":["post-3180","post","type-post","status-publish","format-standard","hentry","category-artigo"],"yoast_head":"<!-- This site is optimized with the Yoast SEO plugin v27.4 - https:\/\/yoast.com\/product\/yoast-seo-wordpress\/ -->\n<title>A cl\u00e1usula de n\u00e3o competitividade como instrumento de equil\u00edbrio entre liberdade econ\u00f4mica e prote\u00e7\u00e3o empresarial - Volpon Advocacia<\/title>\n<meta name=\"description\" content=\"Em um mercado cada vez mais orientado por ativos intang\u00edveis, como conhecimento t\u00e9cnico, metodologias propriet\u00e1rias, informa\u00e7\u00f5es...\" \/>\n<meta name=\"robots\" content=\"index, follow, max-snippet:-1, max-image-preview:large, max-video-preview:-1\" \/>\n<link rel=\"canonical\" href=\"https:\/\/volponadvocacia.com.br\/index.php\/2025\/11\/26\/a-clausula-de-nao-competitividade-como-instrumento-de-equilibrio-entre-liberdade-economica-e-protecao-empresarial\/\" \/>\n<meta property=\"og:locale\" content=\"pt_BR\" \/>\n<meta property=\"og:type\" content=\"article\" \/>\n<meta property=\"og:title\" content=\"A cl\u00e1usula de n\u00e3o competitividade como instrumento de equil\u00edbrio entre liberdade econ\u00f4mica e prote\u00e7\u00e3o empresarial - Volpon Advocacia\" \/>\n<meta property=\"og:description\" content=\"Em um mercado cada vez mais orientado por ativos intang\u00edveis, como conhecimento t\u00e9cnico, metodologias propriet\u00e1rias, informa\u00e7\u00f5es...\" \/>\n<meta property=\"og:url\" content=\"https:\/\/volponadvocacia.com.br\/index.php\/2025\/11\/26\/a-clausula-de-nao-competitividade-como-instrumento-de-equilibrio-entre-liberdade-economica-e-protecao-empresarial\/\" \/>\n<meta property=\"og:site_name\" content=\"Volpon Advocacia\" \/>\n<meta property=\"article:published_time\" content=\"2025-11-26T18:29:55+00:00\" \/>\n<meta property=\"article:modified_time\" content=\"2025-11-28T13:08:48+00:00\" \/>\n<meta property=\"og:image\" content=\"https:\/\/volponadvocacia.com.br\/wp-content\/uploads\/2023\/07\/Foto-autor.png\" \/>\n\t<meta property=\"og:image:width\" content=\"500\" \/>\n\t<meta property=\"og:image:height\" content=\"500\" \/>\n\t<meta property=\"og:image:type\" content=\"image\/png\" \/>\n<meta name=\"author\" content=\"davanso\" \/>\n<meta name=\"twitter:card\" content=\"summary_large_image\" \/>\n<meta name=\"twitter:label1\" content=\"Escrito por\" \/>\n\t<meta name=\"twitter:data1\" content=\"davanso\" \/>\n\t<meta name=\"twitter:label2\" content=\"Est. tempo de leitura\" \/>\n\t<meta name=\"twitter:data2\" content=\"11 minutos\" \/>\n<script type=\"application\/ld+json\" class=\"yoast-schema-graph\">{\"@context\":\"https:\\\/\\\/schema.org\",\"@graph\":[{\"@type\":\"Article\",\"@id\":\"https:\\\/\\\/volponadvocacia.com.br\\\/index.php\\\/2025\\\/11\\\/26\\\/a-clausula-de-nao-competitividade-como-instrumento-de-equilibrio-entre-liberdade-economica-e-protecao-empresarial\\\/#article\",\"isPartOf\":{\"@id\":\"https:\\\/\\\/volponadvocacia.com.br\\\/index.php\\\/2025\\\/11\\\/26\\\/a-clausula-de-nao-competitividade-como-instrumento-de-equilibrio-entre-liberdade-economica-e-protecao-empresarial\\\/\"},\"author\":{\"name\":\"davanso\",\"@id\":\"https:\\\/\\\/volponadvocacia.com.br\\\/#\\\/schema\\\/person\\\/ff6f7fc0557a569f592e00afb4ca3fe6\"},\"headline\":\"A cl\u00e1usula de n\u00e3o competitividade como instrumento de equil\u00edbrio entre liberdade econ\u00f4mica e prote\u00e7\u00e3o empresarial\",\"datePublished\":\"2025-11-26T18:29:55+00:00\",\"dateModified\":\"2025-11-28T13:08:48+00:00\",\"mainEntityOfPage\":{\"@id\":\"https:\\\/\\\/volponadvocacia.com.br\\\/index.php\\\/2025\\\/11\\\/26\\\/a-clausula-de-nao-competitividade-como-instrumento-de-equilibrio-entre-liberdade-economica-e-protecao-empresarial\\\/\"},\"wordCount\":2341,\"publisher\":{\"@id\":\"https:\\\/\\\/volponadvocacia.com.br\\\/#organization\"},\"image\":{\"@id\":\"https:\\\/\\\/volponadvocacia.com.br\\\/index.php\\\/2025\\\/11\\\/26\\\/a-clausula-de-nao-competitividade-como-instrumento-de-equilibrio-entre-liberdade-economica-e-protecao-empresarial\\\/#primaryimage\"},\"thumbnailUrl\":\"https:\\\/\\\/volponadvocacia.com.br\\\/wp-content\\\/uploads\\\/2023\\\/07\\\/Foto-autor-300x300.png\",\"articleSection\":[\"Artigo\"],\"inLanguage\":\"pt-BR\"},{\"@type\":\"WebPage\",\"@id\":\"https:\\\/\\\/volponadvocacia.com.br\\\/index.php\\\/2025\\\/11\\\/26\\\/a-clausula-de-nao-competitividade-como-instrumento-de-equilibrio-entre-liberdade-economica-e-protecao-empresarial\\\/\",\"url\":\"https:\\\/\\\/volponadvocacia.com.br\\\/index.php\\\/2025\\\/11\\\/26\\\/a-clausula-de-nao-competitividade-como-instrumento-de-equilibrio-entre-liberdade-economica-e-protecao-empresarial\\\/\",\"name\":\"A cl\u00e1usula de n\u00e3o competitividade como instrumento de equil\u00edbrio entre liberdade econ\u00f4mica e prote\u00e7\u00e3o empresarial - Volpon Advocacia\",\"isPartOf\":{\"@id\":\"https:\\\/\\\/volponadvocacia.com.br\\\/#website\"},\"primaryImageOfPage\":{\"@id\":\"https:\\\/\\\/volponadvocacia.com.br\\\/index.php\\\/2025\\\/11\\\/26\\\/a-clausula-de-nao-competitividade-como-instrumento-de-equilibrio-entre-liberdade-economica-e-protecao-empresarial\\\/#primaryimage\"},\"image\":{\"@id\":\"https:\\\/\\\/volponadvocacia.com.br\\\/index.php\\\/2025\\\/11\\\/26\\\/a-clausula-de-nao-competitividade-como-instrumento-de-equilibrio-entre-liberdade-economica-e-protecao-empresarial\\\/#primaryimage\"},\"thumbnailUrl\":\"https:\\\/\\\/volponadvocacia.com.br\\\/wp-content\\\/uploads\\\/2023\\\/07\\\/Foto-autor-300x300.png\",\"datePublished\":\"2025-11-26T18:29:55+00:00\",\"dateModified\":\"2025-11-28T13:08:48+00:00\",\"description\":\"Em um mercado cada vez mais orientado por ativos intang\u00edveis, como conhecimento t\u00e9cnico, metodologias propriet\u00e1rias, informa\u00e7\u00f5es...\",\"breadcrumb\":{\"@id\":\"https:\\\/\\\/volponadvocacia.com.br\\\/index.php\\\/2025\\\/11\\\/26\\\/a-clausula-de-nao-competitividade-como-instrumento-de-equilibrio-entre-liberdade-economica-e-protecao-empresarial\\\/#breadcrumb\"},\"inLanguage\":\"pt-BR\",\"potentialAction\":[{\"@type\":\"ReadAction\",\"target\":[\"https:\\\/\\\/volponadvocacia.com.br\\\/index.php\\\/2025\\\/11\\\/26\\\/a-clausula-de-nao-competitividade-como-instrumento-de-equilibrio-entre-liberdade-economica-e-protecao-empresarial\\\/\"]}]},{\"@type\":\"ImageObject\",\"inLanguage\":\"pt-BR\",\"@id\":\"https:\\\/\\\/volponadvocacia.com.br\\\/index.php\\\/2025\\\/11\\\/26\\\/a-clausula-de-nao-competitividade-como-instrumento-de-equilibrio-entre-liberdade-economica-e-protecao-empresarial\\\/#primaryimage\",\"url\":\"https:\\\/\\\/volponadvocacia.com.br\\\/wp-content\\\/uploads\\\/2023\\\/07\\\/Foto-autor.png\",\"contentUrl\":\"https:\\\/\\\/volponadvocacia.com.br\\\/wp-content\\\/uploads\\\/2023\\\/07\\\/Foto-autor.png\",\"width\":500,\"height\":500},{\"@type\":\"BreadcrumbList\",\"@id\":\"https:\\\/\\\/volponadvocacia.com.br\\\/index.php\\\/2025\\\/11\\\/26\\\/a-clausula-de-nao-competitividade-como-instrumento-de-equilibrio-entre-liberdade-economica-e-protecao-empresarial\\\/#breadcrumb\",\"itemListElement\":[{\"@type\":\"ListItem\",\"position\":1,\"name\":\"In\u00edcio\",\"item\":\"https:\\\/\\\/volponadvocacia.com.br\\\/\"},{\"@type\":\"ListItem\",\"position\":2,\"name\":\"A cl\u00e1usula de n\u00e3o competitividade como instrumento de equil\u00edbrio entre liberdade econ\u00f4mica e prote\u00e7\u00e3o empresarial\"}]},{\"@type\":\"WebSite\",\"@id\":\"https:\\\/\\\/volponadvocacia.com.br\\\/#website\",\"url\":\"https:\\\/\\\/volponadvocacia.com.br\\\/\",\"name\":\"Volpon Advocacia\",\"description\":\"\",\"publisher\":{\"@id\":\"https:\\\/\\\/volponadvocacia.com.br\\\/#organization\"},\"potentialAction\":[{\"@type\":\"SearchAction\",\"target\":{\"@type\":\"EntryPoint\",\"urlTemplate\":\"https:\\\/\\\/volponadvocacia.com.br\\\/?s={search_term_string}\"},\"query-input\":{\"@type\":\"PropertyValueSpecification\",\"valueRequired\":true,\"valueName\":\"search_term_string\"}}],\"inLanguage\":\"pt-BR\"},{\"@type\":\"Organization\",\"@id\":\"https:\\\/\\\/volponadvocacia.com.br\\\/#organization\",\"name\":\"Volpon Advocacia\",\"url\":\"https:\\\/\\\/volponadvocacia.com.br\\\/\",\"logo\":{\"@type\":\"ImageObject\",\"inLanguage\":\"pt-BR\",\"@id\":\"https:\\\/\\\/volponadvocacia.com.br\\\/#\\\/schema\\\/logo\\\/image\\\/\",\"url\":\"https:\\\/\\\/volponadvocacia.com.br\\\/wp-content\\\/uploads\\\/2023\\\/03\\\/cropped-Logo-basica.png\",\"contentUrl\":\"https:\\\/\\\/volponadvocacia.com.br\\\/wp-content\\\/uploads\\\/2023\\\/03\\\/cropped-Logo-basica.png\",\"width\":1080,\"height\":1080,\"caption\":\"Volpon Advocacia\"},\"image\":{\"@id\":\"https:\\\/\\\/volponadvocacia.com.br\\\/#\\\/schema\\\/logo\\\/image\\\/\"}},{\"@type\":\"Person\",\"@id\":\"https:\\\/\\\/volponadvocacia.com.br\\\/#\\\/schema\\\/person\\\/ff6f7fc0557a569f592e00afb4ca3fe6\",\"name\":\"davanso\",\"image\":{\"@type\":\"ImageObject\",\"inLanguage\":\"pt-BR\",\"@id\":\"https:\\\/\\\/secure.gravatar.com\\\/avatar\\\/9b983ab1d786202648f6aaeac75b1be55cc1096d9a247aa182ef688bbfe03993?s=96&d=mm&r=g\",\"url\":\"https:\\\/\\\/secure.gravatar.com\\\/avatar\\\/9b983ab1d786202648f6aaeac75b1be55cc1096d9a247aa182ef688bbfe03993?s=96&d=mm&r=g\",\"contentUrl\":\"https:\\\/\\\/secure.gravatar.com\\\/avatar\\\/9b983ab1d786202648f6aaeac75b1be55cc1096d9a247aa182ef688bbfe03993?s=96&d=mm&r=g\",\"caption\":\"davanso\"},\"sameAs\":[\"https:\\\/\\\/volponadvocacia.com.br\"],\"url\":\"https:\\\/\\\/volponadvocacia.com.br\\\/index.php\\\/author\\\/davanso\\\/\"}]}<\/script>\n<!-- \/ Yoast SEO plugin. -->","yoast_head_json":{"title":"A cl\u00e1usula de n\u00e3o competitividade como instrumento de equil\u00edbrio entre liberdade econ\u00f4mica e prote\u00e7\u00e3o empresarial - Volpon Advocacia","description":"Em um mercado cada vez mais orientado por ativos intang\u00edveis, como conhecimento t\u00e9cnico, metodologias propriet\u00e1rias, informa\u00e7\u00f5es...","robots":{"index":"index","follow":"follow","max-snippet":"max-snippet:-1","max-image-preview":"max-image-preview:large","max-video-preview":"max-video-preview:-1"},"canonical":"https:\/\/volponadvocacia.com.br\/index.php\/2025\/11\/26\/a-clausula-de-nao-competitividade-como-instrumento-de-equilibrio-entre-liberdade-economica-e-protecao-empresarial\/","og_locale":"pt_BR","og_type":"article","og_title":"A cl\u00e1usula de n\u00e3o competitividade como instrumento de equil\u00edbrio entre liberdade econ\u00f4mica e prote\u00e7\u00e3o empresarial - Volpon Advocacia","og_description":"Em um mercado cada vez mais orientado por ativos intang\u00edveis, como conhecimento t\u00e9cnico, metodologias propriet\u00e1rias, informa\u00e7\u00f5es...","og_url":"https:\/\/volponadvocacia.com.br\/index.php\/2025\/11\/26\/a-clausula-de-nao-competitividade-como-instrumento-de-equilibrio-entre-liberdade-economica-e-protecao-empresarial\/","og_site_name":"Volpon Advocacia","article_published_time":"2025-11-26T18:29:55+00:00","article_modified_time":"2025-11-28T13:08:48+00:00","og_image":[{"width":500,"height":500,"url":"https:\/\/volponadvocacia.com.br\/wp-content\/uploads\/2023\/07\/Foto-autor.png","type":"image\/png"}],"author":"davanso","twitter_card":"summary_large_image","twitter_misc":{"Escrito por":"davanso","Est. tempo de leitura":"11 minutos"},"schema":{"@context":"https:\/\/schema.org","@graph":[{"@type":"Article","@id":"https:\/\/volponadvocacia.com.br\/index.php\/2025\/11\/26\/a-clausula-de-nao-competitividade-como-instrumento-de-equilibrio-entre-liberdade-economica-e-protecao-empresarial\/#article","isPartOf":{"@id":"https:\/\/volponadvocacia.com.br\/index.php\/2025\/11\/26\/a-clausula-de-nao-competitividade-como-instrumento-de-equilibrio-entre-liberdade-economica-e-protecao-empresarial\/"},"author":{"name":"davanso","@id":"https:\/\/volponadvocacia.com.br\/#\/schema\/person\/ff6f7fc0557a569f592e00afb4ca3fe6"},"headline":"A cl\u00e1usula de n\u00e3o competitividade como instrumento de equil\u00edbrio entre liberdade econ\u00f4mica e prote\u00e7\u00e3o empresarial","datePublished":"2025-11-26T18:29:55+00:00","dateModified":"2025-11-28T13:08:48+00:00","mainEntityOfPage":{"@id":"https:\/\/volponadvocacia.com.br\/index.php\/2025\/11\/26\/a-clausula-de-nao-competitividade-como-instrumento-de-equilibrio-entre-liberdade-economica-e-protecao-empresarial\/"},"wordCount":2341,"publisher":{"@id":"https:\/\/volponadvocacia.com.br\/#organization"},"image":{"@id":"https:\/\/volponadvocacia.com.br\/index.php\/2025\/11\/26\/a-clausula-de-nao-competitividade-como-instrumento-de-equilibrio-entre-liberdade-economica-e-protecao-empresarial\/#primaryimage"},"thumbnailUrl":"https:\/\/volponadvocacia.com.br\/wp-content\/uploads\/2023\/07\/Foto-autor-300x300.png","articleSection":["Artigo"],"inLanguage":"pt-BR"},{"@type":"WebPage","@id":"https:\/\/volponadvocacia.com.br\/index.php\/2025\/11\/26\/a-clausula-de-nao-competitividade-como-instrumento-de-equilibrio-entre-liberdade-economica-e-protecao-empresarial\/","url":"https:\/\/volponadvocacia.com.br\/index.php\/2025\/11\/26\/a-clausula-de-nao-competitividade-como-instrumento-de-equilibrio-entre-liberdade-economica-e-protecao-empresarial\/","name":"A cl\u00e1usula de n\u00e3o competitividade como instrumento de equil\u00edbrio entre liberdade econ\u00f4mica e prote\u00e7\u00e3o empresarial - Volpon Advocacia","isPartOf":{"@id":"https:\/\/volponadvocacia.com.br\/#website"},"primaryImageOfPage":{"@id":"https:\/\/volponadvocacia.com.br\/index.php\/2025\/11\/26\/a-clausula-de-nao-competitividade-como-instrumento-de-equilibrio-entre-liberdade-economica-e-protecao-empresarial\/#primaryimage"},"image":{"@id":"https:\/\/volponadvocacia.com.br\/index.php\/2025\/11\/26\/a-clausula-de-nao-competitividade-como-instrumento-de-equilibrio-entre-liberdade-economica-e-protecao-empresarial\/#primaryimage"},"thumbnailUrl":"https:\/\/volponadvocacia.com.br\/wp-content\/uploads\/2023\/07\/Foto-autor-300x300.png","datePublished":"2025-11-26T18:29:55+00:00","dateModified":"2025-11-28T13:08:48+00:00","description":"Em um mercado cada vez mais orientado por ativos intang\u00edveis, como conhecimento t\u00e9cnico, metodologias propriet\u00e1rias, informa\u00e7\u00f5es...","breadcrumb":{"@id":"https:\/\/volponadvocacia.com.br\/index.php\/2025\/11\/26\/a-clausula-de-nao-competitividade-como-instrumento-de-equilibrio-entre-liberdade-economica-e-protecao-empresarial\/#breadcrumb"},"inLanguage":"pt-BR","potentialAction":[{"@type":"ReadAction","target":["https:\/\/volponadvocacia.com.br\/index.php\/2025\/11\/26\/a-clausula-de-nao-competitividade-como-instrumento-de-equilibrio-entre-liberdade-economica-e-protecao-empresarial\/"]}]},{"@type":"ImageObject","inLanguage":"pt-BR","@id":"https:\/\/volponadvocacia.com.br\/index.php\/2025\/11\/26\/a-clausula-de-nao-competitividade-como-instrumento-de-equilibrio-entre-liberdade-economica-e-protecao-empresarial\/#primaryimage","url":"https:\/\/volponadvocacia.com.br\/wp-content\/uploads\/2023\/07\/Foto-autor.png","contentUrl":"https:\/\/volponadvocacia.com.br\/wp-content\/uploads\/2023\/07\/Foto-autor.png","width":500,"height":500},{"@type":"BreadcrumbList","@id":"https:\/\/volponadvocacia.com.br\/index.php\/2025\/11\/26\/a-clausula-de-nao-competitividade-como-instrumento-de-equilibrio-entre-liberdade-economica-e-protecao-empresarial\/#breadcrumb","itemListElement":[{"@type":"ListItem","position":1,"name":"In\u00edcio","item":"https:\/\/volponadvocacia.com.br\/"},{"@type":"ListItem","position":2,"name":"A cl\u00e1usula de n\u00e3o competitividade como instrumento de equil\u00edbrio entre liberdade econ\u00f4mica e prote\u00e7\u00e3o empresarial"}]},{"@type":"WebSite","@id":"https:\/\/volponadvocacia.com.br\/#website","url":"https:\/\/volponadvocacia.com.br\/","name":"Volpon Advocacia","description":"","publisher":{"@id":"https:\/\/volponadvocacia.com.br\/#organization"},"potentialAction":[{"@type":"SearchAction","target":{"@type":"EntryPoint","urlTemplate":"https:\/\/volponadvocacia.com.br\/?s={search_term_string}"},"query-input":{"@type":"PropertyValueSpecification","valueRequired":true,"valueName":"search_term_string"}}],"inLanguage":"pt-BR"},{"@type":"Organization","@id":"https:\/\/volponadvocacia.com.br\/#organization","name":"Volpon Advocacia","url":"https:\/\/volponadvocacia.com.br\/","logo":{"@type":"ImageObject","inLanguage":"pt-BR","@id":"https:\/\/volponadvocacia.com.br\/#\/schema\/logo\/image\/","url":"https:\/\/volponadvocacia.com.br\/wp-content\/uploads\/2023\/03\/cropped-Logo-basica.png","contentUrl":"https:\/\/volponadvocacia.com.br\/wp-content\/uploads\/2023\/03\/cropped-Logo-basica.png","width":1080,"height":1080,"caption":"Volpon Advocacia"},"image":{"@id":"https:\/\/volponadvocacia.com.br\/#\/schema\/logo\/image\/"}},{"@type":"Person","@id":"https:\/\/volponadvocacia.com.br\/#\/schema\/person\/ff6f7fc0557a569f592e00afb4ca3fe6","name":"davanso","image":{"@type":"ImageObject","inLanguage":"pt-BR","@id":"https:\/\/secure.gravatar.com\/avatar\/9b983ab1d786202648f6aaeac75b1be55cc1096d9a247aa182ef688bbfe03993?s=96&d=mm&r=g","url":"https:\/\/secure.gravatar.com\/avatar\/9b983ab1d786202648f6aaeac75b1be55cc1096d9a247aa182ef688bbfe03993?s=96&d=mm&r=g","contentUrl":"https:\/\/secure.gravatar.com\/avatar\/9b983ab1d786202648f6aaeac75b1be55cc1096d9a247aa182ef688bbfe03993?s=96&d=mm&r=g","caption":"davanso"},"sameAs":["https:\/\/volponadvocacia.com.br"],"url":"https:\/\/volponadvocacia.com.br\/index.php\/author\/davanso\/"}]}},"_links":{"self":[{"href":"https:\/\/volponadvocacia.com.br\/index.php\/wp-json\/wp\/v2\/posts\/3180","targetHints":{"allow":["GET"]}}],"collection":[{"href":"https:\/\/volponadvocacia.com.br\/index.php\/wp-json\/wp\/v2\/posts"}],"about":[{"href":"https:\/\/volponadvocacia.com.br\/index.php\/wp-json\/wp\/v2\/types\/post"}],"author":[{"embeddable":true,"href":"https:\/\/volponadvocacia.com.br\/index.php\/wp-json\/wp\/v2\/users\/1"}],"replies":[{"embeddable":true,"href":"https:\/\/volponadvocacia.com.br\/index.php\/wp-json\/wp\/v2\/comments?post=3180"}],"version-history":[{"count":16,"href":"https:\/\/volponadvocacia.com.br\/index.php\/wp-json\/wp\/v2\/posts\/3180\/revisions"}],"predecessor-version":[{"id":3206,"href":"https:\/\/volponadvocacia.com.br\/index.php\/wp-json\/wp\/v2\/posts\/3180\/revisions\/3206"}],"wp:attachment":[{"href":"https:\/\/volponadvocacia.com.br\/index.php\/wp-json\/wp\/v2\/media?parent=3180"}],"wp:term":[{"taxonomy":"category","embeddable":true,"href":"https:\/\/volponadvocacia.com.br\/index.php\/wp-json\/wp\/v2\/categories?post=3180"},{"taxonomy":"post_tag","embeddable":true,"href":"https:\/\/volponadvocacia.com.br\/index.php\/wp-json\/wp\/v2\/tags?post=3180"}],"curies":[{"name":"wp","href":"https:\/\/api.w.org\/{rel}","templated":true}]}}