{"id":3208,"date":"2025-12-08T14:26:20","date_gmt":"2025-12-08T17:26:20","guid":{"rendered":"https:\/\/volponadvocacia.com.br\/?p=3208"},"modified":"2025-12-08T14:43:58","modified_gmt":"2025-12-08T17:43:58","slug":"a-resolucao-598-2024-do-cnj-e-o-julgamento-com-perspectiva-racial","status":"publish","type":"post","link":"https:\/\/volponadvocacia.com.br\/index.php\/2025\/12\/08\/a-resolucao-598-2024-do-cnj-e-o-julgamento-com-perspectiva-racial\/","title":{"rendered":"A resolu\u00e7\u00e3o 598\/2024 do cnj e o julgamento com perspectiva racial: um olhar mais humano no direito do trabalho"},"content":{"rendered":"\t\t<div data-elementor-type=\"wp-post\" data-elementor-id=\"3208\" class=\"elementor elementor-3208\">\n\t\t\t\t\t\t<section class=\"elementor-section elementor-top-section elementor-element elementor-element-7b1a602 elementor-section-boxed elementor-section-height-default elementor-section-height-default wpr-particle-no wpr-jarallax-no wpr-parallax-no wpr-sticky-section-no wpr-equal-height-no\" data-id=\"7b1a602\" data-element_type=\"section\" data-e-type=\"section\">\n\t\t\t\t\t\t<div class=\"elementor-container elementor-column-gap-default\">\n\t\t\t\t\t<div class=\"elementor-column elementor-col-100 elementor-top-column elementor-element elementor-element-638a8e\" data-id=\"638a8e\" data-element_type=\"column\" data-e-type=\"column\">\n\t\t\t<div class=\"elementor-widget-wrap elementor-element-populated\">\n\t\t\t\t\t\t<div class=\"elementor-element elementor-element-71332b76 elementor-widget elementor-widget-text-editor\" data-id=\"71332b76\" data-element_type=\"widget\" data-e-type=\"widget\" data-widget_type=\"text-editor.default\">\n\t\t\t\t<div class=\"elementor-widget-container\">\n\t\t\t\t\t\t\t\t\t<em>Entenda a Consigna\u00e7\u00e3o em Pagamento Extrajudicial segundo o Novo C\u00f3digo de Processo Civil<\/em>\r\n\r\n&nbsp;\r\n\r\nEm nosso escrit\u00f3rio de advocacia, entendemos a import\u00e2ncia da consigna\u00e7\u00e3o em pagamento extrajudicial conforme o novo C\u00f3digo de Processo Civil. Esse procedimento especial, embora mantenha algumas similaridades com o procedimento comum, apresenta diferen\u00e7as significativas que devem ser compreendidas.\r\n\r\nA consigna\u00e7\u00e3o em pagamento extrajudicial \u00e9 uma op\u00e7\u00e3o para o devedor ou um terceiro depositarem a quantia devida em um estabelecimento banc\u00e1rio oficial ou privado, quando n\u00e3o h\u00e1 um estabelecimento oficial dispon\u00edvel na cidade. Esse procedimento pode ser utilizado para o pagamento de quantias em dinheiro, inclusive alugu\u00e9is e seus encargos.\r\n\r\nA comunica\u00e7\u00e3o do dep\u00f3sito ao credor \u00e9 realizada por meio de carta com aviso de recebimento, concedendo-lhe um prazo de 10 dias para manifestar sua recusa por escrito. O dep\u00f3sito deve ser feito no banco localizado no lugar do pagamento, e a comunica\u00e7\u00e3o e a recusa devem ser dirigidas ao pr\u00f3prio banco.\r\n\r\nAp\u00f3s o prazo de manifesta\u00e7\u00e3o de recusa, se o credor n\u00e3o se opuser ao pagamento, o devedor fica liberado da obriga\u00e7\u00e3o, e o comprovante de dep\u00f3sito serve como prova de quita\u00e7\u00e3o. O valor depositado fica \u00e0 disposi\u00e7\u00e3o do credor, que pode retir\u00e1-lo a qualquer momento.\r\n\r\nCaso o credor recuse o pagamento, o devedor tem um prazo de 1 m\u00eas para ingressar com a a\u00e7\u00e3o de consigna\u00e7\u00e3o judicial. \u00c9 importante ressaltar que esse prazo n\u00e3o \u00e9 decadencial ou prescricional, mas sim uma forma de preservar a efic\u00e1cia do dep\u00f3sito extrajudicial. Se a a\u00e7\u00e3o for proposta dentro do prazo, o devedor fica livre do valor depositado. Caso contr\u00e1rio, o valor poder\u00e1 ser levantado pelo devedor, e ele dever\u00e1 entrar com a a\u00e7\u00e3o de consigna\u00e7\u00e3o judicial.\r\n\r\n\u00c9 fundamental ingressar com a a\u00e7\u00e3o dentro do prazo estipulado, pois ap\u00f3s o vencimento desse prazo, o credor entrar\u00e1 em mora por n\u00e3o ter aceitado o pagamento. Nesse caso, os juros incidir\u00e3o apenas conforme as taxas banc\u00e1rias, e n\u00e3o conforme o contrato original. Se o devedor n\u00e3o ajuizar a a\u00e7\u00e3o dentro do prazo, ele pr\u00f3prio estar\u00e1 em mora, e os juros do contrato ser\u00e3o contados a partir da consigna\u00e7\u00e3o.\r\n\r\nEm nosso escrit\u00f3rio, estamos prontos para ajudar voc\u00ea a entender e conduzir corretamente o processo de consigna\u00e7\u00e3o em pagamento extrajudicial, proporcionando solu\u00e7\u00f5es eficientes para seus casos. Entre em contato conosco para mais informa\u00e7\u00f5es e orienta\u00e7\u00f5es sobre essa importante quest\u00e3o jur\u00eddica.\r\n\r\nFonte do artigo: <a href=\"https:\/\/jus.com.br\/artigos\/39212\/a-consignacao-em-pagamento-extrajudicial-de-acordo-com-o-novo-codigo-de-processo-civil\">A consigna\u00e7\u00e3o em pagamento extrajudicial de acordo com o novo C\u00f3digo de Processo Civil &#8211; Jus.com.br | Jus Navigandi<\/a>\t\t\t\t\t\t\t\t<\/div>\n\t\t\t\t<\/div>\n\t\t\t\t\t<\/div>\n\t\t<\/div>\n\t\t\t\t\t<\/div>\n\t\t<\/section>\n\t\t\t\t<section class=\"elementor-section elementor-top-section elementor-element elementor-element-57fc1488 elementor-section-height-min-height elementor-section-boxed elementor-section-height-default elementor-section-items-middle wpr-particle-no wpr-jarallax-no wpr-parallax-no wpr-sticky-section-no wpr-equal-height-no\" data-id=\"57fc1488\" data-element_type=\"section\" data-e-type=\"section\" data-settings=\"{&quot;background_background&quot;:&quot;classic&quot;,&quot;shape_divider_bottom&quot;:&quot;tilt&quot;}\">\n\t\t\t\t\t\t\t<div class=\"elementor-background-overlay\"><\/div>\n\t\t\t\t\t\t<div class=\"elementor-shape elementor-shape-bottom\" aria-hidden=\"true\" data-negative=\"false\">\n\t\t\t<svg xmlns=\"http:\/\/www.w3.org\/2000\/svg\" viewBox=\"0 0 1000 100\" preserveAspectRatio=\"none\">\n\t<path class=\"elementor-shape-fill\" d=\"M0,6V0h1000v100L0,6z\"\/>\n<\/svg>\t\t<\/div>\n\t\t\t\t\t<div class=\"elementor-container elementor-column-gap-default\">\n\t\t\t\t\t<div class=\"elementor-column elementor-col-100 elementor-top-column elementor-element elementor-element-4a22188f\" data-id=\"4a22188f\" data-element_type=\"column\" data-e-type=\"column\">\n\t\t\t<div class=\"elementor-widget-wrap elementor-element-populated\">\n\t\t\t\t\t\t<div class=\"elementor-element elementor-element-7a38d84d elementor-widget elementor-widget-heading\" data-id=\"7a38d84d\" data-element_type=\"widget\" data-e-type=\"widget\" data-widget_type=\"heading.default\">\n\t\t\t\t<div class=\"elementor-widget-container\">\n\t\t\t\t\t<h2 class=\"elementor-heading-title elementor-size-default\">A resolu\u00e7\u00e3o 598\/2024 do cnj e o julgamento com perspectiva racial: um olhar mais humano no direito do trabalho <\/h2>\t\t\t\t<\/div>\n\t\t\t\t<\/div>\n\t\t\t\t\t<\/div>\n\t\t<\/div>\n\t\t\t\t\t<\/div>\n\t\t<\/section>\n\t\t\t\t<section class=\"elementor-section elementor-top-section elementor-element elementor-element-b029dd5 elementor-section-boxed elementor-section-height-default elementor-section-height-default wpr-particle-no wpr-jarallax-no wpr-parallax-no wpr-sticky-section-no wpr-equal-height-no\" data-id=\"b029dd5\" data-element_type=\"section\" data-e-type=\"section\" data-settings=\"{&quot;background_background&quot;:&quot;classic&quot;}\">\n\t\t\t\t\t\t<div class=\"elementor-container elementor-column-gap-default\">\n\t\t\t\t\t<div class=\"elementor-column elementor-col-100 elementor-top-column elementor-element elementor-element-1988b03\" data-id=\"1988b03\" data-element_type=\"column\" data-e-type=\"column\">\n\t\t\t<div class=\"elementor-widget-wrap elementor-element-populated\">\n\t\t\t\t\t\t<div class=\"elementor-element elementor-element-04a607f elementor-widget__width-initial elementor-widget elementor-widget-text-editor\" data-id=\"04a607f\" data-element_type=\"widget\" data-e-type=\"widget\" data-widget_type=\"text-editor.default\">\n\t\t\t\t<div class=\"elementor-widget-container\">\n\t\t\t\t\t\t\t\t\t<p><span data-contrast=\"auto\">A Resolu\u00e7\u00e3o n\u00ba 598\/2024 do Conselho Nacional de Justi\u00e7a introduziu relevante orienta\u00e7\u00e3o aos tribunais ao determinar que os julgamentos passem a considerar a perspectiva racial especialmente nas demandas trabalhistas que envolvem alega\u00e7\u00f5es de discrimina\u00e7\u00e3o.\u00a0<\/span><span data-ccp-props=\"{&quot;335551550&quot;:6,&quot;335551620&quot;:6}\">\u00a0<\/span><\/p><p><span data-contrast=\"auto\">Diferentemente do que alguns int\u00e9rpretes inicialmente sugeriram, o CNJ n\u00e3o alterou as regras tradicionais referentes ao \u00f4nus da prova nem estabeleceu qualquer privil\u00e9gio processual. O prop\u00f3sito central da resolu\u00e7\u00e3o \u00e9 conferir ao magistrado um olhar mais humanit\u00e1rio e complacente diante das dificuldades reais enfrentadas por trabalhadores que vivenciam situa\u00e7\u00f5es de desigualdade racial no ambiente laboral influenciando a forma como o conjunto probat\u00f3rio deve ser interpretado.<\/span><span data-ccp-props=\"{&quot;335551550&quot;:6,&quot;335551620&quot;:6}\">\u00a0<\/span><\/p><p><span data-contrast=\"auto\">A experi\u00eancia pr\u00e1tica demonstra que epis\u00f3dios de discrimina\u00e7\u00e3o racial frequentemente ocorrem de maneira velada sem testemunhas diretas e sem documentos que registrem comportamentos ofensivos ou pr\u00e1ticas excludentes. Exigir do trabalhador a comprova\u00e7\u00e3o plena e direta desses fatos, ignorando o contexto social e hist\u00f3rico que marca o racismo estrutural no Brasil, pode comprometer a realiza\u00e7\u00e3o da justi\u00e7a.\u00a0<\/span><span data-ccp-props=\"{&quot;335551550&quot;:6,&quot;335551620&quot;:6}\">\u00a0<\/span><\/p><p><span data-contrast=\"auto\">A diretriz do CNJ busca justamente impedir que o formalismo processual inviabilize o reconhecimento de situa\u00e7\u00f5es discriminat\u00f3rias reconhecendo que a v\u00edtima muitas vezes enfrenta obst\u00e1culos concretos para produzir prova robusta e documental.<\/span><span data-ccp-props=\"{&quot;335551550&quot;:6,&quot;335551620&quot;:6}\">\u00a0<\/span><\/p><p><span data-contrast=\"auto\">Nesse cen\u00e1rio o julgador \u00e9 estimulado a avaliar os elementos constantes dos autos com a devida sensibilidade considerando ind\u00edcios circunst\u00e2ncias do caso concreto coer\u00eancia das narrativas e a verossimilhan\u00e7a das alega\u00e7\u00f5es sempre \u00e0 luz das desigualdades que historicamente atingem a popula\u00e7\u00e3o negra.\u00a0<\/span><span data-ccp-props=\"{&quot;335551550&quot;:6,&quot;335551620&quot;:6}\">\u00a0<\/span><\/p><p><span data-contrast=\"auto\">Essa orienta\u00e7\u00e3o adquire especial relev\u00e2ncia no per\u00edodo em que se celebra a Consci\u00eancia Negra data institu\u00edda pela Lei n\u00ba 12.519\/2011 e elevada a feriado nacional pela Lei n\u00ba 14.759\/2023 que homenageia a resist\u00eancia negra e refor\u00e7a o enfrentamento a pr\u00e1ticas discriminat\u00f3rias ainda presentes no mercado de trabalho.<\/span><span data-ccp-props=\"{&quot;335551550&quot;:6,&quot;335551620&quot;:6}\">\u00a0<\/span><\/p><p><span data-contrast=\"auto\">A jurisprud\u00eancia<\/span><span data-contrast=\"auto\">1<\/span><span data-contrast=\"auto\">\u00a0recente tem incorporado essa compreens\u00e3o como demonstram decis\u00f5es de turmas do Tribunal Regional do Trabalho da 2\u00aa Regi\u00e3o que reconheceram condutas racistas em empresas e impuseram indeniza\u00e7\u00f5es relevantes fundamentando-se justamente na perspectiva racial recomendada pelo CNJ.\u00a0<\/span><span data-ccp-props=\"{&quot;335551550&quot;:6,&quot;335551620&quot;:6}\">\u00a0<\/span><\/p><p><span data-contrast=\"auto\">Tais julgados evidenciam que a responsabilidade das empresas extrapola o cumprimento formal da legisla\u00e7\u00e3o alcan\u00e7ando o dever de zelar pela salubridade do ambiente laboral e de coibir pr\u00e1ticas\u00a0discriminat\u00f3rias adotadas por empregados prepostos ou gestores cujos atos geram responsabilidade direta ao empregador.<\/span><span data-ccp-props=\"{&quot;335551550&quot;:6,&quot;335551620&quot;:6}\">\u00a0<\/span><\/p><p><span data-contrast=\"auto\">A Resolu\u00e7\u00e3o n\u00ba 598\/2024 n\u00e3o modifica a estrutura processual\u00a0tradicional\u00a0mas refor\u00e7a a necessidade de julgamentos sens\u00edveis e alinhados \u00e0 realidade social brasileira de modo a assegurar que situa\u00e7\u00f5es de discrimina\u00e7\u00e3o racial n\u00e3o sejam invisibilizadas por dificuldades probat\u00f3rias inerentes ao pr\u00f3prio fen\u00f4meno.\u00a0<\/span><span data-ccp-props=\"{&quot;335551550&quot;:6,&quot;335551620&quot;:6}\">\u00a0<\/span><\/p><p><span data-contrast=\"auto\">Trata-se de um avan\u00e7o institucional que busca decis\u00f5es mais justas equilibradas e coerentes com os valores constitucionais da dignidade humana e da igualdade material ao mesmo tempo em que imp\u00f5e \u00e0s empresas o dever de aprimorar suas pr\u00e1ticas de gest\u00e3o prevenindo condutas discriminat\u00f3rias e fortalecendo ambientes de trabalho \u00e9ticos e inclusivos.<\/span><\/p>\t\t\t\t\t\t\t\t<\/div>\n\t\t\t\t<\/div>\n\t\t\t\t<div class=\"elementor-element elementor-element-5b84150 elementor-widget-divider--view-line elementor-widget elementor-widget-divider\" data-id=\"5b84150\" data-element_type=\"widget\" data-e-type=\"widget\" data-widget_type=\"divider.default\">\n\t\t\t\t<div class=\"elementor-widget-container\">\n\t\t\t\t\t\t\t<div class=\"elementor-divider\">\n\t\t\t<span class=\"elementor-divider-separator\">\n\t\t\t\t\t\t<\/span>\n\t\t<\/div>\n\t\t\t\t\t\t<\/div>\n\t\t\t\t<\/div>\n\t\t\t\t\t<\/div>\n\t\t<\/div>\n\t\t\t\t\t<\/div>\n\t\t<\/section>\n\t\t\t\t<section class=\"elementor-section elementor-top-section elementor-element elementor-element-3b77f1b elementor-section-boxed elementor-section-height-default elementor-section-height-default wpr-particle-no wpr-jarallax-no wpr-parallax-no wpr-sticky-section-no wpr-equal-height-no\" data-id=\"3b77f1b\" data-element_type=\"section\" data-e-type=\"section\">\n\t\t\t\t\t\t<div class=\"elementor-container elementor-column-gap-default\">\n\t\t\t\t\t<div class=\"elementor-column elementor-col-33 elementor-top-column elementor-element elementor-element-a924059\" data-id=\"a924059\" data-element_type=\"column\" data-e-type=\"column\">\n\t\t\t<div class=\"elementor-widget-wrap elementor-element-populated\">\n\t\t\t\t\t\t<div class=\"elementor-element elementor-element-43246e7 elementor-widget elementor-widget-image\" data-id=\"43246e7\" data-element_type=\"widget\" data-e-type=\"widget\" data-widget_type=\"image.default\">\n\t\t\t\t<div class=\"elementor-widget-container\">\n\t\t\t\t\t\t\t\t\t\t\t\t\t\t\t<img fetchpriority=\"high\" decoding=\"async\" width=\"200\" height=\"300\" src=\"https:\/\/volponadvocacia.com.br\/wp-content\/uploads\/2025\/12\/Volpon-Advocacia-17-200x300.jpg\" class=\"attachment-medium size-medium wp-image-3211\" alt=\"\" srcset=\"https:\/\/volponadvocacia.com.br\/wp-content\/uploads\/2025\/12\/Volpon-Advocacia-17-200x300.jpg 200w, https:\/\/volponadvocacia.com.br\/wp-content\/uploads\/2025\/12\/Volpon-Advocacia-17-683x1024.jpg 683w, https:\/\/volponadvocacia.com.br\/wp-content\/uploads\/2025\/12\/Volpon-Advocacia-17-768x1152.jpg 768w, https:\/\/volponadvocacia.com.br\/wp-content\/uploads\/2025\/12\/Volpon-Advocacia-17-1024x1536.jpg 1024w, https:\/\/volponadvocacia.com.br\/wp-content\/uploads\/2025\/12\/Volpon-Advocacia-17-1366x2048.jpg 1366w, https:\/\/volponadvocacia.com.br\/wp-content\/uploads\/2025\/12\/Volpon-Advocacia-17-scaled.jpg 1707w\" sizes=\"(max-width: 200px) 100vw, 200px\" \/>\t\t\t\t\t\t\t\t\t\t\t\t\t\t\t<\/div>\n\t\t\t\t<\/div>\n\t\t\t\t\t<\/div>\n\t\t<\/div>\n\t\t\t\t<div class=\"elementor-column elementor-col-66 elementor-top-column elementor-element elementor-element-3abfbcc\" data-id=\"3abfbcc\" data-element_type=\"column\" data-e-type=\"column\">\n\t\t\t<div class=\"elementor-widget-wrap elementor-element-populated\">\n\t\t\t\t\t\t<div class=\"elementor-element elementor-element-b94edca elementor-widget elementor-widget-spacer\" data-id=\"b94edca\" data-element_type=\"widget\" data-e-type=\"widget\" data-widget_type=\"spacer.default\">\n\t\t\t\t<div class=\"elementor-widget-container\">\n\t\t\t\t\t\t\t<div class=\"elementor-spacer\">\n\t\t\t<div class=\"elementor-spacer-inner\"><\/div>\n\t\t<\/div>\n\t\t\t\t\t\t<\/div>\n\t\t\t\t<\/div>\n\t\t\t\t<div class=\"elementor-element elementor-element-a7d6363 elementor-widget elementor-widget-text-editor\" data-id=\"a7d6363\" data-element_type=\"widget\" data-e-type=\"widget\" data-widget_type=\"text-editor.default\">\n\t\t\t\t<div class=\"elementor-widget-container\">\n\t\t\t\t\t\t\t\t\t<p><span style=\"font-size: 14pt;\"><strong>Autor:<\/strong> Dr. Roberto Luiz Rodrigues S<\/span><br \/><span style=\"font-size: 14pt;\">S\u00f3cio Advogado<\/span><\/p><p><span style=\"font-size: 14pt;\"><strong>Data:<\/strong> Ribeir\u00e3o Preto, 08 de dezembro de 2025.<br \/><\/span><\/p>\t\t\t\t\t\t\t\t<\/div>\n\t\t\t\t<\/div>\n\t\t\t\t\t<\/div>\n\t\t<\/div>\n\t\t\t\t\t<\/div>\n\t\t<\/section>\n\t\t\t\t<section class=\"elementor-section elementor-top-section elementor-element elementor-element-41e162ce elementor-section-boxed elementor-section-height-default elementor-section-height-default wpr-particle-no wpr-jarallax-no wpr-parallax-no wpr-sticky-section-no wpr-equal-height-no elementor-invisible\" data-id=\"41e162ce\" data-element_type=\"section\" data-e-type=\"section\" data-settings=\"{&quot;animation&quot;:&quot;fadeIn&quot;}\">\n\t\t\t\t\t\t<div class=\"elementor-container elementor-column-gap-default\">\n\t\t\t\t\t<div class=\"elementor-column elementor-col-50 elementor-top-column elementor-element elementor-element-dcefffe\" data-id=\"dcefffe\" data-element_type=\"column\" data-e-type=\"column\">\n\t\t\t<div class=\"elementor-widget-wrap elementor-element-populated\">\n\t\t\t\t\t\t<div class=\"elementor-element elementor-element-6c954252 elementor-widget elementor-widget-heading\" data-id=\"6c954252\" data-element_type=\"widget\" data-e-type=\"widget\" data-widget_type=\"heading.default\">\n\t\t\t\t<div class=\"elementor-widget-container\">\n\t\t\t\t\t<h2 class=\"elementor-heading-title elementor-size-default\">ENTRE EM CONTATO<\/h2>\t\t\t\t<\/div>\n\t\t\t\t<\/div>\n\t\t\t\t<div class=\"elementor-element elementor-element-a0b8ad2 elementor-widget elementor-widget-text-editor\" data-id=\"a0b8ad2\" data-element_type=\"widget\" data-e-type=\"widget\" data-widget_type=\"text-editor.default\">\n\t\t\t\t<div class=\"elementor-widget-container\">\n\t\t\t\t\t\t\t\t\t<p>Vamos conversar, preencha o formul\u00e1rio ao lado que nossa equipe logo entrara em contato com voc\u00ea!<\/p>\t\t\t\t\t\t\t\t<\/div>\n\t\t\t\t<\/div>\n\t\t\t\t<div class=\"elementor-element elementor-element-710ddb4c elementor-widget elementor-widget-heading\" data-id=\"710ddb4c\" data-element_type=\"widget\" data-e-type=\"widget\" data-widget_type=\"heading.default\">\n\t\t\t\t<div class=\"elementor-widget-container\">\n\t\t\t\t\t<h2 class=\"elementor-heading-title elementor-size-default\">Volpon Advocacia - Ribeir\u00e3o Preto SP<\/h2>\t\t\t\t<\/div>\n\t\t\t\t<\/div>\n\t\t\t\t<div class=\"elementor-element elementor-element-b73c7fd elementor-icon-list--layout-traditional elementor-list-item-link-full_width elementor-widget elementor-widget-icon-list\" data-id=\"b73c7fd\" data-element_type=\"widget\" data-e-type=\"widget\" data-widget_type=\"icon-list.default\">\n\t\t\t\t<div class=\"elementor-widget-container\">\n\t\t\t\t\t\t\t<ul class=\"elementor-icon-list-items\">\n\t\t\t\t\t\t\t<li class=\"elementor-icon-list-item\">\n\t\t\t\t\t\t\t\t\t\t\t<span class=\"elementor-icon-list-icon\">\n\t\t\t\t\t\t\t<i aria-hidden=\"true\" class=\"fab fa-whatsapp\"><\/i>\t\t\t\t\t\t<\/span>\n\t\t\t\t\t\t\t\t\t\t<span class=\"elementor-icon-list-text\">(16) 99743-0410<\/span>\n\t\t\t\t\t\t\t\t\t<\/li>\n\t\t\t\t\t\t\t\t<li class=\"elementor-icon-list-item\">\n\t\t\t\t\t\t\t\t\t\t\t<span class=\"elementor-icon-list-icon\">\n\t\t\t\t\t\t\t<i aria-hidden=\"true\" class=\"fas fa-phone-alt\"><\/i>\t\t\t\t\t\t<\/span>\n\t\t\t\t\t\t\t\t\t\t<span class=\"elementor-icon-list-text\">(16) 3916-9494<\/span>\n\t\t\t\t\t\t\t\t\t<\/li>\n\t\t\t\t\t\t\t\t<li class=\"elementor-icon-list-item\">\n\t\t\t\t\t\t\t\t\t\t\t<span class=\"elementor-icon-list-icon\">\n\t\t\t\t\t\t\t<i aria-hidden=\"true\" class=\"fas fa-envelope\"><\/i>\t\t\t\t\t\t<\/span>\n\t\t\t\t\t\t\t\t\t\t<span class=\"elementor-icon-list-text\">admvolpon@volponadvocacia.com.br<\/span>\n\t\t\t\t\t\t\t\t\t<\/li>\n\t\t\t\t\t\t\t\t<li class=\"elementor-icon-list-item\">\n\t\t\t\t\t\t\t\t\t\t\t<span class=\"elementor-icon-list-icon\">\n\t\t\t\t\t\t\t<i aria-hidden=\"true\" class=\"fas fa-envelope\"><\/i>\t\t\t\t\t\t<\/span>\n\t\t\t\t\t\t\t\t\t\t<span class=\"elementor-icon-list-text\">financeirovolpon@volponadvocacia.com.br<\/span>\n\t\t\t\t\t\t\t\t\t<\/li>\n\t\t\t\t\t\t\t\t<li class=\"elementor-icon-list-item\">\n\t\t\t\t\t\t\t\t\t\t\t<span class=\"elementor-icon-list-icon\">\n\t\t\t\t\t\t\t<i aria-hidden=\"true\" class=\"fas fa-map-marker-alt\"><\/i>\t\t\t\t\t\t<\/span>\n\t\t\t\t\t\t\t\t\t\t<span class=\"elementor-icon-list-text\">Av. Senador Cesar Vergueiro, 480 - Ribeir\u00e3o Preto - SP<\/span>\n\t\t\t\t\t\t\t\t\t<\/li>\n\t\t\t\t\t\t<\/ul>\n\t\t\t\t\t\t<\/div>\n\t\t\t\t<\/div>\n\t\t\t\t\t<\/div>\n\t\t<\/div>\n\t\t\t\t<div class=\"elementor-column elementor-col-50 elementor-top-column elementor-element elementor-element-66fd523\" data-id=\"66fd523\" data-element_type=\"column\" data-e-type=\"column\" data-settings=\"{&quot;background_background&quot;:&quot;classic&quot;}\">\n\t\t\t<div class=\"elementor-widget-wrap elementor-element-populated\">\n\t\t\t\t\t\t<div class=\"elementor-element elementor-element-41f6b15 wpr-forms-submit-justify wpr-forms-align-left elementor-widget elementor-widget-wpr-forms\" data-id=\"41f6b15\" data-element_type=\"widget\" data-e-type=\"widget\" data-widget_type=\"wpr-forms.default\">\n\t\t\t\t<div class=\"elementor-widget-container\">\n\t\t\t\t\t<div class=\"wpr-forms-container wpr-custom-chk-radio\">\n<div class=\"wpcf7 no-js\" id=\"wpcf7-f5-o1\" lang=\"pt-BR\" dir=\"ltr\" data-wpcf7-id=\"5\">\n<div class=\"screen-reader-response\"><p role=\"status\" aria-live=\"polite\" aria-atomic=\"true\"><\/p> <ul><\/ul><\/div>\n<form action=\"\/index.php\/wp-json\/wp\/v2\/posts\/3208#wpcf7-f5-o1\" method=\"post\" class=\"wpcf7-form init\" aria-label=\"Formul\u00e1rios de contato\" novalidate=\"novalidate\" data-status=\"init\">\n<fieldset class=\"hidden-fields-container\"><input type=\"hidden\" name=\"_wpcf7\" value=\"5\" \/><input type=\"hidden\" name=\"_wpcf7_version\" value=\"6.1.5\" \/><input type=\"hidden\" name=\"_wpcf7_locale\" value=\"pt_BR\" \/><input type=\"hidden\" name=\"_wpcf7_unit_tag\" value=\"wpcf7-f5-o1\" \/><input type=\"hidden\" name=\"_wpcf7_container_post\" value=\"0\" \/><input type=\"hidden\" name=\"_wpcf7_posted_data_hash\" value=\"\" \/>\n<\/fieldset>\n<p><label> Seu nome<br \/>\n<span class=\"wpcf7-form-control-wrap\" data-name=\"your-name\"><input size=\"40\" maxlength=\"400\" class=\"wpcf7-form-control wpcf7-text wpcf7-validates-as-required\" autocomplete=\"name\" aria-required=\"true\" aria-invalid=\"false\" value=\"\" type=\"text\" name=\"your-name\" \/><\/span> <\/label>\n<\/p>\n<p><label> Seu e-mail<br \/>\n<span class=\"wpcf7-form-control-wrap\" data-name=\"your-email\"><input size=\"40\" maxlength=\"400\" class=\"wpcf7-form-control wpcf7-email wpcf7-validates-as-required wpcf7-text wpcf7-validates-as-email\" autocomplete=\"email\" aria-required=\"true\" aria-invalid=\"false\" value=\"\" type=\"email\" name=\"your-email\" \/><\/span> <\/label>\n<\/p>\n<p><label> Assunto<br \/>\n<span class=\"wpcf7-form-control-wrap\" data-name=\"your-subject\"><input size=\"40\" maxlength=\"400\" class=\"wpcf7-form-control wpcf7-text wpcf7-validates-as-required\" aria-required=\"true\" aria-invalid=\"false\" value=\"\" type=\"text\" name=\"your-subject\" \/><\/span> <\/label>\n<\/p>\n<p><label> Sua mensagem (opcional)<br \/>\n<span class=\"wpcf7-form-control-wrap\" data-name=\"your-message\"><textarea cols=\"40\" rows=\"10\" maxlength=\"2000\" class=\"wpcf7-form-control wpcf7-textarea\" aria-invalid=\"false\" name=\"your-message\"><\/textarea><\/span> <\/label>\n<\/p>\n<p><input class=\"wpcf7-form-control wpcf7-submit has-spinner\" type=\"submit\" value=\"Enviar\" \/>\n<\/p><div class=\"wpcf7-response-output\" aria-hidden=\"true\"><\/div>\n<\/form>\n<\/div>\n<\/div>\t\t\t\t<\/div>\n\t\t\t\t<\/div>\n\t\t\t\t\t<\/div>\n\t\t<\/div>\n\t\t\t\t\t<\/div>\n\t\t<\/section>\n\t\t\t\t<section class=\"elementor-section elementor-top-section elementor-element elementor-element-51d29329 elementor-section-full_width elementor-section-height-default elementor-section-height-default wpr-particle-no wpr-jarallax-no wpr-parallax-no wpr-sticky-section-no wpr-equal-height-no\" data-id=\"51d29329\" data-element_type=\"section\" data-e-type=\"section\">\n\t\t\t\t\t\t<div class=\"elementor-container elementor-column-gap-no\">\n\t\t\t\t\t<div class=\"elementor-column elementor-col-100 elementor-top-column elementor-element elementor-element-ff2ffb5\" data-id=\"ff2ffb5\" data-element_type=\"column\" data-e-type=\"column\">\n\t\t\t<div class=\"elementor-widget-wrap\">\n\t\t\t\t\t\t\t<\/div>\n\t\t<\/div>\n\t\t\t\t\t<\/div>\n\t\t<\/section>\n\t\t\t\t<\/div>\n\t\t","protected":false},"excerpt":{"rendered":"<p>Entenda a Consigna\u00e7\u00e3o em Pagamento Extrajudicial segundo o Novo C\u00f3digo de Processo Civil &nbsp; Em nosso escrit\u00f3rio de advocacia, entendemos a import\u00e2ncia da consigna\u00e7\u00e3o em pagamento extrajudicial conforme o novo C\u00f3digo de Processo Civil. Esse procedimento especial, embora mantenha algumas similaridades com o procedimento comum, apresenta diferen\u00e7as significativas que devem ser compreendidas. A consigna\u00e7\u00e3o em pagamento extrajudicial \u00e9 uma op\u00e7\u00e3o para o devedor ou um terceiro depositarem a quantia devida em um estabelecimento banc\u00e1rio oficial ou privado, quando n\u00e3o h\u00e1 um estabelecimento oficial dispon\u00edvel na cidade. Esse procedimento pode ser utilizado para o pagamento de quantias em dinheiro, inclusive alugu\u00e9is e seus encargos. A comunica\u00e7\u00e3o do dep\u00f3sito ao credor \u00e9 realizada por meio de carta com aviso de recebimento, concedendo-lhe um prazo de 10 dias para manifestar sua recusa por escrito. O dep\u00f3sito deve ser feito no banco localizado no lugar do pagamento, e a comunica\u00e7\u00e3o e a recusa devem ser dirigidas ao pr\u00f3prio banco. Ap\u00f3s o prazo de manifesta\u00e7\u00e3o de recusa, se o credor n\u00e3o se opuser ao pagamento, o devedor fica liberado da obriga\u00e7\u00e3o, e o comprovante de dep\u00f3sito serve como prova de quita\u00e7\u00e3o. O valor depositado fica \u00e0 disposi\u00e7\u00e3o do credor, que pode retir\u00e1-lo a qualquer momento. Caso o credor recuse o pagamento, o devedor tem um prazo de 1 m\u00eas para ingressar com a a\u00e7\u00e3o de consigna\u00e7\u00e3o judicial. \u00c9 importante ressaltar que esse prazo n\u00e3o \u00e9 decadencial ou prescricional, mas sim uma forma de preservar a efic\u00e1cia do dep\u00f3sito extrajudicial. Se a a\u00e7\u00e3o for proposta dentro do prazo, o devedor fica livre do valor depositado. Caso contr\u00e1rio, o valor poder\u00e1 ser levantado pelo devedor, e ele dever\u00e1 entrar com a a\u00e7\u00e3o de consigna\u00e7\u00e3o judicial. \u00c9 fundamental ingressar com a a\u00e7\u00e3o dentro do prazo estipulado, pois ap\u00f3s o vencimento desse prazo, o credor entrar\u00e1 em mora por n\u00e3o ter aceitado o pagamento. Nesse caso, os juros incidir\u00e3o apenas conforme as taxas banc\u00e1rias, e n\u00e3o conforme o contrato original. Se o devedor n\u00e3o ajuizar a a\u00e7\u00e3o dentro do prazo, ele pr\u00f3prio estar\u00e1 em mora, e os juros do contrato ser\u00e3o contados a partir da consigna\u00e7\u00e3o. Em nosso escrit\u00f3rio, estamos prontos para ajudar voc\u00ea a entender e conduzir corretamente o processo de consigna\u00e7\u00e3o em pagamento extrajudicial, proporcionando solu\u00e7\u00f5es eficientes para seus casos. Entre em contato conosco para mais informa\u00e7\u00f5es e orienta\u00e7\u00f5es sobre essa importante quest\u00e3o jur\u00eddica. Fonte do artigo: A consigna\u00e7\u00e3o em pagamento extrajudicial de acordo com o novo C\u00f3digo de Processo Civil &#8211; Jus.com.br | Jus Navigandi A resolu\u00e7\u00e3o 598\/2024 do cnj e o julgamento com perspectiva racial: um olhar mais humano no direito do trabalho A Resolu\u00e7\u00e3o n\u00ba 598\/2024 do Conselho Nacional de Justi\u00e7a introduziu relevante orienta\u00e7\u00e3o aos tribunais ao determinar que os julgamentos passem a considerar a perspectiva racial especialmente nas demandas trabalhistas que envolvem alega\u00e7\u00f5es de discrimina\u00e7\u00e3o.\u00a0\u00a0 Diferentemente do que alguns int\u00e9rpretes inicialmente sugeriram, o CNJ n\u00e3o alterou as regras tradicionais referentes ao \u00f4nus da prova nem estabeleceu qualquer privil\u00e9gio processual. O prop\u00f3sito central da resolu\u00e7\u00e3o \u00e9 conferir ao magistrado um olhar mais humanit\u00e1rio e complacente diante das dificuldades reais enfrentadas por trabalhadores que vivenciam situa\u00e7\u00f5es de desigualdade racial no ambiente laboral influenciando a forma como o conjunto probat\u00f3rio deve ser interpretado.\u00a0 A experi\u00eancia pr\u00e1tica demonstra que epis\u00f3dios de discrimina\u00e7\u00e3o racial frequentemente ocorrem de maneira velada sem testemunhas diretas e sem documentos que registrem comportamentos ofensivos ou pr\u00e1ticas excludentes. Exigir do trabalhador a comprova\u00e7\u00e3o plena e direta desses fatos, ignorando o contexto social e hist\u00f3rico que marca o racismo estrutural no Brasil, pode comprometer a realiza\u00e7\u00e3o da justi\u00e7a.\u00a0\u00a0 A diretriz do CNJ busca justamente impedir que o formalismo processual inviabilize o reconhecimento de situa\u00e7\u00f5es discriminat\u00f3rias reconhecendo que a v\u00edtima muitas vezes enfrenta obst\u00e1culos concretos para produzir prova robusta e documental.\u00a0 Nesse cen\u00e1rio o julgador \u00e9 estimulado a avaliar os elementos constantes dos autos com a devida sensibilidade considerando ind\u00edcios circunst\u00e2ncias do caso concreto coer\u00eancia das narrativas e a verossimilhan\u00e7a das alega\u00e7\u00f5es sempre \u00e0 luz das desigualdades que historicamente atingem a popula\u00e7\u00e3o negra.\u00a0\u00a0 Essa orienta\u00e7\u00e3o adquire especial relev\u00e2ncia no per\u00edodo em que se celebra a Consci\u00eancia Negra data institu\u00edda pela Lei n\u00ba 12.519\/2011 e elevada a feriado nacional pela Lei n\u00ba 14.759\/2023 que homenageia a resist\u00eancia negra e refor\u00e7a o enfrentamento a pr\u00e1ticas discriminat\u00f3rias ainda presentes no mercado de trabalho.\u00a0 A jurisprud\u00eancia1\u00a0recente tem incorporado essa compreens\u00e3o como demonstram decis\u00f5es de turmas do Tribunal Regional do Trabalho da 2\u00aa Regi\u00e3o que reconheceram condutas racistas em empresas e impuseram indeniza\u00e7\u00f5es relevantes fundamentando-se justamente na perspectiva racial recomendada pelo CNJ.\u00a0\u00a0 Tais julgados evidenciam que a responsabilidade das empresas extrapola o cumprimento formal da legisla\u00e7\u00e3o alcan\u00e7ando o dever de zelar pela salubridade do ambiente laboral e de coibir pr\u00e1ticas\u00a0discriminat\u00f3rias adotadas por empregados prepostos ou gestores cujos atos geram responsabilidade direta ao empregador.\u00a0 A Resolu\u00e7\u00e3o n\u00ba 598\/2024 n\u00e3o modifica a estrutura processual\u00a0tradicional\u00a0mas refor\u00e7a a necessidade de julgamentos sens\u00edveis e alinhados \u00e0 realidade social brasileira de modo a assegurar que situa\u00e7\u00f5es de discrimina\u00e7\u00e3o racial n\u00e3o sejam invisibilizadas por dificuldades probat\u00f3rias inerentes ao pr\u00f3prio fen\u00f4meno.\u00a0\u00a0 Trata-se de um avan\u00e7o institucional que busca decis\u00f5es mais justas equilibradas e coerentes com os valores constitucionais da dignidade humana e da igualdade material ao mesmo tempo em que imp\u00f5e \u00e0s empresas o dever de aprimorar suas pr\u00e1ticas de gest\u00e3o prevenindo condutas discriminat\u00f3rias e fortalecendo ambientes de trabalho \u00e9ticos e inclusivos. Autor: Dr. Roberto Luiz Rodrigues SS\u00f3cio Advogado Data: Ribeir\u00e3o Preto, 08 de dezembro de 2025. ENTRE EM CONTATO Vamos conversar, preencha o formul\u00e1rio ao lado que nossa equipe logo entrara em contato com voc\u00ea! Volpon Advocacia &#8211; Ribeir\u00e3o Preto SP (16) 99743-0410 (16) 3916-9494 admvolpon@volponadvocacia.com.br financeirovolpon@volponadvocacia.com.br Av. Senador Cesar Vergueiro, 480 &#8211; Ribeir\u00e3o Preto &#8211; SP Seu nome Seu e-mail Assunto Sua mensagem (opcional)<\/p>\n","protected":false},"author":1,"featured_media":0,"comment_status":"closed","ping_status":"open","sticky":false,"template":"elementor_canvas","format":"standard","meta":{"footnotes":""},"categories":[14],"tags":[],"class_list":["post-3208","post","type-post","status-publish","format-standard","hentry","category-artigo"],"yoast_head":"<!-- This site is optimized with the Yoast SEO plugin v27.4 - https:\/\/yoast.com\/product\/yoast-seo-wordpress\/ -->\n<title>A resolu\u00e7\u00e3o 598\/2024 do cnj e o julgamento com perspectiva racial: um olhar mais humano no direito do trabalho - Volpon Advocacia<\/title>\n<meta name=\"description\" content=\"A Resolu\u00e7\u00e3o n\u00ba 598\/2024 do Conselho Nacional de Justi\u00e7a introduziu relevante orienta\u00e7\u00e3o aos tribunais ao determinar que os julgamentos...\" \/>\n<meta name=\"robots\" content=\"index, follow, max-snippet:-1, max-image-preview:large, max-video-preview:-1\" \/>\n<link rel=\"canonical\" href=\"https:\/\/volponadvocacia.com.br\/index.php\/2025\/12\/08\/a-resolucao-598-2024-do-cnj-e-o-julgamento-com-perspectiva-racial\/\" \/>\n<meta property=\"og:locale\" content=\"pt_BR\" \/>\n<meta property=\"og:type\" content=\"article\" \/>\n<meta property=\"og:title\" content=\"A resolu\u00e7\u00e3o 598\/2024 do cnj e o julgamento com perspectiva racial: um olhar mais humano no direito do trabalho - Volpon Advocacia\" \/>\n<meta property=\"og:description\" content=\"A Resolu\u00e7\u00e3o n\u00ba 598\/2024 do Conselho Nacional de Justi\u00e7a introduziu relevante orienta\u00e7\u00e3o aos tribunais ao determinar que os julgamentos...\" \/>\n<meta property=\"og:url\" content=\"https:\/\/volponadvocacia.com.br\/index.php\/2025\/12\/08\/a-resolucao-598-2024-do-cnj-e-o-julgamento-com-perspectiva-racial\/\" \/>\n<meta property=\"og:site_name\" content=\"Volpon Advocacia\" \/>\n<meta property=\"article:published_time\" content=\"2025-12-08T17:26:20+00:00\" \/>\n<meta property=\"article:modified_time\" content=\"2025-12-08T17:43:58+00:00\" \/>\n<meta property=\"og:image\" content=\"https:\/\/volponadvocacia.com.br\/wp-content\/uploads\/2025\/12\/Volpon-Advocacia-17-scaled.jpg\" \/>\n\t<meta property=\"og:image:width\" content=\"1707\" \/>\n\t<meta property=\"og:image:height\" content=\"2560\" \/>\n\t<meta property=\"og:image:type\" content=\"image\/jpeg\" \/>\n<meta name=\"author\" content=\"davanso\" \/>\n<meta name=\"twitter:card\" content=\"summary_large_image\" \/>\n<meta name=\"twitter:label1\" content=\"Escrito por\" \/>\n\t<meta name=\"twitter:data1\" content=\"davanso\" \/>\n\t<meta name=\"twitter:label2\" content=\"Est. tempo de leitura\" \/>\n\t<meta name=\"twitter:data2\" content=\"6 minutos\" \/>\n<script type=\"application\/ld+json\" class=\"yoast-schema-graph\">{\"@context\":\"https:\\\/\\\/schema.org\",\"@graph\":[{\"@type\":\"Article\",\"@id\":\"https:\\\/\\\/volponadvocacia.com.br\\\/index.php\\\/2025\\\/12\\\/08\\\/a-resolucao-598-2024-do-cnj-e-o-julgamento-com-perspectiva-racial\\\/#article\",\"isPartOf\":{\"@id\":\"https:\\\/\\\/volponadvocacia.com.br\\\/index.php\\\/2025\\\/12\\\/08\\\/a-resolucao-598-2024-do-cnj-e-o-julgamento-com-perspectiva-racial\\\/\"},\"author\":{\"name\":\"davanso\",\"@id\":\"https:\\\/\\\/volponadvocacia.com.br\\\/#\\\/schema\\\/person\\\/ff6f7fc0557a569f592e00afb4ca3fe6\"},\"headline\":\"A resolu\u00e7\u00e3o 598\\\/2024 do cnj e o julgamento com perspectiva racial: um olhar mais humano no direito do trabalho\",\"datePublished\":\"2025-12-08T17:26:20+00:00\",\"dateModified\":\"2025-12-08T17:43:58+00:00\",\"mainEntityOfPage\":{\"@id\":\"https:\\\/\\\/volponadvocacia.com.br\\\/index.php\\\/2025\\\/12\\\/08\\\/a-resolucao-598-2024-do-cnj-e-o-julgamento-com-perspectiva-racial\\\/\"},\"wordCount\":1073,\"publisher\":{\"@id\":\"https:\\\/\\\/volponadvocacia.com.br\\\/#organization\"},\"image\":{\"@id\":\"https:\\\/\\\/volponadvocacia.com.br\\\/index.php\\\/2025\\\/12\\\/08\\\/a-resolucao-598-2024-do-cnj-e-o-julgamento-com-perspectiva-racial\\\/#primaryimage\"},\"thumbnailUrl\":\"https:\\\/\\\/volponadvocacia.com.br\\\/wp-content\\\/uploads\\\/2025\\\/12\\\/Volpon-Advocacia-17-200x300.jpg\",\"articleSection\":[\"Artigo\"],\"inLanguage\":\"pt-BR\"},{\"@type\":\"WebPage\",\"@id\":\"https:\\\/\\\/volponadvocacia.com.br\\\/index.php\\\/2025\\\/12\\\/08\\\/a-resolucao-598-2024-do-cnj-e-o-julgamento-com-perspectiva-racial\\\/\",\"url\":\"https:\\\/\\\/volponadvocacia.com.br\\\/index.php\\\/2025\\\/12\\\/08\\\/a-resolucao-598-2024-do-cnj-e-o-julgamento-com-perspectiva-racial\\\/\",\"name\":\"A resolu\u00e7\u00e3o 598\\\/2024 do cnj e o julgamento com perspectiva racial: um olhar mais humano no direito do trabalho - Volpon Advocacia\",\"isPartOf\":{\"@id\":\"https:\\\/\\\/volponadvocacia.com.br\\\/#website\"},\"primaryImageOfPage\":{\"@id\":\"https:\\\/\\\/volponadvocacia.com.br\\\/index.php\\\/2025\\\/12\\\/08\\\/a-resolucao-598-2024-do-cnj-e-o-julgamento-com-perspectiva-racial\\\/#primaryimage\"},\"image\":{\"@id\":\"https:\\\/\\\/volponadvocacia.com.br\\\/index.php\\\/2025\\\/12\\\/08\\\/a-resolucao-598-2024-do-cnj-e-o-julgamento-com-perspectiva-racial\\\/#primaryimage\"},\"thumbnailUrl\":\"https:\\\/\\\/volponadvocacia.com.br\\\/wp-content\\\/uploads\\\/2025\\\/12\\\/Volpon-Advocacia-17-200x300.jpg\",\"datePublished\":\"2025-12-08T17:26:20+00:00\",\"dateModified\":\"2025-12-08T17:43:58+00:00\",\"description\":\"A Resolu\u00e7\u00e3o n\u00ba 598\\\/2024 do Conselho Nacional de Justi\u00e7a introduziu relevante orienta\u00e7\u00e3o aos tribunais ao determinar que os julgamentos...\",\"breadcrumb\":{\"@id\":\"https:\\\/\\\/volponadvocacia.com.br\\\/index.php\\\/2025\\\/12\\\/08\\\/a-resolucao-598-2024-do-cnj-e-o-julgamento-com-perspectiva-racial\\\/#breadcrumb\"},\"inLanguage\":\"pt-BR\",\"potentialAction\":[{\"@type\":\"ReadAction\",\"target\":[\"https:\\\/\\\/volponadvocacia.com.br\\\/index.php\\\/2025\\\/12\\\/08\\\/a-resolucao-598-2024-do-cnj-e-o-julgamento-com-perspectiva-racial\\\/\"]}]},{\"@type\":\"ImageObject\",\"inLanguage\":\"pt-BR\",\"@id\":\"https:\\\/\\\/volponadvocacia.com.br\\\/index.php\\\/2025\\\/12\\\/08\\\/a-resolucao-598-2024-do-cnj-e-o-julgamento-com-perspectiva-racial\\\/#primaryimage\",\"url\":\"https:\\\/\\\/volponadvocacia.com.br\\\/wp-content\\\/uploads\\\/2025\\\/12\\\/Volpon-Advocacia-17-scaled.jpg\",\"contentUrl\":\"https:\\\/\\\/volponadvocacia.com.br\\\/wp-content\\\/uploads\\\/2025\\\/12\\\/Volpon-Advocacia-17-scaled.jpg\",\"width\":1707,\"height\":2560},{\"@type\":\"BreadcrumbList\",\"@id\":\"https:\\\/\\\/volponadvocacia.com.br\\\/index.php\\\/2025\\\/12\\\/08\\\/a-resolucao-598-2024-do-cnj-e-o-julgamento-com-perspectiva-racial\\\/#breadcrumb\",\"itemListElement\":[{\"@type\":\"ListItem\",\"position\":1,\"name\":\"In\u00edcio\",\"item\":\"https:\\\/\\\/volponadvocacia.com.br\\\/\"},{\"@type\":\"ListItem\",\"position\":2,\"name\":\"A resolu\u00e7\u00e3o 598\\\/2024 do cnj e o julgamento com perspectiva racial: um olhar mais humano no direito do trabalho\"}]},{\"@type\":\"WebSite\",\"@id\":\"https:\\\/\\\/volponadvocacia.com.br\\\/#website\",\"url\":\"https:\\\/\\\/volponadvocacia.com.br\\\/\",\"name\":\"Volpon Advocacia\",\"description\":\"\",\"publisher\":{\"@id\":\"https:\\\/\\\/volponadvocacia.com.br\\\/#organization\"},\"potentialAction\":[{\"@type\":\"SearchAction\",\"target\":{\"@type\":\"EntryPoint\",\"urlTemplate\":\"https:\\\/\\\/volponadvocacia.com.br\\\/?s={search_term_string}\"},\"query-input\":{\"@type\":\"PropertyValueSpecification\",\"valueRequired\":true,\"valueName\":\"search_term_string\"}}],\"inLanguage\":\"pt-BR\"},{\"@type\":\"Organization\",\"@id\":\"https:\\\/\\\/volponadvocacia.com.br\\\/#organization\",\"name\":\"Volpon Advocacia\",\"url\":\"https:\\\/\\\/volponadvocacia.com.br\\\/\",\"logo\":{\"@type\":\"ImageObject\",\"inLanguage\":\"pt-BR\",\"@id\":\"https:\\\/\\\/volponadvocacia.com.br\\\/#\\\/schema\\\/logo\\\/image\\\/\",\"url\":\"https:\\\/\\\/volponadvocacia.com.br\\\/wp-content\\\/uploads\\\/2023\\\/03\\\/cropped-Logo-basica.png\",\"contentUrl\":\"https:\\\/\\\/volponadvocacia.com.br\\\/wp-content\\\/uploads\\\/2023\\\/03\\\/cropped-Logo-basica.png\",\"width\":1080,\"height\":1080,\"caption\":\"Volpon Advocacia\"},\"image\":{\"@id\":\"https:\\\/\\\/volponadvocacia.com.br\\\/#\\\/schema\\\/logo\\\/image\\\/\"}},{\"@type\":\"Person\",\"@id\":\"https:\\\/\\\/volponadvocacia.com.br\\\/#\\\/schema\\\/person\\\/ff6f7fc0557a569f592e00afb4ca3fe6\",\"name\":\"davanso\",\"image\":{\"@type\":\"ImageObject\",\"inLanguage\":\"pt-BR\",\"@id\":\"https:\\\/\\\/secure.gravatar.com\\\/avatar\\\/9b983ab1d786202648f6aaeac75b1be55cc1096d9a247aa182ef688bbfe03993?s=96&d=mm&r=g\",\"url\":\"https:\\\/\\\/secure.gravatar.com\\\/avatar\\\/9b983ab1d786202648f6aaeac75b1be55cc1096d9a247aa182ef688bbfe03993?s=96&d=mm&r=g\",\"contentUrl\":\"https:\\\/\\\/secure.gravatar.com\\\/avatar\\\/9b983ab1d786202648f6aaeac75b1be55cc1096d9a247aa182ef688bbfe03993?s=96&d=mm&r=g\",\"caption\":\"davanso\"},\"sameAs\":[\"https:\\\/\\\/volponadvocacia.com.br\"],\"url\":\"https:\\\/\\\/volponadvocacia.com.br\\\/index.php\\\/author\\\/davanso\\\/\"}]}<\/script>\n<!-- \/ Yoast SEO plugin. -->","yoast_head_json":{"title":"A resolu\u00e7\u00e3o 598\/2024 do cnj e o julgamento com perspectiva racial: um olhar mais humano no direito do trabalho - Volpon Advocacia","description":"A Resolu\u00e7\u00e3o n\u00ba 598\/2024 do Conselho Nacional de Justi\u00e7a introduziu relevante orienta\u00e7\u00e3o aos tribunais ao determinar que os julgamentos...","robots":{"index":"index","follow":"follow","max-snippet":"max-snippet:-1","max-image-preview":"max-image-preview:large","max-video-preview":"max-video-preview:-1"},"canonical":"https:\/\/volponadvocacia.com.br\/index.php\/2025\/12\/08\/a-resolucao-598-2024-do-cnj-e-o-julgamento-com-perspectiva-racial\/","og_locale":"pt_BR","og_type":"article","og_title":"A resolu\u00e7\u00e3o 598\/2024 do cnj e o julgamento com perspectiva racial: um olhar mais humano no direito do trabalho - Volpon Advocacia","og_description":"A Resolu\u00e7\u00e3o n\u00ba 598\/2024 do Conselho Nacional de Justi\u00e7a introduziu relevante orienta\u00e7\u00e3o aos tribunais ao determinar que os julgamentos...","og_url":"https:\/\/volponadvocacia.com.br\/index.php\/2025\/12\/08\/a-resolucao-598-2024-do-cnj-e-o-julgamento-com-perspectiva-racial\/","og_site_name":"Volpon Advocacia","article_published_time":"2025-12-08T17:26:20+00:00","article_modified_time":"2025-12-08T17:43:58+00:00","og_image":[{"width":1707,"height":2560,"url":"https:\/\/volponadvocacia.com.br\/wp-content\/uploads\/2025\/12\/Volpon-Advocacia-17-scaled.jpg","type":"image\/jpeg"}],"author":"davanso","twitter_card":"summary_large_image","twitter_misc":{"Escrito por":"davanso","Est. tempo de leitura":"6 minutos"},"schema":{"@context":"https:\/\/schema.org","@graph":[{"@type":"Article","@id":"https:\/\/volponadvocacia.com.br\/index.php\/2025\/12\/08\/a-resolucao-598-2024-do-cnj-e-o-julgamento-com-perspectiva-racial\/#article","isPartOf":{"@id":"https:\/\/volponadvocacia.com.br\/index.php\/2025\/12\/08\/a-resolucao-598-2024-do-cnj-e-o-julgamento-com-perspectiva-racial\/"},"author":{"name":"davanso","@id":"https:\/\/volponadvocacia.com.br\/#\/schema\/person\/ff6f7fc0557a569f592e00afb4ca3fe6"},"headline":"A resolu\u00e7\u00e3o 598\/2024 do cnj e o julgamento com perspectiva racial: um olhar mais humano no direito do trabalho","datePublished":"2025-12-08T17:26:20+00:00","dateModified":"2025-12-08T17:43:58+00:00","mainEntityOfPage":{"@id":"https:\/\/volponadvocacia.com.br\/index.php\/2025\/12\/08\/a-resolucao-598-2024-do-cnj-e-o-julgamento-com-perspectiva-racial\/"},"wordCount":1073,"publisher":{"@id":"https:\/\/volponadvocacia.com.br\/#organization"},"image":{"@id":"https:\/\/volponadvocacia.com.br\/index.php\/2025\/12\/08\/a-resolucao-598-2024-do-cnj-e-o-julgamento-com-perspectiva-racial\/#primaryimage"},"thumbnailUrl":"https:\/\/volponadvocacia.com.br\/wp-content\/uploads\/2025\/12\/Volpon-Advocacia-17-200x300.jpg","articleSection":["Artigo"],"inLanguage":"pt-BR"},{"@type":"WebPage","@id":"https:\/\/volponadvocacia.com.br\/index.php\/2025\/12\/08\/a-resolucao-598-2024-do-cnj-e-o-julgamento-com-perspectiva-racial\/","url":"https:\/\/volponadvocacia.com.br\/index.php\/2025\/12\/08\/a-resolucao-598-2024-do-cnj-e-o-julgamento-com-perspectiva-racial\/","name":"A resolu\u00e7\u00e3o 598\/2024 do cnj e o julgamento com perspectiva racial: um olhar mais humano no direito do trabalho - Volpon Advocacia","isPartOf":{"@id":"https:\/\/volponadvocacia.com.br\/#website"},"primaryImageOfPage":{"@id":"https:\/\/volponadvocacia.com.br\/index.php\/2025\/12\/08\/a-resolucao-598-2024-do-cnj-e-o-julgamento-com-perspectiva-racial\/#primaryimage"},"image":{"@id":"https:\/\/volponadvocacia.com.br\/index.php\/2025\/12\/08\/a-resolucao-598-2024-do-cnj-e-o-julgamento-com-perspectiva-racial\/#primaryimage"},"thumbnailUrl":"https:\/\/volponadvocacia.com.br\/wp-content\/uploads\/2025\/12\/Volpon-Advocacia-17-200x300.jpg","datePublished":"2025-12-08T17:26:20+00:00","dateModified":"2025-12-08T17:43:58+00:00","description":"A Resolu\u00e7\u00e3o n\u00ba 598\/2024 do Conselho Nacional de Justi\u00e7a introduziu relevante orienta\u00e7\u00e3o aos tribunais ao determinar que os julgamentos...","breadcrumb":{"@id":"https:\/\/volponadvocacia.com.br\/index.php\/2025\/12\/08\/a-resolucao-598-2024-do-cnj-e-o-julgamento-com-perspectiva-racial\/#breadcrumb"},"inLanguage":"pt-BR","potentialAction":[{"@type":"ReadAction","target":["https:\/\/volponadvocacia.com.br\/index.php\/2025\/12\/08\/a-resolucao-598-2024-do-cnj-e-o-julgamento-com-perspectiva-racial\/"]}]},{"@type":"ImageObject","inLanguage":"pt-BR","@id":"https:\/\/volponadvocacia.com.br\/index.php\/2025\/12\/08\/a-resolucao-598-2024-do-cnj-e-o-julgamento-com-perspectiva-racial\/#primaryimage","url":"https:\/\/volponadvocacia.com.br\/wp-content\/uploads\/2025\/12\/Volpon-Advocacia-17-scaled.jpg","contentUrl":"https:\/\/volponadvocacia.com.br\/wp-content\/uploads\/2025\/12\/Volpon-Advocacia-17-scaled.jpg","width":1707,"height":2560},{"@type":"BreadcrumbList","@id":"https:\/\/volponadvocacia.com.br\/index.php\/2025\/12\/08\/a-resolucao-598-2024-do-cnj-e-o-julgamento-com-perspectiva-racial\/#breadcrumb","itemListElement":[{"@type":"ListItem","position":1,"name":"In\u00edcio","item":"https:\/\/volponadvocacia.com.br\/"},{"@type":"ListItem","position":2,"name":"A resolu\u00e7\u00e3o 598\/2024 do cnj e o julgamento com perspectiva racial: um olhar mais humano no direito do trabalho"}]},{"@type":"WebSite","@id":"https:\/\/volponadvocacia.com.br\/#website","url":"https:\/\/volponadvocacia.com.br\/","name":"Volpon Advocacia","description":"","publisher":{"@id":"https:\/\/volponadvocacia.com.br\/#organization"},"potentialAction":[{"@type":"SearchAction","target":{"@type":"EntryPoint","urlTemplate":"https:\/\/volponadvocacia.com.br\/?s={search_term_string}"},"query-input":{"@type":"PropertyValueSpecification","valueRequired":true,"valueName":"search_term_string"}}],"inLanguage":"pt-BR"},{"@type":"Organization","@id":"https:\/\/volponadvocacia.com.br\/#organization","name":"Volpon Advocacia","url":"https:\/\/volponadvocacia.com.br\/","logo":{"@type":"ImageObject","inLanguage":"pt-BR","@id":"https:\/\/volponadvocacia.com.br\/#\/schema\/logo\/image\/","url":"https:\/\/volponadvocacia.com.br\/wp-content\/uploads\/2023\/03\/cropped-Logo-basica.png","contentUrl":"https:\/\/volponadvocacia.com.br\/wp-content\/uploads\/2023\/03\/cropped-Logo-basica.png","width":1080,"height":1080,"caption":"Volpon Advocacia"},"image":{"@id":"https:\/\/volponadvocacia.com.br\/#\/schema\/logo\/image\/"}},{"@type":"Person","@id":"https:\/\/volponadvocacia.com.br\/#\/schema\/person\/ff6f7fc0557a569f592e00afb4ca3fe6","name":"davanso","image":{"@type":"ImageObject","inLanguage":"pt-BR","@id":"https:\/\/secure.gravatar.com\/avatar\/9b983ab1d786202648f6aaeac75b1be55cc1096d9a247aa182ef688bbfe03993?s=96&d=mm&r=g","url":"https:\/\/secure.gravatar.com\/avatar\/9b983ab1d786202648f6aaeac75b1be55cc1096d9a247aa182ef688bbfe03993?s=96&d=mm&r=g","contentUrl":"https:\/\/secure.gravatar.com\/avatar\/9b983ab1d786202648f6aaeac75b1be55cc1096d9a247aa182ef688bbfe03993?s=96&d=mm&r=g","caption":"davanso"},"sameAs":["https:\/\/volponadvocacia.com.br"],"url":"https:\/\/volponadvocacia.com.br\/index.php\/author\/davanso\/"}]}},"_links":{"self":[{"href":"https:\/\/volponadvocacia.com.br\/index.php\/wp-json\/wp\/v2\/posts\/3208","targetHints":{"allow":["GET"]}}],"collection":[{"href":"https:\/\/volponadvocacia.com.br\/index.php\/wp-json\/wp\/v2\/posts"}],"about":[{"href":"https:\/\/volponadvocacia.com.br\/index.php\/wp-json\/wp\/v2\/types\/post"}],"author":[{"embeddable":true,"href":"https:\/\/volponadvocacia.com.br\/index.php\/wp-json\/wp\/v2\/users\/1"}],"replies":[{"embeddable":true,"href":"https:\/\/volponadvocacia.com.br\/index.php\/wp-json\/wp\/v2\/comments?post=3208"}],"version-history":[{"count":4,"href":"https:\/\/volponadvocacia.com.br\/index.php\/wp-json\/wp\/v2\/posts\/3208\/revisions"}],"predecessor-version":[{"id":3214,"href":"https:\/\/volponadvocacia.com.br\/index.php\/wp-json\/wp\/v2\/posts\/3208\/revisions\/3214"}],"wp:attachment":[{"href":"https:\/\/volponadvocacia.com.br\/index.php\/wp-json\/wp\/v2\/media?parent=3208"}],"wp:term":[{"taxonomy":"category","embeddable":true,"href":"https:\/\/volponadvocacia.com.br\/index.php\/wp-json\/wp\/v2\/categories?post=3208"},{"taxonomy":"post_tag","embeddable":true,"href":"https:\/\/volponadvocacia.com.br\/index.php\/wp-json\/wp\/v2\/tags?post=3208"}],"curies":[{"name":"wp","href":"https:\/\/api.w.org\/{rel}","templated":true}]}}